{"id":439341,"date":"2022-02-15T14:25:22","date_gmt":"2022-02-15T11:25:22","guid":{"rendered":"http:\/\/arantv.az\/?p=439341"},"modified":"2022-02-15T14:25:22","modified_gmt":"2022-02-15T11:25:22","slug":"vuqar-r%c9%99himzad%c9%99-isgaldan-azad-edilmis-%c9%99razil%c9%99rimizd%c9%99-gorul%c9%99n-isl%c9%99r-dusunulmus-addimlarin-planli-s%c9%99kild%c9%99-h%c9%99yata-kecirilm%c9%99sin%c9%99-%c9%99saslanir","status":"publish","type":"post","link":"https:\/\/arantv.az\/?p=439341","title":{"rendered":"V\u00fcqar R\u0259himzad\u0259: \u0130\u015f\u011faldan azad edilmi\u015f \u0259razil\u0259rimizd\u0259 g\u00f6r\u00fcl\u0259n i\u015fl\u0259r d\u00fc\u015f\u00fcn\u00fclm\u00fc\u015f add\u0131mlar\u0131n planl\u0131 \u015f\u0259kild\u0259 h\u0259yata ke\u00e7irilm\u0259sin\u0259 \u0259saslan\u0131r"},"content":{"rendered":"<p>\u201cD\u00f6vl\u0259t ba\u015f\u00e7\u0131s\u0131, M\u00fcz\u0259ff\u0259r Ali Ba\u015f Komandan \u0130lham \u018fliyevin tarixi Z\u0259f\u0259rimizd\u0259n sonra i\u015f\u011faldan azad edilmi\u015f torpaqlar\u0131m\u0131za s\u0259f\u0259rl\u0259ri cari il \u00e7\u0259r\u00e7iv\u0259sind\u0259 d\u0259 u\u011furla davam edir. \u00d6t\u0259n il b\u00f6lg\u0259l\u0259r\u0259 edil\u0259n 47 s\u0259f\u0259rin 32-si i\u015f\u011faldan azad edilmi\u015f \u0259razil\u0259rimiz\u0259 \u00a0idi. H\u0259r s\u0259f\u0259r B\u00f6y\u00fck Qay\u0131d\u0131\u015f\u0131n daha da yax\u0131nla\u015fmas\u0131 dem\u0259kdir. S\u0259f\u0259r \u00e7\u0259r\u00e7iv\u0259sind\u0259\u00a0 a\u00e7\u0131l\u0131\u015f\u0131 olan, yaxud\u00a0 t\u0259m\u0259lqoyma m\u0259rasimi ke\u00e7iril\u0259n sosial obyektl\u0259rin say t\u0259rkibin\u0259 diqq\u0259t yetirs\u0259k\u00a0 xeyli i\u015fl\u0259rin g\u00f6r\u00fcld\u00fcy\u00fcn\u00fc b\u00f6y\u00fck \u0259minlikl\u0259 dey\u0259 bil\u0259rik. \u00a0T\u0259kc\u0259 fevral\u0131n 13-d\u0259 d\u00f6vl\u0259t ba\u015f\u00e7\u0131s\u0131 \u0130lham \u018fliyevin v\u0259 birinci xan\u0131m Mehriban \u018fliyevan\u0131n A\u011fdam rayonuna s\u0259f\u0259ri zaman\u0131 \u00a0a\u00e7\u0131l\u0131\u015f\u0131nda v\u0259 t\u0259m\u0259lqoyma m\u0259rasimind\u0259 i\u015ftirak etdiyi sosial obyektl\u0259rin\u00a0 say\u0131na v\u0259 mahiyy\u0259tin\u0259 diqq\u0259t yetir\u0259k. D\u00f6vl\u0259t ba\u015f\u00e7\u0131s\u0131 v\u0259 birinci xan\u0131m \u201cAz\u0259renerji\u201d A\u00e7\u0131q S\u0259hmdar C\u0259miyy\u0259tinin 110\/35\/10 kV-luq \u201cA\u011fdam-1\u201d v\u0259 \u201cA\u011fdam-2\u201d elektrik yar\u0131mstansiyalar\u0131n\u0131n, \u201cQaraba\u011f\u201d Regional Elektrik \u015e\u0259b\u0259k\u0259sinin R\u0259q\u0259msal \u0130dar\u0259etm\u0259 M\u0259rk\u0259zinin a\u00e7\u0131l\u0131\u015flar\u0131nda i\u015ftirak etdil\u0259r. Sonra Prezident \u0130lham \u018fliyev A\u011fdam S\u0259naye Park\u0131nda f\u0259aliyy\u0259t g\u00f6st\u0259r\u0259c\u0259k alternativ v\u0259 b\u0259rpa olunan enerji m\u0259nb\u0259l\u0259ri il\u0259 qidalanan i\u015f\u0131q dir\u0259kl\u0259rinin, dig\u0259r qur\u011fular\u0131n v\u0259 Xal\u00e7a istehsal\u0131 m\u00fc\u0259ssis\u0259l\u0259rinin, \u201cPark Forest Otel A\u011fdam\u201d mehmanxanas\u0131n\u0131n v\u0259 209 m\u0259nzild\u0259n ibar\u0259t yeni ya\u015fay\u0131\u015f kompleksinin t\u0259m\u0259ll\u0259rini qoydu. Daha sonra d\u00f6vl\u0259t ba\u015f\u00e7\u0131s\u0131 v\u0259 birinci xan\u0131m Heyd\u0259r \u018fliyev Fondu t\u0259r\u0259find\u0259n A\u011fdam C\u00fcm\u0259 m\u0259scidind\u0259 b\u0259rpa-restavrasiya i\u015fl\u0259rinin gedi\u015fi il\u0259 tan\u0131\u015f oldu v\u0259 buradan g\u00f6r\u00fcl\u0259n i\u015fl\u0259r bar\u0259d\u0259 fikirl\u0259rini v\u0259 mesajlar\u0131n\u0131 \u00e7atd\u0131rd\u0131. Prezidentin b\u00f6lg\u0259l\u0259r\u0259 s\u0259f\u0259ri zaman\u0131 h\u0259r bir \u00e7\u0131x\u0131\u015f\u0131,\u00a0 verdiyi m\u00fcsahib\u0259l\u0259r \u00fcmumilikd\u0259 \u00a0g\u00f6r\u00fcl\u0259n i\u015fl\u0259r fonunda g\u0259l\u0259c\u0259k bar\u0259d\u0259 ayd\u0131n t\u0259s\u0259vv\u00fcr yaratmaqla yana\u015f\u0131, i\u015f\u011fal\u00e7\u0131 Erm\u0259nistana \u00a0\u00a0\u00fcnvanlanan mesajlarla da z\u0259ngin olur.\u201d<\/p>\n<p><em><strong>Bu fikirl\u0259ri Yeni Az\u0259rbaycan Partiyas\u0131 (YAP) X\u0259tai rayon t\u0259\u015fkilat\u0131n\u0131n\u00a0s\u0259dri, siyasi elml\u0259r doktoru V\u00fcqar R\u0259himzad\u0259 K\u0130V-\u0259 a\u00e7\u0131qlamas\u0131nda bildirib.<\/strong><\/em><\/p>\n<p>V\u00fcqar R\u0259himzad\u0259 qeyd edib ki, Prezident \u0130lham \u018fliyev v\u0259 birinci xan\u0131m Mehriban \u018fliyeva Qaraba\u011f iqtisadi rayonuna daxil olan i\u015f\u011faldan azad edilmi\u015f \u0259razil\u0259rd\u0259 Az\u0259rbaycan Respublikas\u0131 Prezidentinin x\u00fcsusi n\u00fcmay\u0259nd\u0259liyinin q\u0259rargah\u0131nda yarad\u0131lan \u015f\u0259raitl\u0259 d\u0259 tan\u0131\u015f oldular, \u00a0Qaraba\u011f xanlar\u0131n\u0131n t\u00fcrb\u0259l\u0259ri v\u0259 ya\u015fay\u0131\u015f evi &#8211; \u0130mar\u0259t kompleksind\u0259 oldular: \u201cPrezident i\u015f\u011faldan azad edilmi\u015f \u0259razil\u0259rimizd\u0259\u00a0 t\u0259kmil idar\u0259\u00e7ilik sisteminin yarad\u0131lmas\u0131n\u0131, bu \u0259razil\u0259rin m\u00fcasir t\u0259l\u0259bl\u0259r s\u0259viyy\u0259sind\u0259 b\u0259rpas\u0131n\u0131 qar\u015f\u0131ya m\u00fch\u00fcm v\u0259zif\u0259 kimi qoyub. Bu \u0259razil\u0259rd\u0259\u00a0 Prezidentin x\u00fcsusi n\u00fcmay\u0259nd\u0259liyinin f\u0259aliyy\u0259t g\u00f6st\u0259rm\u0259si d\u0259\u00a0 i\u015fin s\u0259m\u0259r\u0259liliyinin v\u0259 keyfiyy\u0259tinin art\u0131r\u0131lmas\u0131nda \u0259h\u0259miyy\u0259tli rol oynay\u0131r.\u00a0 \u015e\u0259h\u0259rl\u0259rin Ba\u015f planlar\u0131 haz\u0131rlan\u0131r \u00a0v\u0259 ictimaiyy\u0259tin m\u00fczakir\u0259sin\u0259 verilir. A\u011fdam\u0131n Ba\u015f plan\u0131\u00a0 g\u0259l\u0259c\u0259k bar\u0259d\u0259 ayd\u0131n t\u0259s\u0259vv\u00fcr yarad\u0131r. Bu bax\u0131mdan ki, h\u0259min Ba\u015f planda \u015f\u0259h\u0259rin \u0259vv\u0259lki simas\u0131n\u0131 \u00f6z\u00fcn\u0259 qaytarmaq \u00fc\u00e7\u00fcn m\u00fcasirlikl\u0259 q\u0259dimliyin sintezinin yarad\u0131lmas\u0131na x\u00fcsusi diqq\u0259t yetirilib.\u00a0 A\u011fdam\u0131n\u00a0 yol infrastrukturu yenil\u0259nib, t\u0259kmill\u0259\u015fib.\u00a0 \u0130\u015f\u011faldan azad edilmi\u015f \u0259razil\u0259rin malik oldu\u011fu potensial imkanlardan s\u0259m\u0259r\u0259li istifad\u0259 etm\u0259k \u00fc\u00e7\u00fcn\u00a0 z\u0259ruri add\u0131mlar at\u0131l\u0131r. D\u00f6vl\u0259t ba\u015f\u00e7\u0131s\u0131 \u0130lham \u018fliyev\u00a0 A\u011fdam \u00a0C\u00fcm\u0259 M\u0259scidinin qar\u015f\u0131s\u0131ndan bu \u00e7a\u011f\u0131r\u0131\u015f\u0131 etdi ki,\u00a0 Az\u0259rbaycan investorlar\u0131 i\u015f\u011faldan azad edilmi\u015f \u00a0\u00a0\u0259razil\u0259rimiz\u0259 g\u0259lin,\u00a0 yeni m\u00fc\u0259ssis\u0259l\u0259rin, i\u015f yerl\u0259rinin yarad\u0131lmas\u0131nda f\u0259al i\u015ftirak edin. Bu yolla h\u0259min \u0259razil\u0259rin canland\u0131r\u0131lmas\u0131 m\u00fcmk\u00fcnd\u00fcr.\u00a0 Bu fikir d\u0259 x\u00fcsusi vur\u011fulan\u0131r ki, \u00f6lk\u0259mizd\u0259\u00a0 sahibkarl\u0131\u011f\u0131n inki\u015faf\u0131 \u00fc\u00e7\u00fcn \u0259lveri\u015fli biznes m\u00fchiti m\u00f6vcuddur. Sahibkarlar bu imkanlardan istifad\u0259 etm\u0259kl\u0259 Az\u0259rbaycan\u0131n dayan\u0131ql\u0131 inki\u015faf\u0131na \u00f6z t\u00f6hf\u0259l\u0259rini ver\u0259 bil\u0259rl\u0259r.\u201d<\/p>\n<p>V\u00fcqar R\u0259himzad\u0259 diqq\u0259ti d\u00f6vl\u0259t ba\u015f\u00e7\u0131s\u0131 \u0130lham \u018fliyevin \u00f6t\u0259n il A\u011fdama s\u0259f\u0259ri zaman\u0131 A\u011fdam S\u0259naye Park\u0131n\u0131n, bud\u0259f\u0259ki \u00a0s\u0259f\u0259ri zaman\u0131 is\u0259 bu kompleksd\u0259 iki m\u00fc\u0259ssis\u0259nin t\u0259m\u0259linin qoyulmas\u0131na \u00a0y\u00f6n\u0259ld\u0259r\u0259k \u00a0bildirib ki,\u00a0 \u00f6lk\u0259mizd\u0259 qeyri-neft sektorunun inki\u015faf\u0131 h\u0259yata ke\u00e7iril\u0259n iqtisadi siyas\u0259tin t\u0259rkib hiss\u0259sidir: \u201cYeni d\u00f6vr\u00fcn iqtisadi inki\u015faf t\u0259l\u0259bl\u0259ri il\u0259 uzla\u015fan m\u00fct\u0259r\u0259qqi mexanizml\u0259rin t\u0259tbiqi &#8211; s\u0259naye parklar\u0131n\u0131n\u00a0 v\u0259 m\u0259h\u0259ll\u0259l\u0259rinin\u00a0 yarad\u0131lmas\u0131 da\u00a0 x\u00fcsusi \u00f6n\u0259m k\u0259sb edir. S\u0259naye zonalar\u0131 sahibkarl\u0131q f\u0259aliyy\u0259tinin geni\u015fl\u0259ndirilm\u0259sind\u0259, biznesin innovativliyinin v\u0259 s\u0259m\u0259r\u0259liliyinin art\u0131r\u0131lmas\u0131nda, y\u00fcks\u0259k texnologiyalara \u0259saslanan r\u0259qab\u0259tqabiliyy\u0259tli m\u0259hsul istehsal\u0131nda,\u00a0 qeyri-neft sektorunun inki\u015faf\u0131nda v\u0259 \u0259halinin m\u0259\u015f\u011fulluq s\u0259viyy\u0259sinin y\u00fcks\u0259ldilm\u0259sind\u0259 m\u00fch\u00fcm amil\u0259 \u00e7evrilir. Yax\u0131n g\u0259l\u0259c\u0259kd\u0259 A\u011fdam S\u0259naye Park\u0131nda onlarla m\u00fc\u0259ssis\u0259nin i\u015f\u0259 ba\u015flayaca\u011f\u0131 bildirilir. \u0130\u015f\u011faldan azad edilmi\u015f \u0259razil\u0259rin\u00a0 qaz, su, elektrik enerjisi il\u0259 ba\u011fl\u0131 t\u0259l\u0259batlar\u0131 tam \u00f6d\u0259nil\u0259c\u0259k. A\u011fdamda a\u00e7\u0131l\u0131\u015f\u0131 olan iki yar\u0131mstansiyan\u0131 n\u0259z\u0259r\u0259 alsaq \u00a0haz\u0131rda\u00a0 azad edilmi\u015f torpaqlarda yar\u0131mstansiyalar\u0131n say\u0131 9-a \u00e7at\u0131b. \u201cA\u011fdam-1\u201d v\u0259 \u201cA\u011fdam-2\u201d yar\u0131mstansiyalar\u0131n\u0131n f\u0259aliyy\u0259ti n\u0259tic\u0259sind\u0259 b\u00fct\u00fcn rayon elektrik enerjisi il\u0259 dayan\u0131ql\u0131 \u015f\u0259kild\u0259 t\u0259min edil\u0259c\u0259k.\u201d<\/p>\n<p>YAP X\u0259tai rayon t\u0259\u015fkilat\u0131n\u0131n s\u0259dri g\u00f6r\u00fcl\u0259n i\u015fl\u0259rin fonunda bildirib ki, tarixi Z\u0259f\u0259r\u0259 imza atd\u0131\u011f\u0131m\u0131z ilk g\u00fcnd\u0259n \u00a0vaxt itirm\u0259d\u0259n b\u0259rpa v\u0259 quruculuq i\u015fl\u0259rin\u0259 start verilib v\u0259 n\u0259tic\u0259l\u0259r g\u00f6z \u00f6n\u00fcnd\u0259dir: \u201cB\u00fct\u00fcn maliyy\u0259 v\u0259 texniki imkanlar\u0131m\u0131z, kadr potensial\u0131m\u0131z s\u0259f\u0259rb\u0259r edildi. Az\u0259rbaycan bu \u0259razil\u0259rd\u0259 i\u015fl\u0259ri s\u0131f\u0131rdan ba\u015flayaraq\u00a0 \u00f6z maliyy\u0259 imkanlar\u0131 hesab\u0131na h\u0259yata ke\u00e7irir. D\u00f6vl\u0259t ba\u015f\u00e7\u0131s\u0131 \u0130lham \u018fliyev ilk g\u00fcnd\u0259n bildirdi ki, 44 g\u00fcn\u00fck \u0130kinci Qaraba\u011f m\u00fcharib\u0259sind\u0259 birliyimiz, h\u0259mr\u0259yliyimiz say\u0259sind\u0259 nec\u0259 30 ilin i\u015f\u011fal\u0131na son qoyub torpaqlar\u0131m\u0131z\u0131 azad etdik, q\u0131sa m\u00fcdd\u0259td\u0259 d\u0259\u00a0 bu \u0259razil\u0259rd\u0259 b\u0259rpa v\u0259 quruculuq i\u015fl\u0259rini ba\u015fa \u00e7atd\u0131r\u0131b soyda\u015flar\u0131m\u0131z\u0131n B\u00f6y\u00fck Qay\u0131d\u0131\u015f\u0131na nail olaca\u011f\u0131q. B\u00fct\u00fcn i\u015fl\u0259rin t\u0259m\u0259lind\u0259 \u00a0d\u00fc\u015f\u00fcn\u00fclm\u00fc\u015f add\u0131mlar v\u0259 onlar\u0131n \u00a0planl\u0131 \u00a0\u015f\u0259kild\u0259 h\u0259yata ke\u00e7irilm\u0259si dayan\u0131r.\u201d<\/p>\n<p>V\u00fcqar R\u0259himzad\u0259 quruculuq i\u015fl\u0259ri\u00a0 \u00e7\u0259r\u00e7iv\u0259sind\u0259 tarixi v\u0259 dini abid\u0259l\u0259rimizin \u00a0\u00a0\u00a0b\u0259rpas\u0131n\u0131n prioritetliyini \u00a0\u00f6n\u0259 \u00e7\u0259k\u0259r\u0259k Heyd\u0259r \u018fliyev Fondunun imkanlar\u0131 hesab\u0131na bu istiqam\u0259td\u0259 g\u00f6rd\u00fcy\u00fc i\u015fl\u0259rd\u0259n b\u0259hs edib: \u201cAzad edilmi\u015f torpaqlarda haz\u0131rda 8 m\u0259scidin \u0259sasl\u0131 t\u0259miri, b\u0259rpas\u0131 v\u0259 tikintisi n\u0259z\u0259rd\u0259 tutulub.\u00a0 A\u011fdam C\u00fcm\u0259 m\u0259scidi, \u015eu\u015fada Yuxar\u0131 G\u00f6vh\u0259ra\u011fa, A\u015fa\u011f\u0131 G\u00f6vh\u0259ra\u011fa, Saatl\u0131 m\u0259scidl\u0259ri \u0259sasl\u0131 t\u0259mir edilir. \u015eu\u015fa \u015f\u0259h\u0259rind\u0259 yeni m\u0259scidin in\u015fas\u0131na start verilib. Z\u0259ngilan \u015f\u0259h\u0259rind\u0259, Hadrutda v\u0259 Da\u015falt\u0131da m\u0259scidl\u0259rin yenid\u0259n qurulmas\u0131 v\u0259 tikintisi prosesi ba\u015flam\u0131\u015fd\u0131r. Bu, f\u0259aliyy\u0259tind\u0259 milli irsimizin qorunmas\u0131na v\u0259 inki\u015faf\u0131na x\u00fcsusi diqq\u0259t yetir\u0259n \u00a0Heyd\u0259r \u018fliyev Fondunun Az\u0259rbaycan\u0131n milli-m\u0259n\u0259vi d\u0259y\u0259rl\u0259rinin qorunmas\u0131na n\u00f6vb\u0259ti t\u00f6hf\u0259sidir.\u201d<\/p>\n<p>B\u00f6y\u00fck Qay\u0131d\u0131\u015f\u0131n yax\u0131nla\u015fd\u0131\u011f\u0131n\u0131 bildir\u0259n YAP X\u0259tai rayon t\u0259\u015fkilat\u0131n\u0131n s\u0259dri art\u0131q A\u011fdama v\u0259 \u015eu\u015faya avtobus mar\u015frutlar\u0131n\u0131n \u00a0t\u0259\u015fkil edilm\u0259sind\u0259n dan\u0131\u015faraq bildirib ki, h\u0259r bir Az\u0259rbaycan v\u0259t\u0259nda\u015f\u0131 bu torpaqlar\u0131 g\u00f6rm\u0259k imkan\u0131\u00a0 \u0259ld\u0259 edir: \u201cBel\u0259 s\u0259f\u0259rl\u0259rin\u00a0 t\u0259bli\u011fat\u00a0\u00a0 bax\u0131m\u0131ndan da \u0259h\u0259miyy\u0259ti b\u00f6y\u00fckd\u00fcr. H\u0259r da\u015f\u0131, qayas\u0131, k\u00fc\u00e7\u0259si \u00a0erm\u0259ni v\u0259h\u015filikl\u0259rinin \u015fahidi olan bu torpaqlar\u0131m\u0131zda\u00a0 t\u00f6r\u0259dil\u0259n vandalizm aktlar\u0131n\u0131\u00a0 g\u00f6r\u0259n h\u0259r k\u0259s Az\u0259rbaycan\u0131n ill\u0259rdir nec\u0259 v\u0259h\u015fi il\u0259 \u00fcz-\u00fcz\u0259 dayand\u0131\u011f\u0131n\u0131n \u015fahidi olur.\u00a0 Erm\u0259nil\u0259r\u00a0 m\u0259scidl\u0259rimizd\u0259 donuz saxlamaqla t\u0259kc\u0259 Az\u0259rbaycan xalq\u0131n\u0131 deyil, b\u00fct\u00fcn m\u00fcs\u0259lman al\u0259mini t\u0259hqir edibl\u0259r. Amma bu kimi m\u0259s\u0259l\u0259l\u0259r g\u00fcnd\u0259m\u0259 g\u0259tiril\u0259nd\u0259 d\u00fcnya yen\u0259 d\u0259 susma\u011f\u0131nda davam edir.\u00a0 44 g\u00fcnd\u0259\u00a0 d\u00fcnyaya \u0259dal\u0259t v\u0259 beyn\u0259lxalq h\u00fcquq m\u0259fhumlar\u0131n\u0131n m\u00f6vcudlu\u011funu q\u0259bul \u00a0etdir\u0259n \u00a0Az\u0259rbaycan\u00a0\u00a0 bu prinsipl\u0259r\u0259 s\u00f6yk\u0259n\u0259r\u0259k erm\u0259nil\u0259rin indiy\u0259d\u0259k \u00a0t\u00f6r\u0259tdikl\u0259ri cinay\u0259tl\u0259rin \u00a0\u00f6z layiqli c\u0259zas\u0131n\u0131 alaca\u011f\u0131na nail olacaq. D\u00f6vl\u0259t ba\u015f\u00e7\u0131s\u0131, M\u00fcz\u0259ff\u0259r Ali Ba\u015f Komandan \u00a0\u0130lham \u018fliyevin Erm\u0259nistanla Az\u0259rbaycan aras\u0131nda beyn\u0259lxalq h\u00fcququn norma v\u0259 prinsipl\u0259ri \u0259sas\u0131nda qar\u015f\u0131l\u0131ql\u0131 sur\u0259td\u0259 \u00f6lk\u0259l\u0259rin \u0259razi b\u00fct\u00f6vl\u00fcy\u00fcn\u00fc tan\u0131maq \u015f\u0259rtil\u0259\u00a0 s\u00fclh m\u00fcqavil\u0259sinin \u00a0imzalanmas\u0131n\u0131n t\u0259klif olunmas\u0131 il\u0259 yana\u015f\u0131, \u201cAncaq he\u00e7 vaxt Az\u0259rbaycan xalq\u0131 bu v\u0259h\u015filiyi unutmamal\u0131d\u0131r\u201d \u00e7a\u011f\u0131r\u0131\u015f\u0131 da \u00f6z\u00fcnd\u0259 bu \u0259minliyi ehtiva edir.\u201d<\/p>\n","protected":false},"excerpt":{"rendered":"<p>\u201cD\u00f6vl\u0259t ba\u015f\u00e7\u0131s\u0131, M\u00fcz\u0259ff\u0259r Ali Ba\u015f Komandan \u0130lham \u018fliyevin tarixi Z\u0259f\u0259rimizd\u0259n sonra i\u015f\u011faldan azad edilmi\u015f torpaqlar\u0131m\u0131za s\u0259f\u0259rl\u0259ri cari il \u00e7\u0259r\u00e7iv\u0259sind\u0259 d\u0259 u\u011furla davam edir. \u00d6t\u0259n il b\u00f6lg\u0259l\u0259r\u0259 edil\u0259n 47 s\u0259f\u0259rin 32-si i\u015f\u011faldan azad edilmi\u015f \u0259razil\u0259rimiz\u0259 \u00a0idi. H\u0259r s\u0259f\u0259r B\u00f6y\u00fck Qay\u0131d\u0131\u015f\u0131n daha da yax\u0131nla\u015fmas\u0131 dem\u0259kdir. S\u0259f\u0259r \u00e7\u0259r\u00e7iv\u0259sind\u0259\u00a0 a\u00e7\u0131l\u0131\u015f\u0131 olan, yaxud\u00a0 t\u0259m\u0259lqoyma m\u0259rasimi ke\u00e7iril\u0259n sosial obyektl\u0259rin say t\u0259rkibin\u0259 diqq\u0259t yetirs\u0259k\u00a0 xeyli i\u015fl\u0259rin g\u00f6r\u00fcld\u00fcy\u00fcn\u00fc b\u00f6y\u00fck \u0259minlikl\u0259 dey\u0259 bil\u0259rik. \u00a0T\u0259kc\u0259 fevral\u0131n 13-d\u0259 d\u00f6vl\u0259t ba\u015f\u00e7\u0131s\u0131 \u0130lham \u018fliyevin v\u0259 birinci xan\u0131m Mehriban \u018fliyevan\u0131n A\u011fdam rayonuna s\u0259f\u0259ri zaman\u0131 \u00a0a\u00e7\u0131l\u0131\u015f\u0131nda v\u0259 t\u0259m\u0259lqoyma m\u0259rasimind\u0259 i\u015ftirak etdiyi sosial obyektl\u0259rin\u00a0 say\u0131na v\u0259&hellip;<\/p>\n","protected":false},"author":2,"featured_media":439342,"comment_status":"closed","ping_status":"closed","sticky":false,"template":"","format":"standard","meta":{"om_disable_all_campaigns":false,"_monsterinsights_skip_tracking":false,"_monsterinsights_sitenote_active":false,"_monsterinsights_sitenote_note":"","_monsterinsights_sitenote_category":0},"categories":[4],"tags":[],"aioseo_notices":[],"gutentor_comment":0,"rttpg_featured_image_url":{"full":["https:\/\/arantv.az\/wp-content\/uploads\/2022\/02\/bdb6920a159178118174866699910063716-1.jpg",975,540,false],"landscape":["https:\/\/arantv.az\/wp-content\/uploads\/2022\/02\/bdb6920a159178118174866699910063716-1.jpg",975,540,false],"portraits":["https:\/\/arantv.az\/wp-content\/uploads\/2022\/02\/bdb6920a159178118174866699910063716-1.jpg",975,540,false],"thumbnail":["https:\/\/arantv.az\/wp-content\/uploads\/2022\/02\/bdb6920a159178118174866699910063716-1-500x280.jpg",500,280,true],"medium":["https:\/\/arantv.az\/wp-content\/uploads\/2022\/02\/bdb6920a159178118174866699910063716-1-660x365.jpg",660,365,true],"large":["https:\/\/arantv.az\/wp-content\/uploads\/2022\/02\/bdb6920a159178118174866699910063716-1-840x465.jpg",640,354,true],"1536x1536":["https:\/\/arantv.az\/wp-content\/uploads\/2022\/02\/bdb6920a159178118174866699910063716-1.jpg",975,540,false],"2048x2048":["https:\/\/arantv.az\/wp-content\/uploads\/2022\/02\/bdb6920a159178118174866699910063716-1.jpg",975,540,false],"post-thumbnail":["https:\/\/arantv.az\/wp-content\/uploads\/2022\/02\/bdb6920a159178118174866699910063716-1-240x172.jpg",240,172,true],"advps-thumb-one":["https:\/\/arantv.az\/wp-content\/uploads\/2022\/02\/bdb6920a159178118174866699910063716-1.jpg",975,540,false]},"rttpg_author":{"display_name":"V\u00fcsal Rafiqo\u011flu","author_link":"https:\/\/arantv.az\/?author=2"},"rttpg_comment":0,"rttpg_category":"<a href=\"https:\/\/arantv.az\/?cat=4\" rel=\"category\">Siyas\u0259t<\/a>","rttpg_excerpt":"\u201cD\u00f6vl\u0259t ba\u015f\u00e7\u0131s\u0131, M\u00fcz\u0259ff\u0259r Ali Ba\u015f Komandan \u0130lham \u018fliyevin tarixi Z\u0259f\u0259rimizd\u0259n sonra i\u015f\u011faldan azad edilmi\u015f torpaqlar\u0131m\u0131za s\u0259f\u0259rl\u0259ri cari il \u00e7\u0259r\u00e7iv\u0259sind\u0259 d\u0259 u\u011furla davam edir. \u00d6t\u0259n il b\u00f6lg\u0259l\u0259r\u0259 edil\u0259n 47 s\u0259f\u0259rin 32-si i\u015f\u011faldan azad edilmi\u015f \u0259razil\u0259rimiz\u0259 \u00a0idi. H\u0259r s\u0259f\u0259r B\u00f6y\u00fck Qay\u0131d\u0131\u015f\u0131n daha da yax\u0131nla\u015fmas\u0131 dem\u0259kdir. S\u0259f\u0259r \u00e7\u0259r\u00e7iv\u0259sind\u0259\u00a0 a\u00e7\u0131l\u0131\u015f\u0131 olan, yaxud\u00a0 t\u0259m\u0259lqoyma m\u0259rasimi ke\u00e7iril\u0259n sosial obyektl\u0259rin say t\u0259rkibin\u0259&hellip;","_links":{"self":[{"href":"https:\/\/arantv.az\/index.php?rest_route=\/wp\/v2\/posts\/439341"}],"collection":[{"href":"https:\/\/arantv.az\/index.php?rest_route=\/wp\/v2\/posts"}],"about":[{"href":"https:\/\/arantv.az\/index.php?rest_route=\/wp\/v2\/types\/post"}],"author":[{"embeddable":true,"href":"https:\/\/arantv.az\/index.php?rest_route=\/wp\/v2\/users\/2"}],"replies":[{"embeddable":true,"href":"https:\/\/arantv.az\/index.php?rest_route=%2Fwp%2Fv2%2Fcomments&post=439341"}],"version-history":[{"count":0,"href":"https:\/\/arantv.az\/index.php?rest_route=\/wp\/v2\/posts\/439341\/revisions"}],"wp:featuredmedia":[{"embeddable":true,"href":"https:\/\/arantv.az\/index.php?rest_route=\/wp\/v2\/media\/439342"}],"wp:attachment":[{"href":"https:\/\/arantv.az\/index.php?rest_route=%2Fwp%2Fv2%2Fmedia&parent=439341"}],"wp:term":[{"taxonomy":"category","embeddable":true,"href":"https:\/\/arantv.az\/index.php?rest_route=%2Fwp%2Fv2%2Fcategories&post=439341"},{"taxonomy":"post_tag","embeddable":true,"href":"https:\/\/arantv.az\/index.php?rest_route=%2Fwp%2Fv2%2Ftags&post=439341"}],"curies":[{"name":"wp","href":"https:\/\/api.w.org\/{rel}","templated":true}]}}