{"id":439350,"date":"2022-02-15T14:27:30","date_gmt":"2022-02-15T11:27:30","guid":{"rendered":"http:\/\/arantv.az\/?p=439350"},"modified":"2022-02-15T14:27:30","modified_gmt":"2022-02-15T11:27:30","slug":"ukrayna-il%c9%99-rusiyanin-s%c9%99rh%c9%99dind%c9%99ki-son-k%c9%99ndd%c9%99n-reportaj-video","status":"publish","type":"post","link":"https:\/\/arantv.az\/?p=439350","title":{"rendered":"Ukrayna il\u0259 Rusiyan\u0131n s\u0259rh\u0259dind\u0259ki son k\u0259ndd\u0259n reportaj &#8211; V\u0130DEO"},"content":{"rendered":"<article class=\"news\">\n<div class=\"news-inner\">\n<p>Son vaxtlar Rusiyan\u0131n Ukrayna il\u0259 m\u00fcmk\u00fcn m\u00fcharib\u0259 t\u0259hl\u00fck\u0259si il\u0259 ba\u011fl\u0131 informasiyalar\u00a0daha da \u00e7oxal\u0131b. X\u00fcsusil\u0259 fevral\u0131n 14-\u00fc v\u0259 15-i \u00fc\u00e7\u00fcn proqnozla\u015fd\u0131r\u0131lan m\u00fcharib\u0259 ehtimal\u0131 n\u0259inki iki \u00f6lk\u0259d\u0259, h\u0259tta b\u00fct\u00fcn regionda ciddi narahatl\u0131\u011fa s\u0259b\u0259b olub. Art\u0131q onlarla \u00f6lk\u0259 v\u0259t\u0259nda\u015flar\u0131n\u0131 v\u0259 diplomatlar\u0131n\u0131 Ukraynadan \u00e7\u0131xar\u0131b. B\u00fct\u00fcn bu x\u0259b\u0259rl\u0259r insanlar\u0131 bu g\u00fcnl\u0259rd\u0259 m\u00fcharib\u0259nin olaca\u011f\u0131 t\u0259la\u015f\u0131na s\u00fcr\u00fckl\u0259yir.<\/p>\n<p>Baku TV-nin \u015e\u0259rqi Avropa b\u00fcrosunun \u0259m\u0259kda\u015f\u0131 haz\u0131rda Ukraynan\u0131n Xarkov vilay\u0259ti istiqam\u0259tind\u0259, Rusiya il\u0259 s\u0259rh\u0259dd\u0259ki son rayon \u2212 Derqa\u00e7ovskinin k\u0259ndl\u0259rind\u0259 olub. Derqa\u00e7ovski sakinl\u0259ri aras\u0131nda ke\u00e7iril\u0259n sor\u011fuda \u0259hali m\u00fcharib\u0259nin olmayaca\u011f\u0131na inand\u0131\u011f\u0131n\u0131 deyib.<\/p>\n<p>\u018ftrafl\u0131 s\u00fcjeti t\u0259qdim edirik:<\/p>\n<div><iframe loading=\"lazy\" title=\"YouTube video player\" src=\"https:\/\/www.youtube.com\/embed\/euVRUYSggJY\" width=\"560\" height=\"315\" frameborder=\"0\" allowfullscreen=\"allowfullscreen\" data-mce-fragment=\"1\"><\/iframe><\/div>\n<\/div>\n<\/article>\n","protected":false},"excerpt":{"rendered":"<p>Son vaxtlar Rusiyan\u0131n Ukrayna il\u0259 m\u00fcmk\u00fcn m\u00fcharib\u0259 t\u0259hl\u00fck\u0259si il\u0259 ba\u011fl\u0131 informasiyalar\u00a0daha da \u00e7oxal\u0131b. X\u00fcsusil\u0259 fevral\u0131n 14-\u00fc v\u0259 15-i \u00fc\u00e7\u00fcn proqnozla\u015fd\u0131r\u0131lan m\u00fcharib\u0259 ehtimal\u0131 n\u0259inki iki \u00f6lk\u0259d\u0259, h\u0259tta b\u00fct\u00fcn regionda ciddi narahatl\u0131\u011fa s\u0259b\u0259b olub. Art\u0131q onlarla \u00f6lk\u0259 v\u0259t\u0259nda\u015flar\u0131n\u0131 v\u0259 diplomatlar\u0131n\u0131 Ukraynadan \u00e7\u0131xar\u0131b. B\u00fct\u00fcn bu x\u0259b\u0259rl\u0259r insanlar\u0131 bu g\u00fcnl\u0259rd\u0259 m\u00fcharib\u0259nin olaca\u011f\u0131 t\u0259la\u015f\u0131na s\u00fcr\u00fckl\u0259yir. Baku TV-nin \u015e\u0259rqi Avropa b\u00fcrosunun \u0259m\u0259kda\u015f\u0131 haz\u0131rda Ukraynan\u0131n Xarkov vilay\u0259ti istiqam\u0259tind\u0259, Rusiya il\u0259 s\u0259rh\u0259dd\u0259ki son rayon \u2212 Derqa\u00e7ovskinin k\u0259ndl\u0259rind\u0259 olub. Derqa\u00e7ovski sakinl\u0259ri aras\u0131nda ke\u00e7iril\u0259n sor\u011fuda \u0259hali m\u00fcharib\u0259nin olmayaca\u011f\u0131na inand\u0131\u011f\u0131n\u0131 deyib. \u018ftrafl\u0131 s\u00fcjeti t\u0259qdim edirik:<\/p>\n","protected":false},"author":2,"featured_media":439351,"comment_status":"closed","ping_status":"closed","sticky":false,"template":"","format":"standard","meta":{"om_disable_all_campaigns":false,"_monsterinsights_skip_tracking":false,"_monsterinsights_sitenote_active":false,"_monsterinsights_sitenote_note":"","_monsterinsights_sitenote_category":0},"categories":[7],"tags":[],"aioseo_notices":[],"gutentor_comment":0,"rttpg_featured_image_url":{"full":["https:\/\/arantv.az\/wp-content\/uploads\/2022\/02\/FotoJet-59.jpg",620,415,false],"landscape":["https:\/\/arantv.az\/wp-content\/uploads\/2022\/02\/FotoJet-59.jpg",620,415,false],"portraits":["https:\/\/arantv.az\/wp-content\/uploads\/2022\/02\/FotoJet-59.jpg",620,415,false],"thumbnail":["https:\/\/arantv.az\/wp-content\/uploads\/2022\/02\/FotoJet-59-500x280.jpg",500,280,true],"medium":["https:\/\/arantv.az\/wp-content\/uploads\/2022\/02\/FotoJet-59-545x365.jpg",545,365,true],"large":["https:\/\/arantv.az\/wp-content\/uploads\/2022\/02\/FotoJet-59.jpg",620,415,false],"1536x1536":["https:\/\/arantv.az\/wp-content\/uploads\/2022\/02\/FotoJet-59.jpg",620,415,false],"2048x2048":["https:\/\/arantv.az\/wp-content\/uploads\/2022\/02\/FotoJet-59.jpg",620,415,false],"post-thumbnail":["https:\/\/arantv.az\/wp-content\/uploads\/2022\/02\/FotoJet-59-240x172.jpg",240,172,true],"advps-thumb-one":["https:\/\/arantv.az\/wp-content\/uploads\/2022\/02\/FotoJet-59.jpg",620,415,false]},"rttpg_author":{"display_name":"V\u00fcsal Rafiqo\u011flu","author_link":"https:\/\/arantv.az\/?author=2"},"rttpg_comment":0,"rttpg_category":"<a href=\"https:\/\/arantv.az\/?cat=7\" rel=\"category\">D\u00fcnya<\/a>","rttpg_excerpt":"Son vaxtlar Rusiyan\u0131n Ukrayna il\u0259 m\u00fcmk\u00fcn m\u00fcharib\u0259 t\u0259hl\u00fck\u0259si il\u0259 ba\u011fl\u0131 informasiyalar\u00a0daha da \u00e7oxal\u0131b. X\u00fcsusil\u0259 fevral\u0131n 14-\u00fc v\u0259 15-i \u00fc\u00e7\u00fcn proqnozla\u015fd\u0131r\u0131lan m\u00fcharib\u0259 ehtimal\u0131 n\u0259inki iki \u00f6lk\u0259d\u0259, h\u0259tta b\u00fct\u00fcn regionda ciddi narahatl\u0131\u011fa s\u0259b\u0259b olub. Art\u0131q onlarla \u00f6lk\u0259 v\u0259t\u0259nda\u015flar\u0131n\u0131 v\u0259 diplomatlar\u0131n\u0131 Ukraynadan \u00e7\u0131xar\u0131b. B\u00fct\u00fcn bu x\u0259b\u0259rl\u0259r insanlar\u0131 bu g\u00fcnl\u0259rd\u0259 m\u00fcharib\u0259nin olaca\u011f\u0131 t\u0259la\u015f\u0131na s\u00fcr\u00fckl\u0259yir. Baku TV-nin \u015e\u0259rqi Avropa b\u00fcrosunun&hellip;","_links":{"self":[{"href":"https:\/\/arantv.az\/index.php?rest_route=\/wp\/v2\/posts\/439350"}],"collection":[{"href":"https:\/\/arantv.az\/index.php?rest_route=\/wp\/v2\/posts"}],"about":[{"href":"https:\/\/arantv.az\/index.php?rest_route=\/wp\/v2\/types\/post"}],"author":[{"embeddable":true,"href":"https:\/\/arantv.az\/index.php?rest_route=\/wp\/v2\/users\/2"}],"replies":[{"embeddable":true,"href":"https:\/\/arantv.az\/index.php?rest_route=%2Fwp%2Fv2%2Fcomments&post=439350"}],"version-history":[{"count":0,"href":"https:\/\/arantv.az\/index.php?rest_route=\/wp\/v2\/posts\/439350\/revisions"}],"wp:featuredmedia":[{"embeddable":true,"href":"https:\/\/arantv.az\/index.php?rest_route=\/wp\/v2\/media\/439351"}],"wp:attachment":[{"href":"https:\/\/arantv.az\/index.php?rest_route=%2Fwp%2Fv2%2Fmedia&parent=439350"}],"wp:term":[{"taxonomy":"category","embeddable":true,"href":"https:\/\/arantv.az\/index.php?rest_route=%2Fwp%2Fv2%2Fcategories&post=439350"},{"taxonomy":"post_tag","embeddable":true,"href":"https:\/\/arantv.az\/index.php?rest_route=%2Fwp%2Fv2%2Ftags&post=439350"}],"curies":[{"name":"wp","href":"https:\/\/api.w.org\/{rel}","templated":true}]}}