{"id":439361,"date":"2022-02-15T14:50:05","date_gmt":"2022-02-15T11:50:05","guid":{"rendered":"http:\/\/arantv.az\/?p=439361"},"modified":"2022-02-15T14:50:05","modified_gmt":"2022-02-15T11:50:05","slug":"agalar-v%c9%99liyev-agdam-tezlikl%c9%99-regionun-%c9%99n-goz%c9%99l-v%c9%99-muasir-s%c9%99h%c9%99rl%c9%99rind%c9%99n-birin%c9%99-cevril%c9%99c%c9%99k","status":"publish","type":"post","link":"https:\/\/arantv.az\/?p=439361","title":{"rendered":"A\u011falar V\u0259liyev: A\u011fdam tezlikl\u0259 regionun \u0259n g\u00f6z\u0259l v\u0259 m\u00fcasir \u015f\u0259h\u0259rl\u0259rind\u0259n birin\u0259 \u00e7evril\u0259c\u0259k"},"content":{"rendered":"<p>Az\u0259rbaycan Respublikas\u0131n\u0131n Prezidenti \u0130lham \u018fliyevin fevral\u0131n 13-d\u0259 A\u011fdam rayonuna s\u0259f\u0259ri zaman\u0131 bir s\u0131ra obyektl\u0259rin t\u0259m\u0259linin qoyulmas\u0131, b\u0259zil\u0259rinin a\u00e7\u0131l\u0131\u015flar\u0131n\u0131n edilm\u0259si A\u011fdam rayonunun b\u0259rpas\u0131 il\u0259 ba\u011fl\u0131 kompleks t\u0259dbirl\u0259rin g\u00f6r\u00fclm\u0259sinin \u0259yani t\u0259zah\u00fcr\u00fcd\u00fcr. Rayonda apar\u0131lan b\u0259rpa v\u0259 quruculuq i\u015fl\u0259ri A\u011fdam\u0131n tezlikl\u0259 n\u0259inki Az\u0259rbaycan\u0131n, h\u0259m\u00e7inin regionun \u0259n g\u00f6z\u0259l v\u0259 m\u00fcasir \u015f\u0259h\u0259rl\u0259rind\u0259n birin\u0259 \u00e7evril\u0259c\u0259yini dem\u0259y\u0259 \u0259sas verir. \u018fminik ki, q\u0131sa m\u00fcdd\u0259t \u0259rzind\u0259 g\u00f6r\u00fclm\u00fc\u015f m\u00fch\u00fcm i\u015fl\u0259r yax\u0131n g\u0259l\u0259c\u0259kd\u0259 konkret n\u0259tic\u0259l\u0259r\u0259 g\u0259tirib \u00e7\u0131xaracaq.<\/p>\n<p><em><strong>Bu fikirl\u0259ri \u201c\u0130ki sahil\u201d\u0259 a\u00e7\u0131qlamas\u0131nda Milli M\u0259clisin deputat\u0131 A\u011falar V\u0259liyev s\u00f6yl\u0259yib.<\/strong><\/em><\/p>\n<p>Deputat bildirib ki, A\u011fdamdak\u0131 s\u0259naye park\u0131n\u0131n ilk rezidentl\u0259ri t\u0259r\u0259find\u0259n yax\u0131n g\u0259l\u0259c\u0259kd\u0259 istifad\u0259y\u0259 veril\u0259c\u0259k yeni m\u00fc\u0259ssis\u0259l\u0259rin t\u0259m\u0259l da\u015f\u0131n\u0131n qoyulmas\u0131, art\u0131q 5 rezident i\u015f\u0259 ba\u015flamas\u0131 i\u015f\u011faldan azad edilmi\u015f rayonlarda, ilk n\u00f6vb\u0259d\u0259, i\u015f yerl\u0259rinin yarad\u0131lmas\u0131na g\u00f6st\u0259ril\u0259n diqq\u0259td\u0259n x\u0259b\u0259r verir. Bu onu g\u00f6st\u0259rir ki, i\u015f\u011faldan azad edilmi\u015f rayonlara qay\u0131dacaq sakinl\u0259rin i\u015f yerl\u0259ri il\u0259 t\u0259min olunmas\u0131, onlar\u0131n sosial rifah hal\u0131n\u0131n yax\u015f\u0131la\u015fd\u0131r\u0131lmas\u0131 d\u00f6vl\u0259timizin qar\u015f\u0131s\u0131nda duran ba\u015fl\u0131ca v\u0259zif\u0259dir.<\/p>\n<p>D\u00f6vl\u0259timizin ba\u015f\u00e7\u0131s\u0131 A\u011fdam C\u00fcm\u0259 m\u0259scidinin qar\u015f\u0131s\u0131nda \u00e7\u0131x\u0131\u015f\u0131 zaman\u0131 az\u0259rbaycanl\u0131n i\u015f adamlar\u0131n\u0131 A\u011fdama v\u0259 azad edilmi\u015f dig\u0259r \u0259razil\u0259r\u0259 s\u0259rmay\u0259 qoyma\u011fa, orada m\u00fcasir layih\u0259l\u0259ri realla\u015fd\u0131rma\u011fa \u00e7a\u011f\u0131rd\u0131. Bildirdi ki, bu g\u00fcn Az\u0259rbaycanda biznes \u00fc\u00e7\u00fcn, sahibkarlar \u00fc\u00e7\u00fcn \u00e7ox g\u00f6z\u0259l \u015f\u0259rait yarad\u0131l\u0131b. D\u00f6vl\u0259t sahibkarlar\u0131 d\u0259st\u0259kl\u0259yir, onlara m\u0259n\u0259vi-siyasi d\u0259st\u0259k, eyni zamanda, g\u00fcz\u0259\u015ftli kreditl\u0259r verilir. Bu, \u00f6lk\u0259mizd\u0259 biznesin inki\u015faf\u0131na g\u00f6st\u0259ril\u0259n d\u0259st\u0259yin daha bir n\u00fcmun\u0259sidir, h\u0259m\u00e7inin s\u0259rmay\u0259darlar\u0131 i\u015f\u011faldan azad edilmi\u015f \u0259razil\u0259r\u0259 investisiya yat\u0131rma\u011fa h\u0259v\u0259sl\u0259ndir\u0259c\u0259k. Bel\u0259likl\u0259, h\u0259yata ke\u00e7iril\u0259c\u0259k layih\u0259l\u0259r n\u0259tic\u0259sind\u0259 h\u0259min torpaqlarda \u0259halinin i\u015f yerl\u0259ri il\u0259 t\u0259minat\u0131nda he\u00e7 bir problem yaranmayacaq.<\/p>\n<p>A.V\u0259liyev diqq\u0259t\u0259 \u00e7atd\u0131r\u0131b ki, i\u015f\u011faldan azad olunmu\u015f \u0259razil\u0259rd\u0259 infrastruktur layih\u0259l\u0259ri s\u00fcr\u0259tl\u0259 icra olunur. Orada istismara veril\u0259n yar\u0131mstansiyalar\u0131n say\u0131 9-a \u00e7at\u0131b. \u201cA\u011fdam-1\u201d v\u0259 \u201cA\u011fdam-2\u201d yar\u0131mstansiyalar\u0131n\u0131n f\u0259aliyy\u0259ti n\u0259tic\u0259sind\u0259 b\u00fct\u00fcn rayon elektrik enerjisi il\u0259 dayan\u0131ql\u0131 \u015f\u0259kild\u0259 t\u0259min edil\u0259c\u0259k. H\u0259m\u00e7inin qeyd olunub ki, A\u011fdamda m\u00fcasir mehmanxana t\u0259qrib\u0259n 2 ild\u0259n sonra f\u0259aliyy\u0259t\u0259 ba\u015flayacaq. Bu is\u0259 \u015f\u0259h\u0259r\u0259 g\u0259l\u0259nl\u0259rin say\u0131n\u0131n artmas\u0131na, rayonun turizm potensial\u0131n\u0131n artmas\u0131na \u015f\u0259rait yaradacaq.<\/p>\n<p>Deputat deyib ki, A\u011fdamda ya\u015fay\u0131\u015f kompleksinin t\u0259m\u0259l da\u015f\u0131n\u0131n qoyulmas\u0131 da \u0259lam\u0259tdar hadis\u0259dir. A\u011fdam M\u0259rk\u0259zi \u015e\u0259h\u0259r X\u0259st\u0259xanas\u0131n\u0131n in\u015fas\u0131 a\u011fdaml\u0131lara tibbi xidm\u0259tin g\u00f6st\u0259rilm\u0259si \u00fc\u00e7\u00fcn imkanlar yaradacaq. Eyni zamanda, 1 n\u00f6mr\u0259li m\u0259kt\u0259b in\u015fa olunur. Bu t\u0259hsil oca\u011f\u0131nda t\u0259qrib\u0259n min\u0259 yax\u0131n \u015fagird oxuyacaq. A\u011fdama qaz x\u0259tl\u0259rinin \u00e7\u0259kili\u015fi layih\u0259si i\u015fl\u0259nilir. \u0130\u00e7m\u0259li suyun g\u0259tirilm\u0259si, o c\u00fcml\u0259d\u0259n Xa\u00e7\u0131n\u00e7ay su anbar\u0131n\u0131n t\u0259miri layih\u0259si \u0130nvestisiya Proqram\u0131nda \u00f6z \u0259ksini tap\u0131b. B\u00fct\u00fcn bunlar Az\u0259rbaycan d\u00f6vl\u0259tinin i\u015f\u011faldan azad olunmu\u015f \u0259razil\u0259r\u0259 h\u0259yat\u0131n qaytar\u0131lmas\u0131na, ke\u00e7mi\u015f m\u0259cburi k\u00f6\u00e7k\u00fcnl\u0259rin \u00f6z do\u011fma torpaqlar\u0131na k\u00f6\u00e7\u00fcr\u00fclm\u0259sin\u0259 v\u0259 onlar \u00fc\u00e7\u00fcn layiqli h\u0259yat \u015f\u0259raitinin yarad\u0131lmas\u0131na n\u0259 q\u0259d\u0259r b\u00f6y\u00fck \u00f6n\u0259m verdiyini n\u00fcmayi\u015f etdirir.<\/p>\n<p>\u201cA\u011fdam\u0131n yol-n\u0259qliyyat infrastrukturu tamamil\u0259 yenid\u0259n qurulur. B\u0259rd\u0259-A\u011fdam avtomobil yolu, d\u0259mir yolu in\u015fa edilir. F\u00fczuli-A\u011fdam avtomobil yolunun \u00e7\u0259kili\u015fi layih\u0259si art\u0131q icra olunma\u011fa ba\u015flay\u0131b. Bu yol h\u0259m F\u00fczuli v\u0259 A\u011fdam \u015f\u0259h\u0259rl\u0259rini, eyni zamanda, A\u011fdam\u0131 F\u00fczuli Beyn\u0259lxalq Hava Liman\u0131 il\u0259 birl\u0259\u015fdir\u0259c\u0259k. Bel\u0259likl\u0259, ba\u015fqa \u00f6lk\u0259l\u0259rd\u0259n A\u011fdama g\u0259lm\u0259k daha asan olacaq\u201d, &#8211; dey\u0259n deputat vur\u011fulay\u0131b ki, b\u00fct\u00fcn bu i\u015fl\u0259r Az\u0259rbaycan\u0131n daxili v\u0259saiti hesab\u0131na realla\u015fd\u0131r\u0131l\u0131r. \u0130cra olunan layih\u0259l\u0259r onu g\u00f6st\u0259rir ki, Az\u0259rbaycan \u00f6z \u015f\u0259h\u0259rl\u0259rini yenid\u0259n qurmaq \u00fc\u00e7\u00fcn b\u00fct\u00fcn maliyy\u0259 v\u0259 texniki imkanlara, habel\u0259 kadr potensial\u0131na malikdir. M\u00fcxt\u0259lif xarici \u015firk\u0259tl\u0259rin bu i\u015fl\u0259rd\u0259 f\u0259al i\u015ftirak\u0131 is\u0259 \u00f6lk\u0259miz\u0259 olan mara\u011f\u0131n, inam\u0131n t\u0259zah\u00fcr\u00fcd\u00fcr.<\/p>\n<p>\u201cD\u00f6vl\u0259timizin ba\u015f\u00e7\u0131s\u0131n\u0131n A\u011fdama s\u0259f\u0259ri zaman\u0131 C\u00fcm\u0259 m\u0259scidind\u0259 Heyd\u0259r \u018fliyev Fondu t\u0259r\u0259find\u0259n apar\u0131lan b\u0259rpa-restavrasiya i\u015fl\u0259ri il\u0259 tan\u0131\u015f olmas\u0131 Az\u0259rbaycanda dini-m\u0259d\u0259ni v\u0259 tarixi irs\u0259 g\u00f6st\u0259ril\u0259n qay\u011f\u0131n\u0131n daha bir n\u00fcmun\u0259sidir. Azad olunmu\u015f torpaqlarda b\u00fct\u00fcn tarixi v\u0259 dini abid\u0259l\u0259r b\u0259rpa olunacaq. Haz\u0131rda 8 m\u0259scidin \u0259sasl\u0131 t\u0259miri, b\u0259rpas\u0131 v\u0259 tikintisi n\u0259z\u0259rd\u0259 tutulub. Tarixi v\u0259 dini abid\u0259l\u0259rin b\u0259rpas\u0131 i\u015fl\u0259ri Heyd\u0259r \u018fliyev Fondunun imkanlar\u0131 hesab\u0131na g\u00f6r\u00fcl\u00fcr. \u0130\u015f\u011faldan azad olunmu\u015f \u0259razil\u0259rd\u0259 g\u00f6r\u00fcl\u0259n i\u015fl\u0259r Heyd\u0259r \u018fliyev Fondunun Az\u0259rbaycan\u0131n milli-m\u0259n\u0259vi d\u0259y\u0259rl\u0259rinin qorunmas\u0131na n\u00f6vb\u0259ti t\u00f6hf\u0259sidir\u201d, &#8211; dey\u0259 A.V\u0259liyev qeyd edib.<\/p>\n","protected":false},"excerpt":{"rendered":"<p>Az\u0259rbaycan Respublikas\u0131n\u0131n Prezidenti \u0130lham \u018fliyevin fevral\u0131n 13-d\u0259 A\u011fdam rayonuna s\u0259f\u0259ri zaman\u0131 bir s\u0131ra obyektl\u0259rin t\u0259m\u0259linin qoyulmas\u0131, b\u0259zil\u0259rinin a\u00e7\u0131l\u0131\u015flar\u0131n\u0131n edilm\u0259si A\u011fdam rayonunun b\u0259rpas\u0131 il\u0259 ba\u011fl\u0131 kompleks t\u0259dbirl\u0259rin g\u00f6r\u00fclm\u0259sinin \u0259yani t\u0259zah\u00fcr\u00fcd\u00fcr. Rayonda apar\u0131lan b\u0259rpa v\u0259 quruculuq i\u015fl\u0259ri A\u011fdam\u0131n tezlikl\u0259 n\u0259inki Az\u0259rbaycan\u0131n, h\u0259m\u00e7inin regionun \u0259n g\u00f6z\u0259l v\u0259 m\u00fcasir \u015f\u0259h\u0259rl\u0259rind\u0259n birin\u0259 \u00e7evril\u0259c\u0259yini dem\u0259y\u0259 \u0259sas verir. \u018fminik ki, q\u0131sa m\u00fcdd\u0259t \u0259rzind\u0259 g\u00f6r\u00fclm\u00fc\u015f m\u00fch\u00fcm i\u015fl\u0259r yax\u0131n g\u0259l\u0259c\u0259kd\u0259 konkret n\u0259tic\u0259l\u0259r\u0259 g\u0259tirib \u00e7\u0131xaracaq. Bu fikirl\u0259ri \u201c\u0130ki sahil\u201d\u0259 a\u00e7\u0131qlamas\u0131nda Milli M\u0259clisin deputat\u0131 A\u011falar V\u0259liyev s\u00f6yl\u0259yib. Deputat bildirib ki, A\u011fdamdak\u0131 s\u0259naye park\u0131n\u0131n ilk rezidentl\u0259ri t\u0259r\u0259find\u0259n yax\u0131n g\u0259l\u0259c\u0259kd\u0259 istifad\u0259y\u0259 veril\u0259c\u0259k yeni&hellip;<\/p>\n","protected":false},"author":2,"featured_media":439362,"comment_status":"closed","ping_status":"closed","sticky":false,"template":"","format":"standard","meta":{"om_disable_all_campaigns":false,"_monsterinsights_skip_tracking":false,"_monsterinsights_sitenote_active":false,"_monsterinsights_sitenote_note":"","_monsterinsights_sitenote_category":0},"categories":[4],"tags":[],"aioseo_notices":[],"gutentor_comment":0,"rttpg_featured_image_url":{"full":["https:\/\/arantv.az\/wp-content\/uploads\/2022\/02\/b0ab42fc164492486359949559210658871.jpg",975,540,false],"landscape":["https:\/\/arantv.az\/wp-content\/uploads\/2022\/02\/b0ab42fc164492486359949559210658871.jpg",975,540,false],"portraits":["https:\/\/arantv.az\/wp-content\/uploads\/2022\/02\/b0ab42fc164492486359949559210658871.jpg",975,540,false],"thumbnail":["https:\/\/arantv.az\/wp-content\/uploads\/2022\/02\/b0ab42fc164492486359949559210658871-500x280.jpg",500,280,true],"medium":["https:\/\/arantv.az\/wp-content\/uploads\/2022\/02\/b0ab42fc164492486359949559210658871-660x365.jpg",660,365,true],"large":["https:\/\/arantv.az\/wp-content\/uploads\/2022\/02\/b0ab42fc164492486359949559210658871-840x465.jpg",640,354,true],"1536x1536":["https:\/\/arantv.az\/wp-content\/uploads\/2022\/02\/b0ab42fc164492486359949559210658871.jpg",975,540,false],"2048x2048":["https:\/\/arantv.az\/wp-content\/uploads\/2022\/02\/b0ab42fc164492486359949559210658871.jpg",975,540,false],"post-thumbnail":["https:\/\/arantv.az\/wp-content\/uploads\/2022\/02\/b0ab42fc164492486359949559210658871-240x172.jpg",240,172,true],"advps-thumb-one":["https:\/\/arantv.az\/wp-content\/uploads\/2022\/02\/b0ab42fc164492486359949559210658871.jpg",975,540,false]},"rttpg_author":{"display_name":"V\u00fcsal Rafiqo\u011flu","author_link":"https:\/\/arantv.az\/?author=2"},"rttpg_comment":0,"rttpg_category":"<a href=\"https:\/\/arantv.az\/?cat=4\" rel=\"category\">Siyas\u0259t<\/a>","rttpg_excerpt":"Az\u0259rbaycan Respublikas\u0131n\u0131n Prezidenti \u0130lham \u018fliyevin fevral\u0131n 13-d\u0259 A\u011fdam rayonuna s\u0259f\u0259ri zaman\u0131 bir s\u0131ra obyektl\u0259rin t\u0259m\u0259linin qoyulmas\u0131, b\u0259zil\u0259rinin a\u00e7\u0131l\u0131\u015flar\u0131n\u0131n edilm\u0259si A\u011fdam rayonunun b\u0259rpas\u0131 il\u0259 ba\u011fl\u0131 kompleks t\u0259dbirl\u0259rin g\u00f6r\u00fclm\u0259sinin \u0259yani t\u0259zah\u00fcr\u00fcd\u00fcr. Rayonda apar\u0131lan b\u0259rpa v\u0259 quruculuq i\u015fl\u0259ri A\u011fdam\u0131n tezlikl\u0259 n\u0259inki Az\u0259rbaycan\u0131n, h\u0259m\u00e7inin regionun \u0259n g\u00f6z\u0259l v\u0259 m\u00fcasir \u015f\u0259h\u0259rl\u0259rind\u0259n birin\u0259 \u00e7evril\u0259c\u0259yini dem\u0259y\u0259 \u0259sas verir. \u018fminik ki, q\u0131sa m\u00fcdd\u0259t&hellip;","_links":{"self":[{"href":"https:\/\/arantv.az\/index.php?rest_route=\/wp\/v2\/posts\/439361"}],"collection":[{"href":"https:\/\/arantv.az\/index.php?rest_route=\/wp\/v2\/posts"}],"about":[{"href":"https:\/\/arantv.az\/index.php?rest_route=\/wp\/v2\/types\/post"}],"author":[{"embeddable":true,"href":"https:\/\/arantv.az\/index.php?rest_route=\/wp\/v2\/users\/2"}],"replies":[{"embeddable":true,"href":"https:\/\/arantv.az\/index.php?rest_route=%2Fwp%2Fv2%2Fcomments&post=439361"}],"version-history":[{"count":0,"href":"https:\/\/arantv.az\/index.php?rest_route=\/wp\/v2\/posts\/439361\/revisions"}],"wp:featuredmedia":[{"embeddable":true,"href":"https:\/\/arantv.az\/index.php?rest_route=\/wp\/v2\/media\/439362"}],"wp:attachment":[{"href":"https:\/\/arantv.az\/index.php?rest_route=%2Fwp%2Fv2%2Fmedia&parent=439361"}],"wp:term":[{"taxonomy":"category","embeddable":true,"href":"https:\/\/arantv.az\/index.php?rest_route=%2Fwp%2Fv2%2Fcategories&post=439361"},{"taxonomy":"post_tag","embeddable":true,"href":"https:\/\/arantv.az\/index.php?rest_route=%2Fwp%2Fv2%2Ftags&post=439361"}],"curies":[{"name":"wp","href":"https:\/\/api.w.org\/{rel}","templated":true}]}}