{"id":439364,"date":"2022-02-15T14:59:34","date_gmt":"2022-02-15T11:59:34","guid":{"rendered":"http:\/\/arantv.az\/?p=439364"},"modified":"2022-02-15T14:59:34","modified_gmt":"2022-02-15T11:59:34","slug":"z%c9%99ng%c9%99zur-d%c9%99hlizi-il%c9%99-naxcivana-elektrik-x%c9%99tti-c%c9%99kil%c9%99c%c9%99k-video","status":"publish","type":"post","link":"https:\/\/arantv.az\/?p=439364","title":{"rendered":"Z\u0259ng\u0259zur d\u0259hlizi il\u0259 Nax\u00e7\u0131vana elektrik x\u0259tti \u00e7\u0259kil\u0259c\u0259k &#8211; V\u0130DEO"},"content":{"rendered":"<article class=\"news\">\n<div class=\"news-inner\">\n<p>Z\u0259ng\u0259zur d\u0259hlizi il\u0259 Nax\u00e7\u0131vana 330 kV-luq elektrik x\u0259ttinin \u00e7\u0259kilm\u0259si g\u00fcnd\u0259mdir.<\/p>\n<div class=\"AdviadNativeVideo\"><\/div>\n<p>Bunu Trend-\u0259 suallar\u0131n\u0131 cavabland\u0131rark\u0259n \u201cAz\u0259renerji\u201d A\u00e7\u0131q S\u0259hmdar C\u0259miyy\u0259tinin m\u0259tbuat xidm\u0259tinin r\u0259hb\u0259ri Teymur Abdullayev deyib.<\/p>\n<p>T.Abdullayev bildirib ki, C\u0259bray\u0131l rayonuna A\u011fcab\u0259di v\u0259 \u0130mi\u015flid\u0259n 330\u00a0kV-luq x\u0259ttin \u00e7\u0259kilm\u0259si n\u0259z\u0259rd\u0259 tutulur.<\/p>\n<p>\u201cZ\u0259ng\u0259zur d\u0259hlizi vasit\u0259si il\u0259 Avropaya enerji ixrac edilm\u0259si n\u0259z\u0259rd\u0259 tutulur. A\u011fcab\u0259di 330 kV-luq yar\u0131mstansiyas\u0131n\u0131n tikilm\u0259si v\u0259 bu x\u0259ttin Z\u0259ng\u0259zur d\u0259hlizi vasit\u0259sil\u0259 Nax\u00e7\u0131vana \u00e7\u0259kilm\u0259si v\u0259 h\u0259min x\u0259tt vasit\u0259si il\u0259 elektrik enerjisinin T\u00fcrkiy\u0259y\u0259 oradan da Avropa bazar\u0131na ixrac edilm\u0259si m\u0259s\u0259l\u0259si n\u0259z\u0259rd\u0259 tutulur\u201d, &#8211; dey\u0259 T.Abdullayev \u0259lav\u0259 edib.<\/p>\n<div><iframe loading=\"lazy\" src=\"https:\/\/player.baku.tv\/embed\/50378\" width=\"560\" height=\"315\" frameborder=\"0\" allowfullscreen=\"allowfullscreen\" data-mce-fragment=\"1\"><\/iframe><\/div>\n<\/div>\n<\/article>\n","protected":false},"excerpt":{"rendered":"<p>Z\u0259ng\u0259zur d\u0259hlizi il\u0259 Nax\u00e7\u0131vana 330 kV-luq elektrik x\u0259ttinin \u00e7\u0259kilm\u0259si g\u00fcnd\u0259mdir. Bunu Trend-\u0259 suallar\u0131n\u0131 cavabland\u0131rark\u0259n \u201cAz\u0259renerji\u201d A\u00e7\u0131q S\u0259hmdar C\u0259miyy\u0259tinin m\u0259tbuat xidm\u0259tinin r\u0259hb\u0259ri Teymur Abdullayev deyib. T.Abdullayev bildirib ki, C\u0259bray\u0131l rayonuna A\u011fcab\u0259di v\u0259 \u0130mi\u015flid\u0259n 330\u00a0kV-luq x\u0259ttin \u00e7\u0259kilm\u0259si n\u0259z\u0259rd\u0259 tutulur. \u201cZ\u0259ng\u0259zur d\u0259hlizi vasit\u0259si il\u0259 Avropaya enerji ixrac edilm\u0259si n\u0259z\u0259rd\u0259 tutulur. A\u011fcab\u0259di 330 kV-luq yar\u0131mstansiyas\u0131n\u0131n tikilm\u0259si v\u0259 bu x\u0259ttin Z\u0259ng\u0259zur d\u0259hlizi vasit\u0259sil\u0259 Nax\u00e7\u0131vana \u00e7\u0259kilm\u0259si v\u0259 h\u0259min x\u0259tt vasit\u0259si il\u0259 elektrik enerjisinin T\u00fcrkiy\u0259y\u0259 oradan da Avropa bazar\u0131na ixrac edilm\u0259si m\u0259s\u0259l\u0259si n\u0259z\u0259rd\u0259 tutulur\u201d, &#8211; dey\u0259 T.Abdullayev \u0259lav\u0259 edib.<\/p>\n","protected":false},"author":2,"featured_media":439365,"comment_status":"closed","ping_status":"closed","sticky":false,"template":"","format":"standard","meta":{"om_disable_all_campaigns":false,"_monsterinsights_skip_tracking":false,"_monsterinsights_sitenote_active":false,"_monsterinsights_sitenote_note":"","_monsterinsights_sitenote_category":0},"categories":[19],"tags":[],"aioseo_notices":[],"gutentor_comment":0,"rttpg_featured_image_url":{"full":["https:\/\/arantv.az\/wp-content\/uploads\/2022\/02\/FotoJet-2022-02-15T142600.263.jpg",620,413,false],"landscape":["https:\/\/arantv.az\/wp-content\/uploads\/2022\/02\/FotoJet-2022-02-15T142600.263.jpg",620,413,false],"portraits":["https:\/\/arantv.az\/wp-content\/uploads\/2022\/02\/FotoJet-2022-02-15T142600.263.jpg",620,413,false],"thumbnail":["https:\/\/arantv.az\/wp-content\/uploads\/2022\/02\/FotoJet-2022-02-15T142600.263-500x280.jpg",500,280,true],"medium":["https:\/\/arantv.az\/wp-content\/uploads\/2022\/02\/FotoJet-2022-02-15T142600.263-548x365.jpg",548,365,true],"large":["https:\/\/arantv.az\/wp-content\/uploads\/2022\/02\/FotoJet-2022-02-15T142600.263.jpg",620,413,false],"1536x1536":["https:\/\/arantv.az\/wp-content\/uploads\/2022\/02\/FotoJet-2022-02-15T142600.263.jpg",620,413,false],"2048x2048":["https:\/\/arantv.az\/wp-content\/uploads\/2022\/02\/FotoJet-2022-02-15T142600.263.jpg",620,413,false],"post-thumbnail":["https:\/\/arantv.az\/wp-content\/uploads\/2022\/02\/FotoJet-2022-02-15T142600.263-240x172.jpg",240,172,true],"advps-thumb-one":["https:\/\/arantv.az\/wp-content\/uploads\/2022\/02\/FotoJet-2022-02-15T142600.263.jpg",620,413,false]},"rttpg_author":{"display_name":"V\u00fcsal Rafiqo\u011flu","author_link":"https:\/\/arantv.az\/?author=2"},"rttpg_comment":0,"rttpg_category":"<a href=\"https:\/\/arantv.az\/?cat=19\" rel=\"category\">G\u00fcnd\u0259m<\/a>","rttpg_excerpt":"Z\u0259ng\u0259zur d\u0259hlizi il\u0259 Nax\u00e7\u0131vana 330 kV-luq elektrik x\u0259ttinin \u00e7\u0259kilm\u0259si g\u00fcnd\u0259mdir. Bunu Trend-\u0259 suallar\u0131n\u0131 cavabland\u0131rark\u0259n \u201cAz\u0259renerji\u201d A\u00e7\u0131q S\u0259hmdar C\u0259miyy\u0259tinin m\u0259tbuat xidm\u0259tinin r\u0259hb\u0259ri Teymur Abdullayev deyib. T.Abdullayev bildirib ki, C\u0259bray\u0131l rayonuna A\u011fcab\u0259di v\u0259 \u0130mi\u015flid\u0259n 330\u00a0kV-luq x\u0259ttin \u00e7\u0259kilm\u0259si n\u0259z\u0259rd\u0259 tutulur. \u201cZ\u0259ng\u0259zur d\u0259hlizi vasit\u0259si il\u0259 Avropaya enerji ixrac edilm\u0259si n\u0259z\u0259rd\u0259 tutulur. A\u011fcab\u0259di 330 kV-luq yar\u0131mstansiyas\u0131n\u0131n tikilm\u0259si v\u0259 bu x\u0259ttin&hellip;","_links":{"self":[{"href":"https:\/\/arantv.az\/index.php?rest_route=\/wp\/v2\/posts\/439364"}],"collection":[{"href":"https:\/\/arantv.az\/index.php?rest_route=\/wp\/v2\/posts"}],"about":[{"href":"https:\/\/arantv.az\/index.php?rest_route=\/wp\/v2\/types\/post"}],"author":[{"embeddable":true,"href":"https:\/\/arantv.az\/index.php?rest_route=\/wp\/v2\/users\/2"}],"replies":[{"embeddable":true,"href":"https:\/\/arantv.az\/index.php?rest_route=%2Fwp%2Fv2%2Fcomments&post=439364"}],"version-history":[{"count":0,"href":"https:\/\/arantv.az\/index.php?rest_route=\/wp\/v2\/posts\/439364\/revisions"}],"wp:featuredmedia":[{"embeddable":true,"href":"https:\/\/arantv.az\/index.php?rest_route=\/wp\/v2\/media\/439365"}],"wp:attachment":[{"href":"https:\/\/arantv.az\/index.php?rest_route=%2Fwp%2Fv2%2Fmedia&parent=439364"}],"wp:term":[{"taxonomy":"category","embeddable":true,"href":"https:\/\/arantv.az\/index.php?rest_route=%2Fwp%2Fv2%2Fcategories&post=439364"},{"taxonomy":"post_tag","embeddable":true,"href":"https:\/\/arantv.az\/index.php?rest_route=%2Fwp%2Fv2%2Ftags&post=439364"}],"curies":[{"name":"wp","href":"https:\/\/api.w.org\/{rel}","templated":true}]}}