{"id":439370,"date":"2022-02-15T15:03:38","date_gmt":"2022-02-15T12:03:38","guid":{"rendered":"http:\/\/arantv.az\/?p=439370"},"modified":"2022-02-15T15:03:38","modified_gmt":"2022-02-15T12:03:38","slug":"qht-l%c9%99r-unesco-nu-erm%c9%99nistandaki-az%c9%99rbaycan-irsin%c9%99-qarsi-laqeyd-olmamaga-cagiriblar","status":"publish","type":"post","link":"https:\/\/arantv.az\/?p=439370","title":{"rendered":"QHT-l\u0259r UNESCO-nu Erm\u0259nistandak\u0131 Az\u0259rbaycan irsin\u0259 qar\u015f\u0131 laqeyd olmama\u011fa \u00e7a\u011f\u0131r\u0131blar"},"content":{"rendered":"<p>Az\u0259rbaycan\u0131n qeyri-h\u00f6kum\u0259t t\u0259\u015fkilatlar\u0131n\u0131n (QHT) n\u00fcmay\u0259nd\u0259l\u0259ri Erm\u0259nistan \u0259razisind\u0259 Az\u0259rbaycan xalq\u0131n\u0131n irsin\u0259 qar\u015f\u0131 t\u00f6r\u0259dilmi\u015f \u201cm\u0259d\u0259ni soyq\u0131r\u0131m\u0131\u201dn ara\u015fd\u0131r\u0131lmas\u0131 xahi\u015fi il\u0259 UNESCO-ya m\u00fcraci\u0259t edibl\u0259r.<\/p>\n<p><strong>ARANTV.AZ<\/strong> x\u0259b\u0259r verir ki, bu bar\u0259d\u0259 m\u0259ktub UNESCO-nun direktoru Odre Azula \u00fcnvanlan\u0131b.<\/p>\n<p>\u201cBiz\u00a0Az\u0259rbaycan xalq\u0131n\u0131n \u00e7ox\u0259srlik tarixi-m\u0259d\u0259ni irsinin\u00a0haz\u0131rk\u0131\u00a0v\u0259ziyy\u0259tinin qiym\u0259tl\u0259ndirilm\u0259si \u00fc\u00e7\u00fcn Erm\u0259nistana ekspert qrupunun g\u00f6nd\u0259rilm\u0259si xahi\u015fi il\u0259 siz\u0259 m\u00fcraci\u0259t edirik. \u00dcmid edirik ki, \u00fcz\u0259rin\u0259 \u00f6hd\u0259lik g\u00f6t\u00fcrm\u00fc\u015f Erm\u0259nistan UNESCO missiyas\u0131n\u0131n h\u0259yata ke\u00e7irilm\u0259sin\u0259 mane olmayacaq v\u0259 bir missiyan\u0131n obyektiv hesabat\u0131 n\u0259tic\u0259sind\u0259 b\u00fct\u00fcn d\u00fcnya Az\u0259rbaycan xalq\u0131n\u0131n irsin\u0259 qar\u015f\u0131 t\u00f6r\u0259dilmi\u015f \u0259m\u0259ll\u0259r bar\u0259d\u0259 x\u0259b\u0259r tutacaq\u201d, &#8211; m\u00fcraci\u0259td\u0259 deyilir.<\/p>\n<p>\u201cNiderland &#8211; Bel\u00e7ika Az\u0259rbaycanl\u0131lar\u0131 Koordinasiya \u015euras\u0131 (The Coordination Council of the Netherlands-Belgium Azerbaijanis), Fransa-Az\u0259rbaycan Dialoqu Assosiasiyas\u0131 (Association Dialogue France-Azerba\u00efdjan), Fransan\u0131n Nant \u015f\u0259h\u0259rind\u0259 yerl\u0259\u015f\u0259n f\u0259aliyy\u0259t g\u00f6st\u0259r\u0259n Az\u0259rbaycan M\u0259d\u0259niyy\u0259t Assosiasiyas\u0131 (L\u2019Association culturelle D\u2019Azerba\u00efdjan en France \u00e0 Nantes), Benil\u00fcks Az\u0259rbaycanl\u0131lar\u0131 Konqresi (\u00abBENELUX\u00bb Azerbaijanis Congress), Az\u0259rbaycan\u2013Niderland \u201cOdlar yurdu\u201d C\u0259miyy\u0259ti (Azerbaycan \u2013 Nederland \u201cOdlar Yurdu\u201d\u00a0vereniging) v\u0259 bir s\u0131ra dig\u0259r QHT-l\u0259rin \u00fcnvanlad\u0131\u011f\u0131 m\u00fcraci\u0259td\u0259 deyilir ki, Erm\u0259nistan\u0131n apard\u0131\u011f\u0131 m\u0259qs\u0259dy\u00f6nl\u00fc siyas\u0259t n\u0259tic\u0259sind\u0259 xalq\u0131m\u0131z\u0131n Erm\u0259nistan \u0259razisind\u0259 \u00e7ox\u0259srlik tarix\u0259 malik m\u0259d\u0259ni irsi tamamil\u0259 yox olma t\u0259hl\u00fck\u0259si il\u0259 \u00fczl\u0259\u015fib.<\/p>\n<p>QHT-l\u0259r bildiribl\u0259r ki, Erm\u0259nistanda h\u0259yata ke\u00e7iril\u0259n etnik t\u0259mizl\u0259m\u0259 v\u0259 az\u0259rbaycanl\u0131lar\u0131n zorla bu \u00f6lk\u0259d\u0259n \u00e7\u0131xar\u0131lmas\u0131 m\u0259d\u0259ni abid\u0259l\u0259rin m\u0259hv edilm\u0259si il\u0259 m\u00fc\u015fayi\u0259t olunub: \u201cXX \u0259srin \u0259vv\u0259ll\u0259rind\u0259n ba\u015flam\u0131\u015f az\u0259rbaycanl\u0131lar\u0131n \u00f6z do\u011fma torpaqlar\u0131ndan k\u00fctl\u0259vi deportasiyas\u0131 n\u0259tic\u0259sind\u0259 Erm\u0259nistanda az\u0259rbaycanl\u0131 qalmay\u0131b. T\u0259kc\u0259 1988-ci ild\u0259 250 mind\u0259n \u00e7ox az\u0259rbaycanl\u0131 \u00f6z do\u011fma yurdlar\u0131ndan qovularaq qa\u00e7q\u0131na \u00e7evrilib\u201d.<\/p>\n<p>Onlar qeyd edibl\u0259r ki, Erm\u0259nistan m\u0259qs\u0259dy\u00f6nl\u00fc \u015f\u0259kild\u0259 bu \u0259razil\u0259rin yerli sakinl\u0259ri olan az\u0259rbaycanl\u0131lar\u0131n izl\u0259rini h\u0259r yerd\u0259n silir, Az\u0259rbaycan xalq\u0131n\u0131n m\u0259d\u0259ni irsini da\u011f\u0131d\u0131r, \u00f6z\u00fcn\u00fcnk\u00fcl\u0259\u015fdirir v\u0259 m\u0259n\u015f\u0259yini d\u0259yi\u015fdirir. Bununla b\u0259rab\u0259r, s\u00f6z\u00fcged\u0259n \u0259razil\u0259rd\u0259ki q\u0259dim toponiml\u0259rin erm\u0259ni adlar\u0131 il\u0259 \u0259v\u0259zl\u0259nm\u0259si d\u0259 h\u0259yata ke\u00e7irilib.<\/p>\n<p>S\u00f6z\u00fcged\u0259n QHT-l\u0259rin UNESCO-ya \u00fcnvanlanan \u00f6nc\u0259ki m\u00fcraci\u0259tl\u0259rind\u0259 Erm\u0259nistanda yerl\u0259\u015f\u0259n G\u00f6y m\u0259scid, Qala M\u0259scidi, \u015eah Abbas, T\u0259p\u0259ba\u015f\u0131, Zal Xan, S\u0259rtib Xan, Hac\u0131 Novruz\u0259li B\u0259y, D\u0259mirbulaq, Hac\u0131 C\u0259f\u0259r B\u0259y, R\u0259c\u0259b Pa\u015fa, M\u0259h\u0259mm\u0259d S\u0259rtib Xan, Hac\u0131 \u0130nam M\u0259scidi kimi 300-d\u0259n \u00e7ox m\u0259scidin q\u0259sd\u0259n da\u011f\u0131d\u0131ld\u0131\u011f\u0131 bar\u0259d\u0259 bir \u00e7ox d\u0259qiq faktlar da t\u0259qdim edilib.<\/p>\n<p>\u201cYaln\u0131z D\u0259mirbulaq M\u0259scidi 1988-ci il\u0259 kimi \u00f6z t\u0259yinat\u0131 \u00fczr\u0259 f\u0259aliyy\u0259t g\u00f6st\u0259rib, indi is\u0259 o tamamil\u0259 da\u011f\u0131d\u0131l\u0131b v\u0259 yerind\u0259 \u00e7oxm\u0259rt\u0259b\u0259li bina in\u015fa edilib.\u00a0Erm\u0259nistanda az\u0259rbaycanl\u0131lara m\u0259xsus A\u011fad\u0259d\u0259, A\u015fa\u011f\u0131 \u015eorca, G\u00fcll\u00fcbulaq, Saral q\u0259biristanl\u0131qlar\u0131 kimi 500-d\u0259n \u00e7ox q\u0259biristanl\u0131q m\u0259hv edilib. Q\u0259dim G\u00f6y\u00e7\u0259 mahal\u0131nda, do\u011fuldu\u011fu k\u0259ndd\u0259 q\u0259bir\u00fcst\u00fc abid\u0259si ucald\u0131lm\u0131\u015f Az\u0259rbaycan xalq\u0131n\u0131n b\u00f6y\u00fck \u015fairi A\u015f\u0131q \u018fl\u0259sg\u0259rin d\u0259 q\u0259bri da\u011f\u0131d\u0131l\u0131b\u201d, &#8211; m\u00fcraci\u0259td\u0259 deyilir.<\/p>\n<p>M\u00fcraci\u0259td\u0259 bunun Erm\u0259nistanda Az\u0259rbaycan xalq\u0131na qar\u015f\u0131 m\u00f6vcud olan d\u00f6z\u00fcms\u00fczl\u00fcy\u00fcn bariz n\u00fcmun\u0259si olmaqla yana\u015f\u0131, eyni zamanda b\u00fct\u00fcn insanl\u0131\u011fa qar\u015f\u0131 olan bir h\u0259qar\u0259t oldu\u011fu qeyd olunub. \u018flav\u0259 olunub ki, b\u00fct\u00fcn bunlar Erm\u0259nistan\u0131n he\u00e7 bir \u00fcmumb\u0259\u015f\u0259ri d\u0259y\u0259rl\u0259ri tan\u0131mad\u0131\u011f\u0131n\u0131 g\u00f6st\u0259rir.<\/p>\n","protected":false},"excerpt":{"rendered":"<p>Az\u0259rbaycan\u0131n qeyri-h\u00f6kum\u0259t t\u0259\u015fkilatlar\u0131n\u0131n (QHT) n\u00fcmay\u0259nd\u0259l\u0259ri Erm\u0259nistan \u0259razisind\u0259 Az\u0259rbaycan xalq\u0131n\u0131n irsin\u0259 qar\u015f\u0131 t\u00f6r\u0259dilmi\u015f \u201cm\u0259d\u0259ni soyq\u0131r\u0131m\u0131\u201dn ara\u015fd\u0131r\u0131lmas\u0131 xahi\u015fi il\u0259 UNESCO-ya m\u00fcraci\u0259t edibl\u0259r. ARANTV.AZ x\u0259b\u0259r verir ki, bu bar\u0259d\u0259 m\u0259ktub UNESCO-nun direktoru Odre Azula \u00fcnvanlan\u0131b. \u201cBiz\u00a0Az\u0259rbaycan xalq\u0131n\u0131n \u00e7ox\u0259srlik tarixi-m\u0259d\u0259ni irsinin\u00a0haz\u0131rk\u0131\u00a0v\u0259ziyy\u0259tinin qiym\u0259tl\u0259ndirilm\u0259si \u00fc\u00e7\u00fcn Erm\u0259nistana ekspert qrupunun g\u00f6nd\u0259rilm\u0259si xahi\u015fi il\u0259 siz\u0259 m\u00fcraci\u0259t edirik. \u00dcmid edirik ki, \u00fcz\u0259rin\u0259 \u00f6hd\u0259lik g\u00f6t\u00fcrm\u00fc\u015f Erm\u0259nistan UNESCO missiyas\u0131n\u0131n h\u0259yata ke\u00e7irilm\u0259sin\u0259 mane olmayacaq v\u0259 bir missiyan\u0131n obyektiv hesabat\u0131 n\u0259tic\u0259sind\u0259 b\u00fct\u00fcn d\u00fcnya Az\u0259rbaycan xalq\u0131n\u0131n irsin\u0259 qar\u015f\u0131 t\u00f6r\u0259dilmi\u015f \u0259m\u0259ll\u0259r bar\u0259d\u0259 x\u0259b\u0259r tutacaq\u201d, &#8211; m\u00fcraci\u0259td\u0259 deyilir. \u201cNiderland &#8211; Bel\u00e7ika Az\u0259rbaycanl\u0131lar\u0131 Koordinasiya \u015euras\u0131 (The Coordination Council&hellip;<\/p>\n","protected":false},"author":2,"featured_media":439371,"comment_status":"closed","ping_status":"closed","sticky":false,"template":"","format":"standard","meta":{"om_disable_all_campaigns":false,"_monsterinsights_skip_tracking":false,"_monsterinsights_sitenote_active":false,"_monsterinsights_sitenote_note":"","_monsterinsights_sitenote_category":0},"categories":[1],"tags":[],"aioseo_notices":[],"gutentor_comment":0,"rttpg_featured_image_url":{"full":["https:\/\/arantv.az\/wp-content\/uploads\/2022\/02\/FotoJet-2022-02-15T150253.700.jpg",620,413,false],"landscape":["https:\/\/arantv.az\/wp-content\/uploads\/2022\/02\/FotoJet-2022-02-15T150253.700.jpg",620,413,false],"portraits":["https:\/\/arantv.az\/wp-content\/uploads\/2022\/02\/FotoJet-2022-02-15T150253.700.jpg",620,413,false],"thumbnail":["https:\/\/arantv.az\/wp-content\/uploads\/2022\/02\/FotoJet-2022-02-15T150253.700-500x280.jpg",500,280,true],"medium":["https:\/\/arantv.az\/wp-content\/uploads\/2022\/02\/FotoJet-2022-02-15T150253.700-548x365.jpg",548,365,true],"large":["https:\/\/arantv.az\/wp-content\/uploads\/2022\/02\/FotoJet-2022-02-15T150253.700.jpg",620,413,false],"1536x1536":["https:\/\/arantv.az\/wp-content\/uploads\/2022\/02\/FotoJet-2022-02-15T150253.700.jpg",620,413,false],"2048x2048":["https:\/\/arantv.az\/wp-content\/uploads\/2022\/02\/FotoJet-2022-02-15T150253.700.jpg",620,413,false],"post-thumbnail":["https:\/\/arantv.az\/wp-content\/uploads\/2022\/02\/FotoJet-2022-02-15T150253.700-240x172.jpg",240,172,true],"advps-thumb-one":["https:\/\/arantv.az\/wp-content\/uploads\/2022\/02\/FotoJet-2022-02-15T150253.700.jpg",620,413,false]},"rttpg_author":{"display_name":"V\u00fcsal Rafiqo\u011flu","author_link":"https:\/\/arantv.az\/?author=2"},"rttpg_comment":0,"rttpg_category":"<a href=\"https:\/\/arantv.az\/?cat=1\" rel=\"category\">C\u0259miyy\u0259t<\/a>","rttpg_excerpt":"Az\u0259rbaycan\u0131n qeyri-h\u00f6kum\u0259t t\u0259\u015fkilatlar\u0131n\u0131n (QHT) n\u00fcmay\u0259nd\u0259l\u0259ri Erm\u0259nistan \u0259razisind\u0259 Az\u0259rbaycan xalq\u0131n\u0131n irsin\u0259 qar\u015f\u0131 t\u00f6r\u0259dilmi\u015f \u201cm\u0259d\u0259ni soyq\u0131r\u0131m\u0131\u201dn ara\u015fd\u0131r\u0131lmas\u0131 xahi\u015fi il\u0259 UNESCO-ya m\u00fcraci\u0259t edibl\u0259r. ARANTV.AZ x\u0259b\u0259r verir ki, bu bar\u0259d\u0259 m\u0259ktub UNESCO-nun direktoru Odre Azula \u00fcnvanlan\u0131b. \u201cBiz\u00a0Az\u0259rbaycan xalq\u0131n\u0131n \u00e7ox\u0259srlik tarixi-m\u0259d\u0259ni irsinin\u00a0haz\u0131rk\u0131\u00a0v\u0259ziyy\u0259tinin qiym\u0259tl\u0259ndirilm\u0259si \u00fc\u00e7\u00fcn Erm\u0259nistana ekspert qrupunun g\u00f6nd\u0259rilm\u0259si xahi\u015fi il\u0259 siz\u0259 m\u00fcraci\u0259t edirik. \u00dcmid edirik ki, \u00fcz\u0259rin\u0259 \u00f6hd\u0259lik g\u00f6t\u00fcrm\u00fc\u015f Erm\u0259nistan&hellip;","_links":{"self":[{"href":"https:\/\/arantv.az\/index.php?rest_route=\/wp\/v2\/posts\/439370"}],"collection":[{"href":"https:\/\/arantv.az\/index.php?rest_route=\/wp\/v2\/posts"}],"about":[{"href":"https:\/\/arantv.az\/index.php?rest_route=\/wp\/v2\/types\/post"}],"author":[{"embeddable":true,"href":"https:\/\/arantv.az\/index.php?rest_route=\/wp\/v2\/users\/2"}],"replies":[{"embeddable":true,"href":"https:\/\/arantv.az\/index.php?rest_route=%2Fwp%2Fv2%2Fcomments&post=439370"}],"version-history":[{"count":0,"href":"https:\/\/arantv.az\/index.php?rest_route=\/wp\/v2\/posts\/439370\/revisions"}],"wp:featuredmedia":[{"embeddable":true,"href":"https:\/\/arantv.az\/index.php?rest_route=\/wp\/v2\/media\/439371"}],"wp:attachment":[{"href":"https:\/\/arantv.az\/index.php?rest_route=%2Fwp%2Fv2%2Fmedia&parent=439370"}],"wp:term":[{"taxonomy":"category","embeddable":true,"href":"https:\/\/arantv.az\/index.php?rest_route=%2Fwp%2Fv2%2Fcategories&post=439370"},{"taxonomy":"post_tag","embeddable":true,"href":"https:\/\/arantv.az\/index.php?rest_route=%2Fwp%2Fv2%2Ftags&post=439370"}],"curies":[{"name":"wp","href":"https:\/\/api.w.org\/{rel}","templated":true}]}}