{"id":439373,"date":"2022-02-15T15:07:49","date_gmt":"2022-02-15T12:07:49","guid":{"rendered":"http:\/\/arantv.az\/?p=439373"},"modified":"2022-02-15T15:07:49","modified_gmt":"2022-02-15T12:07:49","slug":"7-gunluk-karantin-hansi-andan-hesablanir","status":"publish","type":"post","link":"https:\/\/arantv.az\/?p=439373","title":{"rendered":"7 g\u00fcnl\u00fck karantin hans\u0131 andan hesablan\u0131r?"},"content":{"rendered":"<p>Az\u0259rbaycanda koronavirusun a\u015fkarlanmas\u0131 \u00fc\u00e7\u00fcn g\u00f6t\u00fcr\u00fcl\u0259n analiz n\u00fcmun\u0259l\u0259rinin n\u0259tic\u0259l\u0259ri b\u0259z\u0259n bir g\u00fcn\u0259 b\u0259lli olsa da, 3-4 g\u00fcn gecikm\u0259l\u0259r d\u0259 m\u00fc\u015fahid\u0259 olunur. Test cavablar\u0131 ayd\u0131n olana q\u0259d\u0259r m\u00fcdd\u0259t \u0259rzind\u0259 is\u0259 yoluxmu\u015f \u015f\u0259xs ictimai m\u0259kanlarda olur v\u0259 bu s\u0259b\u0259bd\u0259n yoluxma say\u0131nda art\u0131m m\u00fc\u015fahid\u0259 edilir.<\/p>\n<p>B\u0259s karantin m\u00fcdd\u0259ti nec\u0259 t\u0259yin olunur v\u0259 hans\u0131 andan etibar\u0259n hesablan\u0131r?<\/p>\n<p>M\u0259s\u0259l\u0259 il\u0259 ba\u011fl\u0131 T\u018fB\u0130B-d\u0259n\u00a0<a href=\"https:\/\/az.trend.az\/\" target=\"_blank\" rel=\"noopener\">Trend<\/a>-in soru\u011fusuna cavab olaraq bildirilib ki, v\u0259t\u0259nda\u015flar\u0131n \u00f6zl\u0259rini t\u0259crid m\u00fcdd\u0259ti test veril\u0259n g\u00fcnd\u0259n hesablan\u0131r.<\/p>\n<p>&#8220;\u015e\u0259xsin COVID-19-a yoluxdu\u011fu g\u00fcnd\u0259n test verdiyi d\u00f6vr\u0259d\u0259k olan vaxt karantin m\u00fcdd\u0259ti hesab edilmir&#8221;, &#8211; dey\u0259 qeyd olunub.<\/p>\n<p>\u0130nfeksionist M\u0259rdan \u018fliyev Trend-in suallar\u0131n\u0131 cavabland\u0131rark\u0259n qeyd edib ki, v\u0259t\u0259nda\u015flara test verdikd\u0259n sonra cavab \u00e7\u0131xan m\u00fcdd\u0259t\u0259 q\u0259d\u0259r h\u0259r hans\u0131 bir m\u0259hdudiyy\u0259t qoyulmad\u0131\u011f\u0131 \u00fc\u00e7\u00fcn onlar rahat \u015f\u0259kild\u0259 ictimai yerl\u0259rd\u0259 g\u0259zirl\u0259r v\u0259 dig\u0259r sa\u011flam insanlar\u0131 da yolxudururlar.&#8221;Testin n\u0259tic\u0259l\u0259rinin gec m\u0259lum olmas\u0131n\u0131n obyektiv s\u0259b\u0259bl\u0259ri var. \u00c7\u00fcnki PCR aparatlar\u0131n\u0131n say\u0131 m\u0259hduddur v\u0259 indi yoluxanlar\u0131n, analiz ver\u0259nl\u0259rin d\u0259 say\u0131 \u00e7ox oldu\u011fu \u00fc\u00e7\u00fcn n\u00f6vb\u0259l\u0259\u015fdirilir\u0259k cavab verilir. Bel\u0259 olan halda da gecikm\u0259l\u0259r ba\u015f verir. 4-5 g\u00fcn \u0259rzind\u0259 yubanma olmas\u0131 yoluxma say\u0131n\u0131 art\u0131ra bilir. Lakin bu obyektiv hald\u0131r v\u0259 qar\u015f\u0131s\u0131n\u0131 almaq biraz \u00e7\u0259tindir. Ancaq v\u0259t\u0259nda\u015flar\u0131n f\u0259rdi \u015f\u0259kild\u0259 maarifl\u0259ndirilm\u0259si il\u0259 buna nail olmaq olar. \u018fg\u0259r v\u0259t\u0259nda\u015f \u00f6z\u00fcn\u00fc x\u0259st\u0259 hiss edirs\u0259, ictimai yerl\u0259r\u0259 getm\u0259m\u0259li, maska taxmal\u0131 v\u0259 gigiyenik qaydalara riay\u0259t etm\u0259lidir&#8221;, &#8211; dey\u0259 o \u0259lav\u0259 edib.<\/p>\n","protected":false},"excerpt":{"rendered":"<p>Az\u0259rbaycanda koronavirusun a\u015fkarlanmas\u0131 \u00fc\u00e7\u00fcn g\u00f6t\u00fcr\u00fcl\u0259n analiz n\u00fcmun\u0259l\u0259rinin n\u0259tic\u0259l\u0259ri b\u0259z\u0259n bir g\u00fcn\u0259 b\u0259lli olsa da, 3-4 g\u00fcn gecikm\u0259l\u0259r d\u0259 m\u00fc\u015fahid\u0259 olunur. Test cavablar\u0131 ayd\u0131n olana q\u0259d\u0259r m\u00fcdd\u0259t \u0259rzind\u0259 is\u0259 yoluxmu\u015f \u015f\u0259xs ictimai m\u0259kanlarda olur v\u0259 bu s\u0259b\u0259bd\u0259n yoluxma say\u0131nda art\u0131m m\u00fc\u015fahid\u0259 edilir. B\u0259s karantin m\u00fcdd\u0259ti nec\u0259 t\u0259yin olunur v\u0259 hans\u0131 andan etibar\u0259n hesablan\u0131r? M\u0259s\u0259l\u0259 il\u0259 ba\u011fl\u0131 T\u018fB\u0130B-d\u0259n\u00a0Trend-in soru\u011fusuna cavab olaraq bildirilib ki, v\u0259t\u0259nda\u015flar\u0131n \u00f6zl\u0259rini t\u0259crid m\u00fcdd\u0259ti test veril\u0259n g\u00fcnd\u0259n hesablan\u0131r. &#8220;\u015e\u0259xsin COVID-19-a yoluxdu\u011fu g\u00fcnd\u0259n test verdiyi d\u00f6vr\u0259d\u0259k olan vaxt karantin m\u00fcdd\u0259ti hesab edilmir&#8221;, &#8211; dey\u0259 qeyd olunub. \u0130nfeksionist M\u0259rdan \u018fliyev Trend-in&hellip;<\/p>\n","protected":false},"author":2,"featured_media":439374,"comment_status":"closed","ping_status":"closed","sticky":false,"template":"","format":"standard","meta":{"om_disable_all_campaigns":false,"_monsterinsights_skip_tracking":false,"_monsterinsights_sitenote_active":false,"_monsterinsights_sitenote_note":"","_monsterinsights_sitenote_category":0},"categories":[26],"tags":[],"aioseo_notices":[],"gutentor_comment":0,"rttpg_featured_image_url":{"full":["https:\/\/arantv.az\/wp-content\/uploads\/2022\/02\/1019818.jpg",800,600,false],"landscape":["https:\/\/arantv.az\/wp-content\/uploads\/2022\/02\/1019818.jpg",800,600,false],"portraits":["https:\/\/arantv.az\/wp-content\/uploads\/2022\/02\/1019818.jpg",800,600,false],"thumbnail":["https:\/\/arantv.az\/wp-content\/uploads\/2022\/02\/1019818-500x280.jpg",500,280,true],"medium":["https:\/\/arantv.az\/wp-content\/uploads\/2022\/02\/1019818-487x365.jpg",487,365,true],"large":["https:\/\/arantv.az\/wp-content\/uploads\/2022\/02\/1019818.jpg",640,480,false],"1536x1536":["https:\/\/arantv.az\/wp-content\/uploads\/2022\/02\/1019818.jpg",800,600,false],"2048x2048":["https:\/\/arantv.az\/wp-content\/uploads\/2022\/02\/1019818.jpg",800,600,false],"post-thumbnail":["https:\/\/arantv.az\/wp-content\/uploads\/2022\/02\/1019818-240x172.jpg",240,172,true],"advps-thumb-one":["https:\/\/arantv.az\/wp-content\/uploads\/2022\/02\/1019818.jpg",800,600,false]},"rttpg_author":{"display_name":"V\u00fcsal Rafiqo\u011flu","author_link":"https:\/\/arantv.az\/?author=2"},"rttpg_comment":0,"rttpg_category":"<a href=\"https:\/\/arantv.az\/?cat=26\" rel=\"category\">Sosial<\/a>","rttpg_excerpt":"Az\u0259rbaycanda koronavirusun a\u015fkarlanmas\u0131 \u00fc\u00e7\u00fcn g\u00f6t\u00fcr\u00fcl\u0259n analiz n\u00fcmun\u0259l\u0259rinin n\u0259tic\u0259l\u0259ri b\u0259z\u0259n bir g\u00fcn\u0259 b\u0259lli olsa da, 3-4 g\u00fcn gecikm\u0259l\u0259r d\u0259 m\u00fc\u015fahid\u0259 olunur. Test cavablar\u0131 ayd\u0131n olana q\u0259d\u0259r m\u00fcdd\u0259t \u0259rzind\u0259 is\u0259 yoluxmu\u015f \u015f\u0259xs ictimai m\u0259kanlarda olur v\u0259 bu s\u0259b\u0259bd\u0259n yoluxma say\u0131nda art\u0131m m\u00fc\u015fahid\u0259 edilir. B\u0259s karantin m\u00fcdd\u0259ti nec\u0259 t\u0259yin olunur v\u0259 hans\u0131 andan etibar\u0259n hesablan\u0131r? M\u0259s\u0259l\u0259 il\u0259 ba\u011fl\u0131&hellip;","_links":{"self":[{"href":"https:\/\/arantv.az\/index.php?rest_route=\/wp\/v2\/posts\/439373"}],"collection":[{"href":"https:\/\/arantv.az\/index.php?rest_route=\/wp\/v2\/posts"}],"about":[{"href":"https:\/\/arantv.az\/index.php?rest_route=\/wp\/v2\/types\/post"}],"author":[{"embeddable":true,"href":"https:\/\/arantv.az\/index.php?rest_route=\/wp\/v2\/users\/2"}],"replies":[{"embeddable":true,"href":"https:\/\/arantv.az\/index.php?rest_route=%2Fwp%2Fv2%2Fcomments&post=439373"}],"version-history":[{"count":0,"href":"https:\/\/arantv.az\/index.php?rest_route=\/wp\/v2\/posts\/439373\/revisions"}],"wp:featuredmedia":[{"embeddable":true,"href":"https:\/\/arantv.az\/index.php?rest_route=\/wp\/v2\/media\/439374"}],"wp:attachment":[{"href":"https:\/\/arantv.az\/index.php?rest_route=%2Fwp%2Fv2%2Fmedia&parent=439373"}],"wp:term":[{"taxonomy":"category","embeddable":true,"href":"https:\/\/arantv.az\/index.php?rest_route=%2Fwp%2Fv2%2Fcategories&post=439373"},{"taxonomy":"post_tag","embeddable":true,"href":"https:\/\/arantv.az\/index.php?rest_route=%2Fwp%2Fv2%2Ftags&post=439373"}],"curies":[{"name":"wp","href":"https:\/\/api.w.org\/{rel}","templated":true}]}}