{"id":439379,"date":"2022-02-15T15:11:48","date_gmt":"2022-02-15T12:11:48","guid":{"rendered":"http:\/\/arantv.az\/?p=439379"},"modified":"2022-02-15T15:11:48","modified_gmt":"2022-02-15T12:11:48","slug":"ilham-%c9%99liyevd%c9%99n-almaniyali-h%c9%99mkarina-t%c9%99brik-m%c9%99ktubu","status":"publish","type":"post","link":"https:\/\/arantv.az\/?p=439379","title":{"rendered":"\u0130lham \u018fliyevd\u0259n almaniyal\u0131 h\u0259mkar\u0131na t\u0259brik m\u0259ktubu"},"content":{"rendered":"<p>Az\u0259rbaycan Prezidenti \u0130lham \u018fliyev Almaniya Federativ Respublikas\u0131n\u0131n Prezidenti Frank-Valter \u015etaynmayer\u0259 t\u0259brik m\u0259ktubu \u00fcnvanlay\u0131b.<\/p>\n<p><a href=\"https:\/\/president.az\/az\/articles\/view\/55456\" target=\"_blank\" rel=\"noopener\">Prezident.az<\/a>\u00a0x\u0259b\u0259r verir ki, m\u0259ktubda deyilir:<\/p>\n<div class=\"AdviadNativeVideo\"><\/div>\n<p>\u201cAlmaniya Federativ Respublikas\u0131n\u0131n Prezidenti v\u0259zif\u0259sin\u0259 yenid\u0259n se\u00e7ilm\u0259yiniz m\u00fcnasib\u0259til\u0259 Sizi \u00fcr\u0259kd\u0259n t\u0259brik edir\u0259m.<\/p>\n<p>Biz bu il Az\u0259rbaycan il\u0259 Almaniya aras\u0131nda diplomatik \u0259laq\u0259l\u0259rin qurulmas\u0131n\u0131n otuz illiyini qeyd ed\u0259c\u0259yik. Bu d\u00f6vr \u0259rzind\u0259 ikit\u0259r\u0259fli s\u0259viyy\u0259d\u0259 nail oldu\u011fumuz siyasi dialoq, bir s\u0131ra sah\u0259l\u0259rd\u0259 formala\u015fm\u0131\u015f qar\u015f\u0131l\u0131ql\u0131 faydal\u0131 \u0259m\u0259kda\u015fl\u0131q \u00f6lk\u0259l\u0259rimizin maraqlar\u0131na v\u0259 xalqlar\u0131m\u0131z\u0131n m\u0259nafel\u0259rin\u0259 xidm\u0259t edir.<\/p>\n<p>\u0130nan\u0131ram ki, d\u00f6vl\u0259tl\u0259raras\u0131 m\u00fcnasib\u0259tl\u0259rimiz v\u0259 s\u0259m\u0259r\u0259li \u0259m\u0259kda\u015fl\u0131\u011f\u0131m\u0131z ist\u0259r ikit\u0259r\u0259fli qaydada, ist\u0259rs\u0259 d\u0259 Avropa \u0130ttifaq\u0131 \u00e7\u0259r\u00e7iv\u0259sind\u0259 birg\u0259 s\u0259yl\u0259rimizl\u0259 bundan sonra da inki\u015faf ed\u0259c\u0259k v\u0259 geni\u015fl\u0259n\u0259c\u0259kdir.<\/p>\n<p>Siz\u0259 m\u00f6hk\u0259m cansa\u011fl\u0131\u011f\u0131, xo\u015fb\u0259xtlik, m\u0259sul f\u0259aliyy\u0259tinizd\u0259 u\u011furlar dil\u0259yir\u0259m\u201d.<\/p>\n","protected":false},"excerpt":{"rendered":"<p>Az\u0259rbaycan Prezidenti \u0130lham \u018fliyev Almaniya Federativ Respublikas\u0131n\u0131n Prezidenti Frank-Valter \u015etaynmayer\u0259 t\u0259brik m\u0259ktubu \u00fcnvanlay\u0131b. Prezident.az\u00a0x\u0259b\u0259r verir ki, m\u0259ktubda deyilir: \u201cAlmaniya Federativ Respublikas\u0131n\u0131n Prezidenti v\u0259zif\u0259sin\u0259 yenid\u0259n se\u00e7ilm\u0259yiniz m\u00fcnasib\u0259til\u0259 Sizi \u00fcr\u0259kd\u0259n t\u0259brik edir\u0259m. Biz bu il Az\u0259rbaycan il\u0259 Almaniya aras\u0131nda diplomatik \u0259laq\u0259l\u0259rin qurulmas\u0131n\u0131n otuz illiyini qeyd ed\u0259c\u0259yik. Bu d\u00f6vr \u0259rzind\u0259 ikit\u0259r\u0259fli s\u0259viyy\u0259d\u0259 nail oldu\u011fumuz siyasi dialoq, bir s\u0131ra sah\u0259l\u0259rd\u0259 formala\u015fm\u0131\u015f qar\u015f\u0131l\u0131ql\u0131 faydal\u0131 \u0259m\u0259kda\u015fl\u0131q \u00f6lk\u0259l\u0259rimizin maraqlar\u0131na v\u0259 xalqlar\u0131m\u0131z\u0131n m\u0259nafel\u0259rin\u0259 xidm\u0259t edir. \u0130nan\u0131ram ki, d\u00f6vl\u0259tl\u0259raras\u0131 m\u00fcnasib\u0259tl\u0259rimiz v\u0259 s\u0259m\u0259r\u0259li \u0259m\u0259kda\u015fl\u0131\u011f\u0131m\u0131z ist\u0259r ikit\u0259r\u0259fli qaydada, ist\u0259rs\u0259 d\u0259 Avropa \u0130ttifaq\u0131 \u00e7\u0259r\u00e7iv\u0259sind\u0259 birg\u0259 s\u0259yl\u0259rimizl\u0259 bundan sonra da inki\u015faf ed\u0259c\u0259k v\u0259&hellip;<\/p>\n","protected":false},"author":2,"featured_media":439380,"comment_status":"closed","ping_status":"closed","sticky":false,"template":"","format":"standard","meta":{"om_disable_all_campaigns":false,"_monsterinsights_skip_tracking":false,"_monsterinsights_sitenote_active":false,"_monsterinsights_sitenote_note":"","_monsterinsights_sitenote_category":0},"categories":[4],"tags":[],"aioseo_notices":[],"gutentor_comment":0,"rttpg_featured_image_url":{"full":["https:\/\/arantv.az\/wp-content\/uploads\/2022\/02\/1594814467-6.jpg",620,413,false],"landscape":["https:\/\/arantv.az\/wp-content\/uploads\/2022\/02\/1594814467-6.jpg",620,413,false],"portraits":["https:\/\/arantv.az\/wp-content\/uploads\/2022\/02\/1594814467-6.jpg",620,413,false],"thumbnail":["https:\/\/arantv.az\/wp-content\/uploads\/2022\/02\/1594814467-6-500x280.jpg",500,280,true],"medium":["https:\/\/arantv.az\/wp-content\/uploads\/2022\/02\/1594814467-6-548x365.jpg",548,365,true],"large":["https:\/\/arantv.az\/wp-content\/uploads\/2022\/02\/1594814467-6.jpg",620,413,false],"1536x1536":["https:\/\/arantv.az\/wp-content\/uploads\/2022\/02\/1594814467-6.jpg",620,413,false],"2048x2048":["https:\/\/arantv.az\/wp-content\/uploads\/2022\/02\/1594814467-6.jpg",620,413,false],"post-thumbnail":["https:\/\/arantv.az\/wp-content\/uploads\/2022\/02\/1594814467-6-240x172.jpg",240,172,true],"advps-thumb-one":["https:\/\/arantv.az\/wp-content\/uploads\/2022\/02\/1594814467-6.jpg",620,413,false]},"rttpg_author":{"display_name":"V\u00fcsal Rafiqo\u011flu","author_link":"https:\/\/arantv.az\/?author=2"},"rttpg_comment":0,"rttpg_category":"<a href=\"https:\/\/arantv.az\/?cat=4\" rel=\"category\">Siyas\u0259t<\/a>","rttpg_excerpt":"Az\u0259rbaycan Prezidenti \u0130lham \u018fliyev Almaniya Federativ Respublikas\u0131n\u0131n Prezidenti Frank-Valter \u015etaynmayer\u0259 t\u0259brik m\u0259ktubu \u00fcnvanlay\u0131b. Prezident.az\u00a0x\u0259b\u0259r verir ki, m\u0259ktubda deyilir: \u201cAlmaniya Federativ Respublikas\u0131n\u0131n Prezidenti v\u0259zif\u0259sin\u0259 yenid\u0259n se\u00e7ilm\u0259yiniz m\u00fcnasib\u0259til\u0259 Sizi \u00fcr\u0259kd\u0259n t\u0259brik edir\u0259m. Biz bu il Az\u0259rbaycan il\u0259 Almaniya aras\u0131nda diplomatik \u0259laq\u0259l\u0259rin qurulmas\u0131n\u0131n otuz illiyini qeyd ed\u0259c\u0259yik. Bu d\u00f6vr \u0259rzind\u0259 ikit\u0259r\u0259fli s\u0259viyy\u0259d\u0259 nail oldu\u011fumuz siyasi dialoq, bir s\u0131ra&hellip;","_links":{"self":[{"href":"https:\/\/arantv.az\/index.php?rest_route=\/wp\/v2\/posts\/439379"}],"collection":[{"href":"https:\/\/arantv.az\/index.php?rest_route=\/wp\/v2\/posts"}],"about":[{"href":"https:\/\/arantv.az\/index.php?rest_route=\/wp\/v2\/types\/post"}],"author":[{"embeddable":true,"href":"https:\/\/arantv.az\/index.php?rest_route=\/wp\/v2\/users\/2"}],"replies":[{"embeddable":true,"href":"https:\/\/arantv.az\/index.php?rest_route=%2Fwp%2Fv2%2Fcomments&post=439379"}],"version-history":[{"count":0,"href":"https:\/\/arantv.az\/index.php?rest_route=\/wp\/v2\/posts\/439379\/revisions"}],"wp:featuredmedia":[{"embeddable":true,"href":"https:\/\/arantv.az\/index.php?rest_route=\/wp\/v2\/media\/439380"}],"wp:attachment":[{"href":"https:\/\/arantv.az\/index.php?rest_route=%2Fwp%2Fv2%2Fmedia&parent=439379"}],"wp:term":[{"taxonomy":"category","embeddable":true,"href":"https:\/\/arantv.az\/index.php?rest_route=%2Fwp%2Fv2%2Fcategories&post=439379"},{"taxonomy":"post_tag","embeddable":true,"href":"https:\/\/arantv.az\/index.php?rest_route=%2Fwp%2Fv2%2Ftags&post=439379"}],"curies":[{"name":"wp","href":"https:\/\/api.w.org\/{rel}","templated":true}]}}