{"id":439382,"date":"2022-02-15T15:14:43","date_gmt":"2022-02-15T12:14:43","guid":{"rendered":"http:\/\/arantv.az\/?p=439382"},"modified":"2022-02-15T15:14:43","modified_gmt":"2022-02-15T12:14:43","slug":"israil-prezidenti-turkiy%c9%99y%c9%99-s%c9%99f%c9%99r-ed%c9%99c%c9%99k","status":"publish","type":"post","link":"https:\/\/arantv.az\/?p=439382","title":{"rendered":"\u0130srail Prezidenti T\u00fcrkiy\u0259y\u0259 s\u0259f\u0259r ed\u0259c\u0259k"},"content":{"rendered":"<p>\u0130srail Prezidenti \u0130saak Hersoq T\u00fcrkiy\u0259y\u0259 s\u0259f\u0259r ed\u0259c\u0259k.<\/p>\n<p>\u0130.Hersoqun T\u00fcrkiy\u0259y\u0259 s\u0259f\u0259ri 9-10 mart tarixin\u0259 planla\u015fd\u0131r\u0131l\u0131b.<\/p>\n<div class=\"AdviadNativeVideo\"><\/div>\n<p>\u00d6t\u0259n aylarda T\u00fcrkiy\u0259 Prezidenti R\u0259c\u0259b Tayyib \u018frdo\u011fan iki \u00f6lk\u0259nin k\u0259\u015ffiyyat qurumlar\u0131n\u0131n \u0130sraill\u0259 yeni bir proses\u0259 ba\u015flan\u0131l\u0131b-ba\u015flamayaca\u011f\u0131n\u0131 m\u00fczakir\u0259 etdikl\u0259rini v\u0259 bu a\u00e7\u0131qlaman\u0131n g\u00fcnd\u0259md\u0259 m\u00fch\u00fcm yer tutdu\u011funu bildirmi\u015fdi.<\/p>\n<p>Daha sonra h\u0259m T\u00fcrkiy\u0259d\u0259n, h\u0259m d\u0259 \u0130sraild\u0259n \u201cdialoq\u201d mesajlar\u0131 g\u0259lib. 2022-ci ilin yanvar\u0131nda iki \u00f6lk\u0259nin xarici i\u015fl\u0259r nazirl\u0259ri son 13 ild\u0259 ilk d\u0259f\u0259 telefonla dan\u0131\u015f\u0131blar.<\/p>\n<p>Prezidentin s\u00f6z\u00e7\u00fcs\u00fc \u0130brahim Kal\u0131n v\u0259 xarici i\u015fl\u0259r nazirinin m\u00fcavini Sedat \u00d6nal 16-17 fevral 2022-ci il tarixl\u0259rind\u0259 F\u0259l\u0259stin v\u0259 \u0130srail\u0259 s\u0259f\u0259r ed\u0259c\u0259kl\u0259r.<\/p>\n<p>N\u00fcmay\u0259nd\u0259 hey\u0259ti F\u0259l\u0259stin Prezidenti Mahmud Abbas t\u0259r\u0259find\u0259n q\u0259bul olunacaq v\u0259 F\u0259l\u0259stin r\u0259smil\u0259ri il\u0259 dan\u0131\u015f\u0131qlar aparacaq.<\/p>\n<p>H\u0259m\u00e7inin, onlar \u0130srail h\u00f6kum\u0259ti il\u0259 d\u0259 g\u00f6r\u00fc\u015f\u0259c\u0259k, \u0130srail Prezidenti \u0130saak Hersoqun T\u00fcrkiy\u0259y\u0259 s\u0259f\u0259rin\u0259 haz\u0131rl\u0131q m\u0259s\u0259l\u0259l\u0259rini m\u00fczakir\u0259 ed\u0259c\u0259k v\u0259 siyasi m\u0259sl\u0259h\u0259tl\u0259\u015fm\u0259l\u0259r aparacaqlar.<\/p>\n<p>\u0130srailin xarici i\u015fl\u0259r v\u0259 enerji nazirl\u0259ri Antalya Diplomatik Forumunda i\u015ftirak etm\u0259k \u00fc\u00e7\u00fcn T\u00fcrkiy\u0259y\u0259 ged\u0259c\u0259kl\u0259r.<\/p>\n<p>M\u0259nb\u0259: TRT Haber<\/p>\n","protected":false},"excerpt":{"rendered":"<p>\u0130srail Prezidenti \u0130saak Hersoq T\u00fcrkiy\u0259y\u0259 s\u0259f\u0259r ed\u0259c\u0259k. \u0130.Hersoqun T\u00fcrkiy\u0259y\u0259 s\u0259f\u0259ri 9-10 mart tarixin\u0259 planla\u015fd\u0131r\u0131l\u0131b. \u00d6t\u0259n aylarda T\u00fcrkiy\u0259 Prezidenti R\u0259c\u0259b Tayyib \u018frdo\u011fan iki \u00f6lk\u0259nin k\u0259\u015ffiyyat qurumlar\u0131n\u0131n \u0130sraill\u0259 yeni bir proses\u0259 ba\u015flan\u0131l\u0131b-ba\u015flamayaca\u011f\u0131n\u0131 m\u00fczakir\u0259 etdikl\u0259rini v\u0259 bu a\u00e7\u0131qlaman\u0131n g\u00fcnd\u0259md\u0259 m\u00fch\u00fcm yer tutdu\u011funu bildirmi\u015fdi. Daha sonra h\u0259m T\u00fcrkiy\u0259d\u0259n, h\u0259m d\u0259 \u0130sraild\u0259n \u201cdialoq\u201d mesajlar\u0131 g\u0259lib. 2022-ci ilin yanvar\u0131nda iki \u00f6lk\u0259nin xarici i\u015fl\u0259r nazirl\u0259ri son 13 ild\u0259 ilk d\u0259f\u0259 telefonla dan\u0131\u015f\u0131blar. Prezidentin s\u00f6z\u00e7\u00fcs\u00fc \u0130brahim Kal\u0131n v\u0259 xarici i\u015fl\u0259r nazirinin m\u00fcavini Sedat \u00d6nal 16-17 fevral 2022-ci il tarixl\u0259rind\u0259 F\u0259l\u0259stin v\u0259 \u0130srail\u0259 s\u0259f\u0259r ed\u0259c\u0259kl\u0259r. N\u00fcmay\u0259nd\u0259 hey\u0259ti F\u0259l\u0259stin Prezidenti&hellip;<\/p>\n","protected":false},"author":2,"featured_media":439383,"comment_status":"closed","ping_status":"closed","sticky":false,"template":"","format":"standard","meta":{"om_disable_all_campaigns":false,"_monsterinsights_skip_tracking":false,"_monsterinsights_sitenote_active":false,"_monsterinsights_sitenote_note":"","_monsterinsights_sitenote_category":0},"categories":[7],"tags":[],"aioseo_notices":[],"gutentor_comment":0,"rttpg_featured_image_url":{"full":["https:\/\/arantv.az\/wp-content\/uploads\/2022\/02\/273040351_324030936442018_8106672819567985820_n.jpg",620,413,false],"landscape":["https:\/\/arantv.az\/wp-content\/uploads\/2022\/02\/273040351_324030936442018_8106672819567985820_n.jpg",620,413,false],"portraits":["https:\/\/arantv.az\/wp-content\/uploads\/2022\/02\/273040351_324030936442018_8106672819567985820_n.jpg",620,413,false],"thumbnail":["https:\/\/arantv.az\/wp-content\/uploads\/2022\/02\/273040351_324030936442018_8106672819567985820_n-500x280.jpg",500,280,true],"medium":["https:\/\/arantv.az\/wp-content\/uploads\/2022\/02\/273040351_324030936442018_8106672819567985820_n-548x365.jpg",548,365,true],"large":["https:\/\/arantv.az\/wp-content\/uploads\/2022\/02\/273040351_324030936442018_8106672819567985820_n.jpg",620,413,false],"1536x1536":["https:\/\/arantv.az\/wp-content\/uploads\/2022\/02\/273040351_324030936442018_8106672819567985820_n.jpg",620,413,false],"2048x2048":["https:\/\/arantv.az\/wp-content\/uploads\/2022\/02\/273040351_324030936442018_8106672819567985820_n.jpg",620,413,false],"post-thumbnail":["https:\/\/arantv.az\/wp-content\/uploads\/2022\/02\/273040351_324030936442018_8106672819567985820_n-240x172.jpg",240,172,true],"advps-thumb-one":["https:\/\/arantv.az\/wp-content\/uploads\/2022\/02\/273040351_324030936442018_8106672819567985820_n.jpg",620,413,false]},"rttpg_author":{"display_name":"V\u00fcsal Rafiqo\u011flu","author_link":"https:\/\/arantv.az\/?author=2"},"rttpg_comment":0,"rttpg_category":"<a href=\"https:\/\/arantv.az\/?cat=7\" rel=\"category\">D\u00fcnya<\/a>","rttpg_excerpt":"\u0130srail Prezidenti \u0130saak Hersoq T\u00fcrkiy\u0259y\u0259 s\u0259f\u0259r ed\u0259c\u0259k. \u0130.Hersoqun T\u00fcrkiy\u0259y\u0259 s\u0259f\u0259ri 9-10 mart tarixin\u0259 planla\u015fd\u0131r\u0131l\u0131b. \u00d6t\u0259n aylarda T\u00fcrkiy\u0259 Prezidenti R\u0259c\u0259b Tayyib \u018frdo\u011fan iki \u00f6lk\u0259nin k\u0259\u015ffiyyat qurumlar\u0131n\u0131n \u0130sraill\u0259 yeni bir proses\u0259 ba\u015flan\u0131l\u0131b-ba\u015flamayaca\u011f\u0131n\u0131 m\u00fczakir\u0259 etdikl\u0259rini v\u0259 bu a\u00e7\u0131qlaman\u0131n g\u00fcnd\u0259md\u0259 m\u00fch\u00fcm yer tutdu\u011funu bildirmi\u015fdi. Daha sonra h\u0259m T\u00fcrkiy\u0259d\u0259n, h\u0259m d\u0259 \u0130sraild\u0259n \u201cdialoq\u201d mesajlar\u0131 g\u0259lib. 2022-ci ilin yanvar\u0131nda iki \u00f6lk\u0259nin&hellip;","_links":{"self":[{"href":"https:\/\/arantv.az\/index.php?rest_route=\/wp\/v2\/posts\/439382"}],"collection":[{"href":"https:\/\/arantv.az\/index.php?rest_route=\/wp\/v2\/posts"}],"about":[{"href":"https:\/\/arantv.az\/index.php?rest_route=\/wp\/v2\/types\/post"}],"author":[{"embeddable":true,"href":"https:\/\/arantv.az\/index.php?rest_route=\/wp\/v2\/users\/2"}],"replies":[{"embeddable":true,"href":"https:\/\/arantv.az\/index.php?rest_route=%2Fwp%2Fv2%2Fcomments&post=439382"}],"version-history":[{"count":0,"href":"https:\/\/arantv.az\/index.php?rest_route=\/wp\/v2\/posts\/439382\/revisions"}],"wp:featuredmedia":[{"embeddable":true,"href":"https:\/\/arantv.az\/index.php?rest_route=\/wp\/v2\/media\/439383"}],"wp:attachment":[{"href":"https:\/\/arantv.az\/index.php?rest_route=%2Fwp%2Fv2%2Fmedia&parent=439382"}],"wp:term":[{"taxonomy":"category","embeddable":true,"href":"https:\/\/arantv.az\/index.php?rest_route=%2Fwp%2Fv2%2Fcategories&post=439382"},{"taxonomy":"post_tag","embeddable":true,"href":"https:\/\/arantv.az\/index.php?rest_route=%2Fwp%2Fv2%2Ftags&post=439382"}],"curies":[{"name":"wp","href":"https:\/\/api.w.org\/{rel}","templated":true}]}}