{"id":439385,"date":"2022-02-15T15:16:27","date_gmt":"2022-02-15T12:16:27","guid":{"rendered":"http:\/\/arantv.az\/?p=439385"},"modified":"2022-02-15T15:16:27","modified_gmt":"2022-02-15T12:16:27","slug":"az%c9%99rbaycanla-%c9%99m%c9%99kdasligin-davamina-umid-edirik","status":"publish","type":"post","link":"https:\/\/arantv.az\/?p=439385","title":{"rendered":"&#8220;Az\u0259rbaycanla \u0259m\u0259kda\u015fl\u0131\u011f\u0131n davam\u0131na \u00fcmid edirik&#8221;"},"content":{"rendered":"<p>NATO qar\u015f\u0131dak\u0131 m\u00fcdd\u0259td\u0259 Az\u0259rbaycanla y\u00fcks\u0259k s\u0259viyy\u0259d\u0259 siyasi dialoqun v\u0259 geni\u015f praktiki \u0259m\u0259kda\u015fl\u0131\u011f\u0131n davam\u0131na \u00fcmid edir.<\/p>\n<p>Bunu\u00a0<a href=\"https:\/\/az.trend.az\/\" target=\"_blank\" rel=\"noopener\">Trend<\/a>-\u0259 NATO-nun r\u0259smi n\u00fcmay\u0259nd\u0259si deyib.<\/p>\n<p>Az\u0259rbaycan v\u0259 NATO m\u00fcnasib\u0259tl\u0259rinin ikit\u0259r\u0259fli g\u00fcnd\u0259liyini \u015f\u0259rh ed\u0259rk\u0259n o, t\u0259\u015fkilat\u0131n ba\u015f katibinin C\u0259nubi Qafqaz v\u0259 M\u0259rk\u0259zi Asiya \u00fczr\u0259 x\u00fcsusi n\u00fcmay\u0259nd\u0259si Xavyer Kolominan\u0131n s\u0259f\u0259rini v\u0259 bu s\u0259f\u0259r \u00e7\u0259r\u00e7iv\u0259sind\u0259 Az\u0259rbaycan\u0131n bir s\u0131ra r\u0259smi \u015f\u0259xsl\u0259ri il\u0259 g\u00f6r\u00fc\u015fl\u0259rini xat\u0131rlad\u0131b.<\/p>\n<p>&#8220;S\u0259f\u0259r zaman\u0131 NATO il\u0259 Az\u0259rbaycan aras\u0131nda \u0259m\u0259kda\u015fl\u0131q, o c\u00fcml\u0259d\u0259n, Az\u0259rbaycan r\u0259hb\u0259rliyi il\u0259 &#8220;Planla\u015fd\u0131rma v\u0259 t\u0259hlil prosesi&#8221; t\u0259r\u0259fda\u015fl\u0131\u011f\u0131 \u00e7\u0259r\u00e7iv\u0259sind\u0259 \u0259m\u0259kda\u015fl\u0131\u011f\u0131n b\u0259rpas\u0131 n\u0259z\u0259rd\u0259n ke\u00e7irilib. Biz qar\u015f\u0131dak\u0131 m\u00fcdd\u0259td\u0259 Az\u0259rbaycanla y\u00fcks\u0259k s\u0259viyy\u0259d\u0259 siyasi dialoqun v\u0259 geni\u015f praktiki \u0259m\u0259kda\u015fl\u0131\u011f\u0131n davam\u0131na \u00fcmid edirik&#8221;, &#8211; dey\u0259 NATO n\u00fcmay\u0259nd\u0259si bildirib.<\/p>\n<p>O \u0259lav\u0259 edib ki, NATO Az\u0259rbaycan\u0131n \u018ffqan\u0131standa t\u0259\u015fkilat\u0131n f\u0259aliyy\u0259tin\u0259 g\u00f6st\u0259rdiyi d\u0259st\u0259yi, x\u00fcsusil\u0259 \u00f6t\u0259n ilin avqustunda Kabil hava liman\u0131nda m\u00fctt\u0259fiq \u00f6lk\u0259l\u0259rin \u015f\u0259xsi hey\u0259tinin, el\u0259c\u0259 d\u0259 t\u0259hl\u00fck\u0259d\u0259 olan \u0259fqanlar\u0131n t\u0259xliy\u0259si \u00fczr\u0259 s\u0259yl\u0259ri d\u0259st\u0259kl\u0259m\u0259sini y\u00fcks\u0259k qiym\u0259tl\u0259ndirir.<\/p>\n<p>NATO n\u00fcmay\u0259nd\u0259si bildirib ki, Az\u0259rbaycanla NATO aras\u0131nda \u0259m\u0259kda\u015fl\u0131q uzun ill\u0259r \u0259rzind\u0259 m\u00f6hk\u0259m olub.<\/p>\n<p>&#8220;Bu g\u00fcn bu m\u00fcnasib\u0259tl\u0259r s\u0259lahiyy\u0259tl\u0259rin inki\u015faf\u0131ndan enerji t\u0259hl\u00fck\u0259sizliyin\u0259d\u0259k bir \u00e7ox sah\u0259l\u0259ri \u0259hat\u0259 edir&#8221;, &#8211; dey\u0259 o bildirib.<\/p>\n","protected":false},"excerpt":{"rendered":"<p>NATO qar\u015f\u0131dak\u0131 m\u00fcdd\u0259td\u0259 Az\u0259rbaycanla y\u00fcks\u0259k s\u0259viyy\u0259d\u0259 siyasi dialoqun v\u0259 geni\u015f praktiki \u0259m\u0259kda\u015fl\u0131\u011f\u0131n davam\u0131na \u00fcmid edir. Bunu\u00a0Trend-\u0259 NATO-nun r\u0259smi n\u00fcmay\u0259nd\u0259si deyib. Az\u0259rbaycan v\u0259 NATO m\u00fcnasib\u0259tl\u0259rinin ikit\u0259r\u0259fli g\u00fcnd\u0259liyini \u015f\u0259rh ed\u0259rk\u0259n o, t\u0259\u015fkilat\u0131n ba\u015f katibinin C\u0259nubi Qafqaz v\u0259 M\u0259rk\u0259zi Asiya \u00fczr\u0259 x\u00fcsusi n\u00fcmay\u0259nd\u0259si Xavyer Kolominan\u0131n s\u0259f\u0259rini v\u0259 bu s\u0259f\u0259r \u00e7\u0259r\u00e7iv\u0259sind\u0259 Az\u0259rbaycan\u0131n bir s\u0131ra r\u0259smi \u015f\u0259xsl\u0259ri il\u0259 g\u00f6r\u00fc\u015fl\u0259rini xat\u0131rlad\u0131b. &#8220;S\u0259f\u0259r zaman\u0131 NATO il\u0259 Az\u0259rbaycan aras\u0131nda \u0259m\u0259kda\u015fl\u0131q, o c\u00fcml\u0259d\u0259n, Az\u0259rbaycan r\u0259hb\u0259rliyi il\u0259 &#8220;Planla\u015fd\u0131rma v\u0259 t\u0259hlil prosesi&#8221; t\u0259r\u0259fda\u015fl\u0131\u011f\u0131 \u00e7\u0259r\u00e7iv\u0259sind\u0259 \u0259m\u0259kda\u015fl\u0131\u011f\u0131n b\u0259rpas\u0131 n\u0259z\u0259rd\u0259n ke\u00e7irilib. Biz qar\u015f\u0131dak\u0131 m\u00fcdd\u0259td\u0259 Az\u0259rbaycanla y\u00fcks\u0259k s\u0259viyy\u0259d\u0259 siyasi dialoqun v\u0259 geni\u015f praktiki \u0259m\u0259kda\u015fl\u0131\u011f\u0131n davam\u0131na&hellip;<\/p>\n","protected":false},"author":2,"featured_media":439386,"comment_status":"closed","ping_status":"closed","sticky":false,"template":"","format":"standard","meta":{"om_disable_all_campaigns":false,"_monsterinsights_skip_tracking":false,"_monsterinsights_sitenote_active":false,"_monsterinsights_sitenote_note":"","_monsterinsights_sitenote_category":0},"categories":[4],"tags":[],"aioseo_notices":[],"gutentor_comment":0,"rttpg_featured_image_url":{"full":["https:\/\/arantv.az\/wp-content\/uploads\/2022\/02\/1019839.jpg",800,600,false],"landscape":["https:\/\/arantv.az\/wp-content\/uploads\/2022\/02\/1019839.jpg",800,600,false],"portraits":["https:\/\/arantv.az\/wp-content\/uploads\/2022\/02\/1019839.jpg",800,600,false],"thumbnail":["https:\/\/arantv.az\/wp-content\/uploads\/2022\/02\/1019839-500x280.jpg",500,280,true],"medium":["https:\/\/arantv.az\/wp-content\/uploads\/2022\/02\/1019839-487x365.jpg",487,365,true],"large":["https:\/\/arantv.az\/wp-content\/uploads\/2022\/02\/1019839.jpg",640,480,false],"1536x1536":["https:\/\/arantv.az\/wp-content\/uploads\/2022\/02\/1019839.jpg",800,600,false],"2048x2048":["https:\/\/arantv.az\/wp-content\/uploads\/2022\/02\/1019839.jpg",800,600,false],"post-thumbnail":["https:\/\/arantv.az\/wp-content\/uploads\/2022\/02\/1019839-240x172.jpg",240,172,true],"advps-thumb-one":["https:\/\/arantv.az\/wp-content\/uploads\/2022\/02\/1019839.jpg",800,600,false]},"rttpg_author":{"display_name":"V\u00fcsal Rafiqo\u011flu","author_link":"https:\/\/arantv.az\/?author=2"},"rttpg_comment":0,"rttpg_category":"<a href=\"https:\/\/arantv.az\/?cat=4\" rel=\"category\">Siyas\u0259t<\/a>","rttpg_excerpt":"NATO qar\u015f\u0131dak\u0131 m\u00fcdd\u0259td\u0259 Az\u0259rbaycanla y\u00fcks\u0259k s\u0259viyy\u0259d\u0259 siyasi dialoqun v\u0259 geni\u015f praktiki \u0259m\u0259kda\u015fl\u0131\u011f\u0131n davam\u0131na \u00fcmid edir. Bunu\u00a0Trend-\u0259 NATO-nun r\u0259smi n\u00fcmay\u0259nd\u0259si deyib. Az\u0259rbaycan v\u0259 NATO m\u00fcnasib\u0259tl\u0259rinin ikit\u0259r\u0259fli g\u00fcnd\u0259liyini \u015f\u0259rh ed\u0259rk\u0259n o, t\u0259\u015fkilat\u0131n ba\u015f katibinin C\u0259nubi Qafqaz v\u0259 M\u0259rk\u0259zi Asiya \u00fczr\u0259 x\u00fcsusi n\u00fcmay\u0259nd\u0259si Xavyer Kolominan\u0131n s\u0259f\u0259rini v\u0259 bu s\u0259f\u0259r \u00e7\u0259r\u00e7iv\u0259sind\u0259 Az\u0259rbaycan\u0131n bir s\u0131ra r\u0259smi \u015f\u0259xsl\u0259ri il\u0259 g\u00f6r\u00fc\u015fl\u0259rini xat\u0131rlad\u0131b.&hellip;","_links":{"self":[{"href":"https:\/\/arantv.az\/index.php?rest_route=\/wp\/v2\/posts\/439385"}],"collection":[{"href":"https:\/\/arantv.az\/index.php?rest_route=\/wp\/v2\/posts"}],"about":[{"href":"https:\/\/arantv.az\/index.php?rest_route=\/wp\/v2\/types\/post"}],"author":[{"embeddable":true,"href":"https:\/\/arantv.az\/index.php?rest_route=\/wp\/v2\/users\/2"}],"replies":[{"embeddable":true,"href":"https:\/\/arantv.az\/index.php?rest_route=%2Fwp%2Fv2%2Fcomments&post=439385"}],"version-history":[{"count":0,"href":"https:\/\/arantv.az\/index.php?rest_route=\/wp\/v2\/posts\/439385\/revisions"}],"wp:featuredmedia":[{"embeddable":true,"href":"https:\/\/arantv.az\/index.php?rest_route=\/wp\/v2\/media\/439386"}],"wp:attachment":[{"href":"https:\/\/arantv.az\/index.php?rest_route=%2Fwp%2Fv2%2Fmedia&parent=439385"}],"wp:term":[{"taxonomy":"category","embeddable":true,"href":"https:\/\/arantv.az\/index.php?rest_route=%2Fwp%2Fv2%2Fcategories&post=439385"},{"taxonomy":"post_tag","embeddable":true,"href":"https:\/\/arantv.az\/index.php?rest_route=%2Fwp%2Fv2%2Ftags&post=439385"}],"curies":[{"name":"wp","href":"https:\/\/api.w.org\/{rel}","templated":true}]}}