{"id":439389,"date":"2022-02-15T17:19:53","date_gmt":"2022-02-15T14:19:53","guid":{"rendered":"http:\/\/arantv.az\/?p=439389"},"modified":"2022-02-15T17:19:53","modified_gmt":"2022-02-15T14:19:53","slug":"turkiy%c9%99-prezidenti-gulfood-s%c9%99rgisind%c9%99ki-az%c9%99rbaycan-stendini-ziyar%c9%99t-edib","status":"publish","type":"post","link":"https:\/\/arantv.az\/?p=439389","title":{"rendered":"T\u00fcrkiy\u0259 Prezidenti \u201cGulfood\u201d s\u0259rgisind\u0259ki Az\u0259rbaycan stendini ziyar\u0259t edib"},"content":{"rendered":"<p>Birl\u0259\u015fmi\u015f \u018fr\u0259b \u018fmirlikl\u0259rind\u0259 (B\u018f\u018f) s\u0259f\u0259rd\u0259 olan T\u00fcrkiy\u0259 Prezidenti R\u0259c\u0259b Tayyib \u018frdo\u011fan Dubay \u015f\u0259h\u0259rind\u0259 ke\u00e7iril\u0259n \u201cGulfood 2022\u201d beyn\u0259lxalq \u0259rzaq s\u0259rgisind\u0259 Az\u0259rbaycan m\u0259hsullar\u0131n\u0131n n\u00fcmayi\u015f olundu\u011fu stendi ziyar\u0259t edib.<\/p>\n<div class=\"AdviadNativeVideo\"><\/div>\n<p>\u201cReport\u201d bu bar\u0259d\u0259 xarici m\u0259tbuata istinad\u0259n x\u0259b\u0259r verir.<\/p>\n<p>M\u0259lumata g\u00f6r\u0259, R.T.\u018frdo\u011fan Az\u0259rbaycanla yana\u015f\u0131, T\u00fcrkiy\u0259 v\u0259 B\u018f\u018f stendl\u0259rini d\u0259 g\u0259zib.<\/p>\n<p>S\u0259rgid\u0259 \u0130qtisadiyyat Nazirliyinin d\u0259st\u0259yi, Az\u0259rbaycanda \u0130xrac\u0131n v\u0259 \u0130nvestisiyalar\u0131n T\u0259\u015fviqi Fondunun (AZPROMO) t\u0259\u015fkilat\u00e7\u0131l\u0131\u011f\u0131 il\u0259 15 Az\u0259rbaycan \u015firk\u0259ti meyv\u0259 \u015fir\u0259l\u0259ri, t\u0259bii mineral sular\u0131, \u00e7ay, f\u0131nd\u0131q, meyv\u0259-t\u0259r\u0259v\u0259z, konservl\u0259\u015fdirilmi\u015f m\u0259hsullar, q\u0259nnad\u0131 m\u0259mulatlar\u0131 \u201cMade in Azerbaijan\u201d vahid \u00f6lk\u0259 stendind\u0259 n\u00fcmayi\u015f etdirir.<\/p>\n<p>5 g\u00fcn davam ed\u0259c\u0259k s\u0259rgi \u00e7\u0259r\u00e7iv\u0259sind\u0259 Az\u0259rbaycan sahibkarlar\u0131 xarici \u00f6lk\u0259l\u0259rd\u0259n olan h\u0259mkarlar\u0131 il\u0259 g\u00f6r\u00fc\u015fl\u0259r ke\u00e7ir\u0259c\u0259k, m\u0259hsul ixrac\u0131na dair m\u00fczakir\u0259l\u0259r aparacaq.<\/p>\n","protected":false},"excerpt":{"rendered":"<p>Birl\u0259\u015fmi\u015f \u018fr\u0259b \u018fmirlikl\u0259rind\u0259 (B\u018f\u018f) s\u0259f\u0259rd\u0259 olan T\u00fcrkiy\u0259 Prezidenti R\u0259c\u0259b Tayyib \u018frdo\u011fan Dubay \u015f\u0259h\u0259rind\u0259 ke\u00e7iril\u0259n \u201cGulfood 2022\u201d beyn\u0259lxalq \u0259rzaq s\u0259rgisind\u0259 Az\u0259rbaycan m\u0259hsullar\u0131n\u0131n n\u00fcmayi\u015f olundu\u011fu stendi ziyar\u0259t edib. \u201cReport\u201d bu bar\u0259d\u0259 xarici m\u0259tbuata istinad\u0259n x\u0259b\u0259r verir. M\u0259lumata g\u00f6r\u0259, R.T.\u018frdo\u011fan Az\u0259rbaycanla yana\u015f\u0131, T\u00fcrkiy\u0259 v\u0259 B\u018f\u018f stendl\u0259rini d\u0259 g\u0259zib. S\u0259rgid\u0259 \u0130qtisadiyyat Nazirliyinin d\u0259st\u0259yi, Az\u0259rbaycanda \u0130xrac\u0131n v\u0259 \u0130nvestisiyalar\u0131n T\u0259\u015fviqi Fondunun (AZPROMO) t\u0259\u015fkilat\u00e7\u0131l\u0131\u011f\u0131 il\u0259 15 Az\u0259rbaycan \u015firk\u0259ti meyv\u0259 \u015fir\u0259l\u0259ri, t\u0259bii mineral sular\u0131, \u00e7ay, f\u0131nd\u0131q, meyv\u0259-t\u0259r\u0259v\u0259z, konservl\u0259\u015fdirilmi\u015f m\u0259hsullar, q\u0259nnad\u0131 m\u0259mulatlar\u0131 \u201cMade in Azerbaijan\u201d vahid \u00f6lk\u0259 stendind\u0259 n\u00fcmayi\u015f etdirir. 5 g\u00fcn davam ed\u0259c\u0259k s\u0259rgi \u00e7\u0259r\u00e7iv\u0259sind\u0259 Az\u0259rbaycan sahibkarlar\u0131 xarici&hellip;<\/p>\n","protected":false},"author":2,"featured_media":439390,"comment_status":"closed","ping_status":"closed","sticky":false,"template":"","format":"standard","meta":{"om_disable_all_campaigns":false,"_monsterinsights_skip_tracking":false,"_monsterinsights_sitenote_active":false,"_monsterinsights_sitenote_note":"","_monsterinsights_sitenote_category":0},"categories":[4],"tags":[],"aioseo_notices":[],"gutentor_comment":0,"rttpg_featured_image_url":{"full":["https:\/\/arantv.az\/wp-content\/uploads\/2022\/02\/cumhurbaskani-erdogan-dan-ramazan-bayrami-mes-13252175_amp-1.jpg",620,413,false],"landscape":["https:\/\/arantv.az\/wp-content\/uploads\/2022\/02\/cumhurbaskani-erdogan-dan-ramazan-bayrami-mes-13252175_amp-1.jpg",620,413,false],"portraits":["https:\/\/arantv.az\/wp-content\/uploads\/2022\/02\/cumhurbaskani-erdogan-dan-ramazan-bayrami-mes-13252175_amp-1.jpg",620,413,false],"thumbnail":["https:\/\/arantv.az\/wp-content\/uploads\/2022\/02\/cumhurbaskani-erdogan-dan-ramazan-bayrami-mes-13252175_amp-1-500x280.jpg",500,280,true],"medium":["https:\/\/arantv.az\/wp-content\/uploads\/2022\/02\/cumhurbaskani-erdogan-dan-ramazan-bayrami-mes-13252175_amp-1-548x365.jpg",548,365,true],"large":["https:\/\/arantv.az\/wp-content\/uploads\/2022\/02\/cumhurbaskani-erdogan-dan-ramazan-bayrami-mes-13252175_amp-1.jpg",620,413,false],"1536x1536":["https:\/\/arantv.az\/wp-content\/uploads\/2022\/02\/cumhurbaskani-erdogan-dan-ramazan-bayrami-mes-13252175_amp-1.jpg",620,413,false],"2048x2048":["https:\/\/arantv.az\/wp-content\/uploads\/2022\/02\/cumhurbaskani-erdogan-dan-ramazan-bayrami-mes-13252175_amp-1.jpg",620,413,false],"post-thumbnail":["https:\/\/arantv.az\/wp-content\/uploads\/2022\/02\/cumhurbaskani-erdogan-dan-ramazan-bayrami-mes-13252175_amp-1-240x172.jpg",240,172,true],"advps-thumb-one":["https:\/\/arantv.az\/wp-content\/uploads\/2022\/02\/cumhurbaskani-erdogan-dan-ramazan-bayrami-mes-13252175_amp-1.jpg",620,413,false]},"rttpg_author":{"display_name":"V\u00fcsal Rafiqo\u011flu","author_link":"https:\/\/arantv.az\/?author=2"},"rttpg_comment":0,"rttpg_category":"<a href=\"https:\/\/arantv.az\/?cat=4\" rel=\"category\">Siyas\u0259t<\/a>","rttpg_excerpt":"Birl\u0259\u015fmi\u015f \u018fr\u0259b \u018fmirlikl\u0259rind\u0259 (B\u018f\u018f) s\u0259f\u0259rd\u0259 olan T\u00fcrkiy\u0259 Prezidenti R\u0259c\u0259b Tayyib \u018frdo\u011fan Dubay \u015f\u0259h\u0259rind\u0259 ke\u00e7iril\u0259n \u201cGulfood 2022\u201d beyn\u0259lxalq \u0259rzaq s\u0259rgisind\u0259 Az\u0259rbaycan m\u0259hsullar\u0131n\u0131n n\u00fcmayi\u015f olundu\u011fu stendi ziyar\u0259t edib. \u201cReport\u201d bu bar\u0259d\u0259 xarici m\u0259tbuata istinad\u0259n x\u0259b\u0259r verir. M\u0259lumata g\u00f6r\u0259, R.T.\u018frdo\u011fan Az\u0259rbaycanla yana\u015f\u0131, T\u00fcrkiy\u0259 v\u0259 B\u018f\u018f stendl\u0259rini d\u0259 g\u0259zib. S\u0259rgid\u0259 \u0130qtisadiyyat Nazirliyinin d\u0259st\u0259yi, Az\u0259rbaycanda \u0130xrac\u0131n v\u0259 \u0130nvestisiyalar\u0131n T\u0259\u015fviqi Fondunun&hellip;","_links":{"self":[{"href":"https:\/\/arantv.az\/index.php?rest_route=\/wp\/v2\/posts\/439389"}],"collection":[{"href":"https:\/\/arantv.az\/index.php?rest_route=\/wp\/v2\/posts"}],"about":[{"href":"https:\/\/arantv.az\/index.php?rest_route=\/wp\/v2\/types\/post"}],"author":[{"embeddable":true,"href":"https:\/\/arantv.az\/index.php?rest_route=\/wp\/v2\/users\/2"}],"replies":[{"embeddable":true,"href":"https:\/\/arantv.az\/index.php?rest_route=%2Fwp%2Fv2%2Fcomments&post=439389"}],"version-history":[{"count":0,"href":"https:\/\/arantv.az\/index.php?rest_route=\/wp\/v2\/posts\/439389\/revisions"}],"wp:featuredmedia":[{"embeddable":true,"href":"https:\/\/arantv.az\/index.php?rest_route=\/wp\/v2\/media\/439390"}],"wp:attachment":[{"href":"https:\/\/arantv.az\/index.php?rest_route=%2Fwp%2Fv2%2Fmedia&parent=439389"}],"wp:term":[{"taxonomy":"category","embeddable":true,"href":"https:\/\/arantv.az\/index.php?rest_route=%2Fwp%2Fv2%2Fcategories&post=439389"},{"taxonomy":"post_tag","embeddable":true,"href":"https:\/\/arantv.az\/index.php?rest_route=%2Fwp%2Fv2%2Ftags&post=439389"}],"curies":[{"name":"wp","href":"https:\/\/api.w.org\/{rel}","templated":true}]}}