{"id":439395,"date":"2022-02-15T17:23:47","date_gmt":"2022-02-15T14:23:47","guid":{"rendered":"http:\/\/arantv.az\/?p=439395"},"modified":"2022-02-15T17:23:47","modified_gmt":"2022-02-15T14:23:47","slug":"eldar-%c9%99mirov-ramiz-mehdiyevin-qohumudur-amea-dan-aciqlama","status":"publish","type":"post","link":"https:\/\/arantv.az\/?p=439395","title":{"rendered":"Eldar \u018fmirov Ramiz Mehdiyevin qohumudur? &#8211; AMEA-dan A\u00c7IQLAMA"},"content":{"rendered":"<p>AMEA \u00f6t\u0259n g\u00fcn Daxili \u0130\u015fl\u0259r Nazirliyinin Ba\u015f M\u00fct\u0259\u015f\u0259kkil Cinay\u0259tkarl\u0131qla M\u00fcbariz\u0259 \u0130dar\u0259sinin \u0259m\u0259kda\u015flar\u0131\u00a0t\u0259r\u0259find\u0259n saxlan\u0131lan v\u0259 bar\u0259sind\u0259 30 sutka h\u0259bs q\u0259rar\u0131 veril\u0259n qurumun R\u0259yas\u0259t Hey\u0259ti katibliyinin r\u0259isi Eldar \u018fmirovun akademik Ramiz Mehdiyevin qohumu (bald\u0131z\u0131n\u0131n o\u011flu) olmas\u0131na dair m\u0259lumatlara ayd\u0131nl\u0131q g\u0259tirib.<\/p>\n<div class=\"AdviadNativeVideo\"><\/div>\n<p>Qurumun M\u0259tbuat xidm\u0259tind\u0259n \u201cQafqazinfo\u201dya bildirilib ki, Eldar \u018fmirovun AMEA prezidenti Ramiz Mehdiyevin h\u0259yat yolda\u015f\u0131 il\u0259 h\u0259r hans\u0131 qohumluq \u0259laq\u0259si yoxdur.<\/p>\n<p>Qeyd olunur ki, Eldar \u018fmirov \u0259sl\u0259n qaraba\u011fl\u0131d\u0131r v\u0259 A\u011fdam \u015f\u0259h\u0259rind\u0259ndir.<\/p>\n<p>\u201cAkademik Ramiz Mehdiyevin h\u0259yat yolda\u015f\u0131 is\u0259 G\u00fcrc\u00fcstan\u0131n Poti \u015f\u0259h\u0259rind\u0259ndir. Ziyal\u0131 ail\u0259d\u0259 do\u011fulub. Anas\u0131 g\u00fcrc\u00fc, atas\u0131 polyak \u0259sillidir. Ail\u0259d\u0259 bir bac\u0131, bir qarda\u015fd\u0131rlar\u201d, &#8211; dey\u0259 m\u0259lumatda vur\u011fulan\u0131b.<\/p>\n<p>Qeyd ed\u0259k ki, E.\u018fmirov R.Mehdiyevin Prezident Administrasiyas\u0131nda r\u0259hb\u0259r oldu\u011fu vaxtlar da onun k\u00f6m\u0259k\u00e7isi i\u015fl\u0259yib.<\/p>\n","protected":false},"excerpt":{"rendered":"<p>AMEA \u00f6t\u0259n g\u00fcn Daxili \u0130\u015fl\u0259r Nazirliyinin Ba\u015f M\u00fct\u0259\u015f\u0259kkil Cinay\u0259tkarl\u0131qla M\u00fcbariz\u0259 \u0130dar\u0259sinin \u0259m\u0259kda\u015flar\u0131\u00a0t\u0259r\u0259find\u0259n saxlan\u0131lan v\u0259 bar\u0259sind\u0259 30 sutka h\u0259bs q\u0259rar\u0131 veril\u0259n qurumun R\u0259yas\u0259t Hey\u0259ti katibliyinin r\u0259isi Eldar \u018fmirovun akademik Ramiz Mehdiyevin qohumu (bald\u0131z\u0131n\u0131n o\u011flu) olmas\u0131na dair m\u0259lumatlara ayd\u0131nl\u0131q g\u0259tirib. Qurumun M\u0259tbuat xidm\u0259tind\u0259n \u201cQafqazinfo\u201dya bildirilib ki, Eldar \u018fmirovun AMEA prezidenti Ramiz Mehdiyevin h\u0259yat yolda\u015f\u0131 il\u0259 h\u0259r hans\u0131 qohumluq \u0259laq\u0259si yoxdur. Qeyd olunur ki, Eldar \u018fmirov \u0259sl\u0259n qaraba\u011fl\u0131d\u0131r v\u0259 A\u011fdam \u015f\u0259h\u0259rind\u0259ndir. \u201cAkademik Ramiz Mehdiyevin h\u0259yat yolda\u015f\u0131 is\u0259 G\u00fcrc\u00fcstan\u0131n Poti \u015f\u0259h\u0259rind\u0259ndir. Ziyal\u0131 ail\u0259d\u0259 do\u011fulub. Anas\u0131 g\u00fcrc\u00fc, atas\u0131 polyak \u0259sillidir. Ail\u0259d\u0259 bir bac\u0131, bir qarda\u015fd\u0131rlar\u201d,&hellip;<\/p>\n","protected":false},"author":2,"featured_media":439396,"comment_status":"closed","ping_status":"closed","sticky":false,"template":"","format":"standard","meta":{"om_disable_all_campaigns":false,"_monsterinsights_skip_tracking":false,"_monsterinsights_sitenote_active":false,"_monsterinsights_sitenote_note":"","_monsterinsights_sitenote_category":0},"categories":[1],"tags":[],"aioseo_notices":[],"gutentor_comment":0,"rttpg_featured_image_url":{"full":["https:\/\/arantv.az\/wp-content\/uploads\/2022\/02\/FotoJet-1-9.jpg",620,415,false],"landscape":["https:\/\/arantv.az\/wp-content\/uploads\/2022\/02\/FotoJet-1-9.jpg",620,415,false],"portraits":["https:\/\/arantv.az\/wp-content\/uploads\/2022\/02\/FotoJet-1-9.jpg",620,415,false],"thumbnail":["https:\/\/arantv.az\/wp-content\/uploads\/2022\/02\/FotoJet-1-9-500x280.jpg",500,280,true],"medium":["https:\/\/arantv.az\/wp-content\/uploads\/2022\/02\/FotoJet-1-9-545x365.jpg",545,365,true],"large":["https:\/\/arantv.az\/wp-content\/uploads\/2022\/02\/FotoJet-1-9.jpg",620,415,false],"1536x1536":["https:\/\/arantv.az\/wp-content\/uploads\/2022\/02\/FotoJet-1-9.jpg",620,415,false],"2048x2048":["https:\/\/arantv.az\/wp-content\/uploads\/2022\/02\/FotoJet-1-9.jpg",620,415,false],"post-thumbnail":["https:\/\/arantv.az\/wp-content\/uploads\/2022\/02\/FotoJet-1-9-240x172.jpg",240,172,true],"advps-thumb-one":["https:\/\/arantv.az\/wp-content\/uploads\/2022\/02\/FotoJet-1-9.jpg",620,415,false]},"rttpg_author":{"display_name":"V\u00fcsal Rafiqo\u011flu","author_link":"https:\/\/arantv.az\/?author=2"},"rttpg_comment":0,"rttpg_category":"<a href=\"https:\/\/arantv.az\/?cat=1\" rel=\"category\">C\u0259miyy\u0259t<\/a>","rttpg_excerpt":"AMEA \u00f6t\u0259n g\u00fcn Daxili \u0130\u015fl\u0259r Nazirliyinin Ba\u015f M\u00fct\u0259\u015f\u0259kkil Cinay\u0259tkarl\u0131qla M\u00fcbariz\u0259 \u0130dar\u0259sinin \u0259m\u0259kda\u015flar\u0131\u00a0t\u0259r\u0259find\u0259n saxlan\u0131lan v\u0259 bar\u0259sind\u0259 30 sutka h\u0259bs q\u0259rar\u0131 veril\u0259n qurumun R\u0259yas\u0259t Hey\u0259ti katibliyinin r\u0259isi Eldar \u018fmirovun akademik Ramiz Mehdiyevin qohumu (bald\u0131z\u0131n\u0131n o\u011flu) olmas\u0131na dair m\u0259lumatlara ayd\u0131nl\u0131q g\u0259tirib. Qurumun M\u0259tbuat xidm\u0259tind\u0259n \u201cQafqazinfo\u201dya bildirilib ki, Eldar \u018fmirovun AMEA prezidenti Ramiz Mehdiyevin h\u0259yat yolda\u015f\u0131 il\u0259 h\u0259r hans\u0131&hellip;","_links":{"self":[{"href":"https:\/\/arantv.az\/index.php?rest_route=\/wp\/v2\/posts\/439395"}],"collection":[{"href":"https:\/\/arantv.az\/index.php?rest_route=\/wp\/v2\/posts"}],"about":[{"href":"https:\/\/arantv.az\/index.php?rest_route=\/wp\/v2\/types\/post"}],"author":[{"embeddable":true,"href":"https:\/\/arantv.az\/index.php?rest_route=\/wp\/v2\/users\/2"}],"replies":[{"embeddable":true,"href":"https:\/\/arantv.az\/index.php?rest_route=%2Fwp%2Fv2%2Fcomments&post=439395"}],"version-history":[{"count":0,"href":"https:\/\/arantv.az\/index.php?rest_route=\/wp\/v2\/posts\/439395\/revisions"}],"wp:featuredmedia":[{"embeddable":true,"href":"https:\/\/arantv.az\/index.php?rest_route=\/wp\/v2\/media\/439396"}],"wp:attachment":[{"href":"https:\/\/arantv.az\/index.php?rest_route=%2Fwp%2Fv2%2Fmedia&parent=439395"}],"wp:term":[{"taxonomy":"category","embeddable":true,"href":"https:\/\/arantv.az\/index.php?rest_route=%2Fwp%2Fv2%2Fcategories&post=439395"},{"taxonomy":"post_tag","embeddable":true,"href":"https:\/\/arantv.az\/index.php?rest_route=%2Fwp%2Fv2%2Ftags&post=439395"}],"curies":[{"name":"wp","href":"https:\/\/api.w.org\/{rel}","templated":true}]}}