{"id":439408,"date":"2022-02-15T17:33:28","date_gmt":"2022-02-15T14:33:28","guid":{"rendered":"http:\/\/arantv.az\/?p=439408"},"modified":"2022-02-15T17:33:28","modified_gmt":"2022-02-15T14:33:28","slug":"isgaldan-azad-edilmis-%c9%99razil%c9%99rd%c9%99-infrastruktur-layih%c9%99l%c9%99ri-sur%c9%99tl%c9%99-icra-olunur-2","status":"publish","type":"post","link":"https:\/\/arantv.az\/?p=439408","title":{"rendered":"\u0130\u015f\u011faldan azad edilmi\u015f \u0259razil\u0259rd\u0259 infrastruktur layih\u0259l\u0259ri s\u00fcr\u0259tl\u0259 icra olunur"},"content":{"rendered":"<p>D\u00f6vl\u0259timizin ba\u015f\u00e7\u0131s\u0131 \u0130lham \u018fliyev v\u0259 birinci xan\u0131m Mehriban \u018fliyeva fevral\u0131n 13-d\u0259 A\u011fdam rayonuna n\u00f6vb\u0259ti d\u0259f\u0259 s\u0259f\u0259r ed\u0259r\u0259r\u0259k bir s\u0131ra sosial obyektl\u0259rin a\u00e7\u0131l\u0131\u015f\u0131nda v\u0259 t\u0259m\u0259lqoyma m\u0259rasiml\u0259rind\u0259 i\u015ftirak edibl\u0259r. Qeyd edilm\u0259lidir ki, \u00f6t\u0259n il b\u00f6lg\u0259l\u0259r\u0259 47 s\u0259f\u0259r ed\u0259n \u00f6lk\u0259 ba\u015f\u00e7\u0131s\u0131 onlar\u0131n 32-sini i\u015f\u011faldan azad edilmi\u015f \u0259razil\u0259rimiz\u0259 realla\u015fd\u0131rm\u0131\u015fd\u0131r ki, bu da Prezidentin d\u00f6vl\u0259t siyas\u0259tinin \u0259sas\u0131n\u0131n regionlar\u0131n inki\u015faf\u0131na y\u00f6n\u0259ldiyinin bariz n\u00fcmun\u0259sidir.<\/p>\n<p>\u00d6lk\u0259 ba\u015f\u00e7\u0131s\u0131nin bu s\u0259f\u0259ri zaman\u0131 \u00abA\u011fdam-1\u00bb v\u0259 \u00abA\u011fdam-2\u00bb elektrik yar\u0131mstansiyalar\u0131n\u0131n, \u00abQaraba\u011f\u00bb Regional Elektrik \u015e\u0259b\u0259k\u0259sinin R\u0259q\u0259msal \u0130dar\u0259etm\u0259 M\u0259rk\u0259zinin a\u00e7\u0131l\u0131\u015f\u0131 oldu, sonra A\u011fdam S\u0259naye Park\u0131nda f\u0259aliyy\u0259t g\u00f6st\u0259r\u0259c\u0259k alternativ v\u0259 b\u0259rpa olunan enerji m\u0259nb\u0259l\u0259ri il\u0259 qidalanan i\u015f\u0131q dir\u0259kl\u0259rinin, dig\u0259r qur\u011fular\u0131n v\u0259 Xal\u00e7a istehsal\u0131 m\u00fc\u0259ssis\u0259l\u0259rinin, \u00abPark Forest Otel A\u011fdam\u00bb mehmanaxanas\u0131n\u0131n v\u0259 209 m\u0259nzilli yeni \u00a0ya\u015fay\u0131\u015f kompleksinin,\u00a0 201 \u00e7arpay\u0131l\u0131q A\u011fdam Rayon M\u0259rk\u0259zi X\u0259st\u0259xanas\u0131n\u0131n t\u0259m\u0259ll\u0259ri qoyuldu v\u0259 Az\u0259rbaycan Respublikas\u0131 Prezidentinin x\u00fcsusi n\u00fcmay\u0259nd\u0259liyinin q\u0259rargah\u0131nda yarad\u0131lan \u015f\u0259raitl\u0259 tan\u0131\u015fl\u0131q oldu. S\u0259f\u0259r \u00e7\u0259r\u00e7iv\u0259sind\u0259 d\u00f6vl\u0259t ba\u015f\u00e7\u0131s\u0131 v\u0259 birinci xan\u0131m Heyd\u0259r \u018fliyev Fondu t\u0259r\u0259find\u0259n A\u011fdam C\u00fcm\u0259 m\u0259scidind\u0259 b\u0259rpa-restamrasiya i\u015fl\u0259rinin gedi\u015fi il\u0259 tan\u0131\u015f oldular.<\/p>\n<p>Prezident \u0130lham \u018fliyey i\u015f\u011faldan azad edilmi\u015f \u0259razil\u0259r\u0259 s\u0259f\u0259rl\u0259ri zaman\u0131 etdiyi \u00e7\u0131x\u0131\u015flar\u0131nda d\u0259f\u0259l\u0259rl\u0259 b\u0259yan edib ki, \u0259sas h\u0259d\u0259f bu torpaqlar\u0131n c\u0259nn\u0259tm\u0259kana \u00e7evrilm\u0259si, \u0259vv\u0259lki simalar\u0131na qay\u0131tmas\u0131d\u0131r. \u0130\u015f\u011faldan azad edilmi\u015f \u0259razil\u0259rd\u0259 b\u0259rpa v\u0259 quruculuq i\u015fl\u0259ri geni\u015f miqyas\u0131 il\u0259 diqq\u0259td\u0259dir. B\u00f6y\u00fck Qay\u0131d\u0131\u015f\u0131n astanas\u0131nda oldu\u011fumuz g\u00f6z \u00f6n\u00fcnd\u0259dir. D\u00f6vl\u0259t ba\u015f\u00e7\u0131s\u0131 \u0130lham \u018fliyevin qeyd etdiyi kimi, \u00f6t\u0259n d\u00f6vr \u0259rzind\u0259 bu istiqam\u0259td\u0259 g\u00f6r\u00fcl\u0259n i\u015fl\u0259rin miqyas\u0131 o q\u0259d\u0259r geni\u015fdir ki, onlar\u0131 sadalmaq \u00fc\u00e7\u00fcn xeyli vaxt laz\u0131md\u0131r.<\/p>\n<p>Reall\u0131q budur ki, qar\u015f\u0131ya qoyulan h\u0259d\u0259fl\u0259r u\u011furla icra edilir. \u00d6nc\u0259 yol infrastrukturu yenil\u0259ndi v\u0259 bu istiqam\u0259td\u0259 i\u015fl\u0259r davam edir. \u0130\u015f\u011faldan azad edilmi\u015f \u0259razil\u0259rd\u0259 15 f\u0259rqli layih\u0259 \u00fczr\u0259 1400 kilometrd\u0259n art\u0131q uzunluqda yollar\u0131n, habel\u0259 telekommunikasiya \u015f\u0259b\u0259k\u0259l\u0259rinin qurulmas\u0131 v\u0259 rabit\u0259 xidm\u0259tl\u0259rinin t\u0259\u015fkili \u00fczr\u0259 i\u015fl\u0259r d\u0259 s\u00fcr\u0259tl\u0259 davam edir. Bu \u0259razil\u0259rd\u0259 elektrik enerjisinin t\u0259minat\u0131 il\u0259 ba\u011fl\u0131 \u00f6t\u0259n il \u0259rzind\u0259 laz\u0131mi avadanl\u0131qlar\u0131n qura\u015fd\u0131r\u0131lmas\u0131, yar\u0131mstansiyalar\u0131n yenid\u0259n qurulmas\u0131 v\u0259 b\u0259rpas\u0131, elektrik x\u0259tl\u0259rinin \u00e7\u0259kili\u015fi istiqam\u0259tind\u0259 xeyli i\u015fl\u0259r g\u00f6r\u00fcl\u00fcb. Kompleks t\u0259dbirl\u0259r i\u015f\u011faldan azad edilmi\u015f \u0259razil\u0259rimizin q\u0131sa zamanda dir\u00e7\u0259l\u0259c\u0259yin\u0259, sakinl\u0259rini xo\u015f ovqatla qar\u015f\u0131layaca\u011f\u0131na \u0259minlik yarad\u0131r.<\/p>\n<p>Bu g\u00fcn Az\u0259rbaycan\u0131n h\u0259r bir b\u00f6lg\u0259si inki\u015faf, t\u0259r\u0259qqi d\u00f6vr\u00fcn\u00fc ya\u015fay\u0131r. M\u0259qs\u0259d insanlar\u0131n rahat ya\u015fay\u0131\u015f\u0131n\u0131 t\u0259min etm\u0259k, onlar\u0131n m\u0259mnunlu\u011funu art\u0131rmaqd\u0131r. B\u00fct\u00fcn bu i\u015fl\u0259rin h\u0259yata ke\u00e7irilm\u0259sin\u0259 r\u0259hb\u0259rlik ed\u0259n Prezident \u0130lham \u018fliyev\u0259 bu i\u015fl\u0259rind\u0259 u\u011furlar arzulay\u0131r\u0131q.<\/p>\n<p><strong>\u0130srafil K\u0259rimov,<br \/>\nAz\u0259rbaycan Jurnalistl\u0259r Birliyinin \u00fczv\u00fc<\/strong><\/p>\n","protected":false},"excerpt":{"rendered":"<p>D\u00f6vl\u0259timizin ba\u015f\u00e7\u0131s\u0131 \u0130lham \u018fliyev v\u0259 birinci xan\u0131m Mehriban \u018fliyeva fevral\u0131n 13-d\u0259 A\u011fdam rayonuna n\u00f6vb\u0259ti d\u0259f\u0259 s\u0259f\u0259r ed\u0259r\u0259r\u0259k bir s\u0131ra sosial obyektl\u0259rin a\u00e7\u0131l\u0131\u015f\u0131nda v\u0259 t\u0259m\u0259lqoyma m\u0259rasiml\u0259rind\u0259 i\u015ftirak edibl\u0259r. Qeyd edilm\u0259lidir ki, \u00f6t\u0259n il b\u00f6lg\u0259l\u0259r\u0259 47 s\u0259f\u0259r ed\u0259n \u00f6lk\u0259 ba\u015f\u00e7\u0131s\u0131 onlar\u0131n 32-sini i\u015f\u011faldan azad edilmi\u015f \u0259razil\u0259rimiz\u0259 realla\u015fd\u0131rm\u0131\u015fd\u0131r ki, bu da Prezidentin d\u00f6vl\u0259t siyas\u0259tinin \u0259sas\u0131n\u0131n regionlar\u0131n inki\u015faf\u0131na y\u00f6n\u0259ldiyinin bariz n\u00fcmun\u0259sidir. \u00d6lk\u0259 ba\u015f\u00e7\u0131s\u0131nin bu s\u0259f\u0259ri zaman\u0131 \u00abA\u011fdam-1\u00bb v\u0259 \u00abA\u011fdam-2\u00bb elektrik yar\u0131mstansiyalar\u0131n\u0131n, \u00abQaraba\u011f\u00bb Regional Elektrik \u015e\u0259b\u0259k\u0259sinin R\u0259q\u0259msal \u0130dar\u0259etm\u0259 M\u0259rk\u0259zinin a\u00e7\u0131l\u0131\u015f\u0131 oldu, sonra A\u011fdam S\u0259naye Park\u0131nda f\u0259aliyy\u0259t g\u00f6st\u0259r\u0259c\u0259k alternativ v\u0259 b\u0259rpa olunan enerji m\u0259nb\u0259l\u0259ri il\u0259 qidalanan&hellip;<\/p>\n","protected":false},"author":2,"featured_media":439409,"comment_status":"closed","ping_status":"closed","sticky":false,"template":"","format":"standard","meta":{"om_disable_all_campaigns":false,"_monsterinsights_skip_tracking":false,"_monsterinsights_sitenote_active":false,"_monsterinsights_sitenote_note":"","_monsterinsights_sitenote_category":0},"categories":[4],"tags":[],"aioseo_notices":[],"gutentor_comment":0,"rttpg_featured_image_url":{"full":["https:\/\/arantv.az\/wp-content\/uploads\/2022\/02\/5301c4d8164492217519305497710714775.jpg",975,540,false],"landscape":["https:\/\/arantv.az\/wp-content\/uploads\/2022\/02\/5301c4d8164492217519305497710714775.jpg",975,540,false],"portraits":["https:\/\/arantv.az\/wp-content\/uploads\/2022\/02\/5301c4d8164492217519305497710714775.jpg",975,540,false],"thumbnail":["https:\/\/arantv.az\/wp-content\/uploads\/2022\/02\/5301c4d8164492217519305497710714775-500x280.jpg",500,280,true],"medium":["https:\/\/arantv.az\/wp-content\/uploads\/2022\/02\/5301c4d8164492217519305497710714775-660x365.jpg",660,365,true],"large":["https:\/\/arantv.az\/wp-content\/uploads\/2022\/02\/5301c4d8164492217519305497710714775-840x465.jpg",640,354,true],"1536x1536":["https:\/\/arantv.az\/wp-content\/uploads\/2022\/02\/5301c4d8164492217519305497710714775.jpg",975,540,false],"2048x2048":["https:\/\/arantv.az\/wp-content\/uploads\/2022\/02\/5301c4d8164492217519305497710714775.jpg",975,540,false],"post-thumbnail":["https:\/\/arantv.az\/wp-content\/uploads\/2022\/02\/5301c4d8164492217519305497710714775-240x172.jpg",240,172,true],"advps-thumb-one":["https:\/\/arantv.az\/wp-content\/uploads\/2022\/02\/5301c4d8164492217519305497710714775.jpg",975,540,false]},"rttpg_author":{"display_name":"V\u00fcsal Rafiqo\u011flu","author_link":"https:\/\/arantv.az\/?author=2"},"rttpg_comment":0,"rttpg_category":"<a href=\"https:\/\/arantv.az\/?cat=4\" rel=\"category\">Siyas\u0259t<\/a>","rttpg_excerpt":"D\u00f6vl\u0259timizin ba\u015f\u00e7\u0131s\u0131 \u0130lham \u018fliyev v\u0259 birinci xan\u0131m Mehriban \u018fliyeva fevral\u0131n 13-d\u0259 A\u011fdam rayonuna n\u00f6vb\u0259ti d\u0259f\u0259 s\u0259f\u0259r ed\u0259r\u0259r\u0259k bir s\u0131ra sosial obyektl\u0259rin a\u00e7\u0131l\u0131\u015f\u0131nda v\u0259 t\u0259m\u0259lqoyma m\u0259rasiml\u0259rind\u0259 i\u015ftirak edibl\u0259r. Qeyd edilm\u0259lidir ki, \u00f6t\u0259n il b\u00f6lg\u0259l\u0259r\u0259 47 s\u0259f\u0259r ed\u0259n \u00f6lk\u0259 ba\u015f\u00e7\u0131s\u0131 onlar\u0131n 32-sini i\u015f\u011faldan azad edilmi\u015f \u0259razil\u0259rimiz\u0259 realla\u015fd\u0131rm\u0131\u015fd\u0131r ki, bu da Prezidentin d\u00f6vl\u0259t siyas\u0259tinin \u0259sas\u0131n\u0131n regionlar\u0131n inki\u015faf\u0131na y\u00f6n\u0259ldiyinin&hellip;","_links":{"self":[{"href":"https:\/\/arantv.az\/index.php?rest_route=\/wp\/v2\/posts\/439408"}],"collection":[{"href":"https:\/\/arantv.az\/index.php?rest_route=\/wp\/v2\/posts"}],"about":[{"href":"https:\/\/arantv.az\/index.php?rest_route=\/wp\/v2\/types\/post"}],"author":[{"embeddable":true,"href":"https:\/\/arantv.az\/index.php?rest_route=\/wp\/v2\/users\/2"}],"replies":[{"embeddable":true,"href":"https:\/\/arantv.az\/index.php?rest_route=%2Fwp%2Fv2%2Fcomments&post=439408"}],"version-history":[{"count":0,"href":"https:\/\/arantv.az\/index.php?rest_route=\/wp\/v2\/posts\/439408\/revisions"}],"wp:featuredmedia":[{"embeddable":true,"href":"https:\/\/arantv.az\/index.php?rest_route=\/wp\/v2\/media\/439409"}],"wp:attachment":[{"href":"https:\/\/arantv.az\/index.php?rest_route=%2Fwp%2Fv2%2Fmedia&parent=439408"}],"wp:term":[{"taxonomy":"category","embeddable":true,"href":"https:\/\/arantv.az\/index.php?rest_route=%2Fwp%2Fv2%2Fcategories&post=439408"},{"taxonomy":"post_tag","embeddable":true,"href":"https:\/\/arantv.az\/index.php?rest_route=%2Fwp%2Fv2%2Ftags&post=439408"}],"curies":[{"name":"wp","href":"https:\/\/api.w.org\/{rel}","templated":true}]}}