{"id":439450,"date":"2022-02-15T19:34:22","date_gmt":"2022-02-15T16:34:22","guid":{"rendered":"http:\/\/arantv.az\/?p=439450"},"modified":"2022-02-15T19:34:22","modified_gmt":"2022-02-15T16:34:22","slug":"mu%c9%99llimi-t%c9%99hqir-ed%c9%99n-m%c9%99kt%c9%99b-direktoru-isd%c9%99n-cixarilib","status":"publish","type":"post","link":"https:\/\/arantv.az\/?p=439450","title":{"rendered":"M\u00fc\u0259llimi t\u0259hqir ed\u0259n m\u0259kt\u0259b direktoru i\u015fd\u0259n \u00e7\u0131xar\u0131l\u0131b"},"content":{"rendered":"<p>K\u0259lb\u0259c\u0259r rayon 111 n\u00f6mr\u0259li tam orta m\u0259kt\u0259bin direktoru V\u0259fa \u018fmiraslanova tutdu\u011fu v\u0259zif\u0259d\u0259n azad olunub.<\/p>\n<p>APA x\u0259b\u0259r verir ki, sosial \u015f\u0259b\u0259k\u0259l\u0259rd\u0259 yay\u0131lan m\u0259lum videog\u00f6r\u00fcnt\u00fc il\u0259 ba\u011fl\u0131 m\u0259s\u0259l\u0259 ara\u015fd\u0131r\u0131l\u0131b v\u0259 T\u0259hsil Nazirliyinin m\u00fcvafiq \u0259mri il\u0259 m\u0259kt\u0259bin direktoru \u018fmiraslanova V\u0259fa \u018fmiraslan q\u0131z\u0131 tutdu\u011fu v\u0259zif\u0259d\u0259n azad edilib.<\/p>\n<p>Qeyd ed\u0259k ki, bir q\u0259d\u0259r \u0259vv\u0259l G\u00f6yg\u00f6l rayonunda yerl\u0259\u015f\u0259n K\u0259lb\u0259c\u0259r rayon 111 sayl\u0131 tam orta m\u0259kt\u0259bd\u0259 m\u0259kt\u0259b direktoru il\u0259 m\u00fc\u0259llim aras\u0131nda ba\u015f ver\u0259n m\u00fcbahis\u0259 il\u0259 ba\u011fl\u0131 videog\u00f6r\u00fcnt\u00fcl\u0259r yay\u0131l\u0131b. Video orta m\u0259kt\u0259bin ibtidai sinif m\u00fc\u0259llimi \u0130slam \u018fliyev t\u0259r\u0259find\u0259n \u00e7\u0259kilib. G\u00f6r\u00fcnt\u00fcl\u0259rd\u0259 m\u0259kt\u0259bin direktoru V\u0259fa \u018fmiraslanova ad\u0131\u00e7\u0259kil\u0259n m\u00fc\u0259llimi t\u0259hqir edib. Yay\u0131lan videoya m\u00fcnasib\u0259t bildir\u0259n direktor is\u0259 deyib ki, g\u00f6r\u00fcnt\u00fcl\u0259r m\u0259qs\u0259dli \u015f\u0259kild\u0259 \u00e7\u0259kilib v\u0259 montaj olunduqdan sonra yay\u0131l\u0131b.<\/p>\n","protected":false},"excerpt":{"rendered":"<p>K\u0259lb\u0259c\u0259r rayon 111 n\u00f6mr\u0259li tam orta m\u0259kt\u0259bin direktoru V\u0259fa \u018fmiraslanova tutdu\u011fu v\u0259zif\u0259d\u0259n azad olunub. APA x\u0259b\u0259r verir ki, sosial \u015f\u0259b\u0259k\u0259l\u0259rd\u0259 yay\u0131lan m\u0259lum videog\u00f6r\u00fcnt\u00fc il\u0259 ba\u011fl\u0131 m\u0259s\u0259l\u0259 ara\u015fd\u0131r\u0131l\u0131b v\u0259 T\u0259hsil Nazirliyinin m\u00fcvafiq \u0259mri il\u0259 m\u0259kt\u0259bin direktoru \u018fmiraslanova V\u0259fa \u018fmiraslan q\u0131z\u0131 tutdu\u011fu v\u0259zif\u0259d\u0259n azad edilib. Qeyd ed\u0259k ki, bir q\u0259d\u0259r \u0259vv\u0259l G\u00f6yg\u00f6l rayonunda yerl\u0259\u015f\u0259n K\u0259lb\u0259c\u0259r rayon 111 sayl\u0131 tam orta m\u0259kt\u0259bd\u0259 m\u0259kt\u0259b direktoru il\u0259 m\u00fc\u0259llim aras\u0131nda ba\u015f ver\u0259n m\u00fcbahis\u0259 il\u0259 ba\u011fl\u0131 videog\u00f6r\u00fcnt\u00fcl\u0259r yay\u0131l\u0131b. Video orta m\u0259kt\u0259bin ibtidai sinif m\u00fc\u0259llimi \u0130slam \u018fliyev t\u0259r\u0259find\u0259n \u00e7\u0259kilib. G\u00f6r\u00fcnt\u00fcl\u0259rd\u0259 m\u0259kt\u0259bin direktoru V\u0259fa \u018fmiraslanova ad\u0131\u00e7\u0259kil\u0259n m\u00fc\u0259llimi t\u0259hqir edib.&hellip;<\/p>\n","protected":false},"author":2,"featured_media":439451,"comment_status":"closed","ping_status":"closed","sticky":false,"template":"","format":"standard","meta":{"om_disable_all_campaigns":false,"_monsterinsights_skip_tracking":false,"_monsterinsights_sitenote_active":false,"_monsterinsights_sitenote_note":"","_monsterinsights_sitenote_category":0},"categories":[1],"tags":[],"aioseo_notices":[],"gutentor_comment":0,"rttpg_featured_image_url":{"full":["https:\/\/arantv.az\/wp-content\/uploads\/2022\/02\/FotoJet-2022-02-15T201246.138.jpg",620,413,false],"landscape":["https:\/\/arantv.az\/wp-content\/uploads\/2022\/02\/FotoJet-2022-02-15T201246.138.jpg",620,413,false],"portraits":["https:\/\/arantv.az\/wp-content\/uploads\/2022\/02\/FotoJet-2022-02-15T201246.138.jpg",620,413,false],"thumbnail":["https:\/\/arantv.az\/wp-content\/uploads\/2022\/02\/FotoJet-2022-02-15T201246.138-500x280.jpg",500,280,true],"medium":["https:\/\/arantv.az\/wp-content\/uploads\/2022\/02\/FotoJet-2022-02-15T201246.138-548x365.jpg",548,365,true],"large":["https:\/\/arantv.az\/wp-content\/uploads\/2022\/02\/FotoJet-2022-02-15T201246.138.jpg",620,413,false],"1536x1536":["https:\/\/arantv.az\/wp-content\/uploads\/2022\/02\/FotoJet-2022-02-15T201246.138.jpg",620,413,false],"2048x2048":["https:\/\/arantv.az\/wp-content\/uploads\/2022\/02\/FotoJet-2022-02-15T201246.138.jpg",620,413,false],"post-thumbnail":["https:\/\/arantv.az\/wp-content\/uploads\/2022\/02\/FotoJet-2022-02-15T201246.138-240x172.jpg",240,172,true],"advps-thumb-one":["https:\/\/arantv.az\/wp-content\/uploads\/2022\/02\/FotoJet-2022-02-15T201246.138.jpg",620,413,false]},"rttpg_author":{"display_name":"V\u00fcsal Rafiqo\u011flu","author_link":"https:\/\/arantv.az\/?author=2"},"rttpg_comment":0,"rttpg_category":"<a href=\"https:\/\/arantv.az\/?cat=1\" rel=\"category\">C\u0259miyy\u0259t<\/a>","rttpg_excerpt":"K\u0259lb\u0259c\u0259r rayon 111 n\u00f6mr\u0259li tam orta m\u0259kt\u0259bin direktoru V\u0259fa \u018fmiraslanova tutdu\u011fu v\u0259zif\u0259d\u0259n azad olunub. APA x\u0259b\u0259r verir ki, sosial \u015f\u0259b\u0259k\u0259l\u0259rd\u0259 yay\u0131lan m\u0259lum videog\u00f6r\u00fcnt\u00fc il\u0259 ba\u011fl\u0131 m\u0259s\u0259l\u0259 ara\u015fd\u0131r\u0131l\u0131b v\u0259 T\u0259hsil Nazirliyinin m\u00fcvafiq \u0259mri il\u0259 m\u0259kt\u0259bin direktoru \u018fmiraslanova V\u0259fa \u018fmiraslan q\u0131z\u0131 tutdu\u011fu v\u0259zif\u0259d\u0259n azad edilib. Qeyd ed\u0259k ki, bir q\u0259d\u0259r \u0259vv\u0259l G\u00f6yg\u00f6l rayonunda yerl\u0259\u015f\u0259n K\u0259lb\u0259c\u0259r rayon 111&hellip;","_links":{"self":[{"href":"https:\/\/arantv.az\/index.php?rest_route=\/wp\/v2\/posts\/439450"}],"collection":[{"href":"https:\/\/arantv.az\/index.php?rest_route=\/wp\/v2\/posts"}],"about":[{"href":"https:\/\/arantv.az\/index.php?rest_route=\/wp\/v2\/types\/post"}],"author":[{"embeddable":true,"href":"https:\/\/arantv.az\/index.php?rest_route=\/wp\/v2\/users\/2"}],"replies":[{"embeddable":true,"href":"https:\/\/arantv.az\/index.php?rest_route=%2Fwp%2Fv2%2Fcomments&post=439450"}],"version-history":[{"count":0,"href":"https:\/\/arantv.az\/index.php?rest_route=\/wp\/v2\/posts\/439450\/revisions"}],"wp:featuredmedia":[{"embeddable":true,"href":"https:\/\/arantv.az\/index.php?rest_route=\/wp\/v2\/media\/439451"}],"wp:attachment":[{"href":"https:\/\/arantv.az\/index.php?rest_route=%2Fwp%2Fv2%2Fmedia&parent=439450"}],"wp:term":[{"taxonomy":"category","embeddable":true,"href":"https:\/\/arantv.az\/index.php?rest_route=%2Fwp%2Fv2%2Fcategories&post=439450"},{"taxonomy":"post_tag","embeddable":true,"href":"https:\/\/arantv.az\/index.php?rest_route=%2Fwp%2Fv2%2Ftags&post=439450"}],"curies":[{"name":"wp","href":"https:\/\/api.w.org\/{rel}","templated":true}]}}