{"id":439469,"date":"2022-02-15T19:42:27","date_gmt":"2022-02-15T16:42:27","guid":{"rendered":"http:\/\/arantv.az\/?p=439469"},"modified":"2022-02-15T19:42:27","modified_gmt":"2022-02-15T16:42:27","slug":"h%c9%99r-iki-geosiyasi-quvv%c9%99-az%c9%99rbaycani-oz-dus%c9%99rg%c9%99sind%c9%99-gorm%c9%99k-ist%c9%99yir","status":"publish","type":"post","link":"https:\/\/arantv.az\/?p=439469","title":{"rendered":"&#8220;H\u0259r iki geosiyasi q\u00fcvv\u0259 Az\u0259rbaycan\u0131 \u00f6z d\u00fc\u015f\u0259rg\u0259sind\u0259 g\u00f6rm\u0259k ist\u0259yir&#8221;"},"content":{"rendered":"<p>Az\u0259rbaycan b\u00fct\u00fcn tarixi \u0259rzind\u0259 m\u00fcnaqi\u015f\u0259 v\u0259 m\u00fcharib\u0259 ocaqlar\u0131na yaln\u0131z beyn\u0259lxalq h\u00fcquq, s\u00fclh v\u0259 t\u0259hl\u00fck\u0259sizlik prinsipl\u0259rind\u0259n \u00e7\u0131x\u0131\u015f ed\u0259r\u0259k yana\u015f\u0131b<\/p>\n<p>Bunu\u00a0<a href=\"https:\/\/az.trend.az\/\" target=\"_blank\" rel=\"noopener\">Trend<\/a>-\u0259 a\u00e7\u0131qlamas\u0131nda &#8220;Bak\u0131 x\u0259b\u0259r&#8221; q\u0259zetinin ba\u015f redaktoru, siyasi ekspert Ayd\u0131n Quliyev deyib.<\/p>\n<p>O bildirib ki, Q\u0259rb v\u0259 Rusiya bu h\u0259rbi-siyasi qar\u015f\u0131durmada daha \u00e7ox d\u00fcnya v\u0259 region d\u00f6vl\u0259tl\u0259rini \u00f6z yanlar\u0131nda g\u00f6rm\u0259k ist\u0259yirl\u0259r. Ekspertin s\u00f6zl\u0259rin\u0259 g\u00f6r\u0259, Ukrayna \u0259traf\u0131nda v\u0259ziyy\u0259t g\u0259rginl\u0259\u015fdikc\u0259 bu prosesin t\u0259sirl\u0259ri \u00f6z\u00fcn\u00fc yax\u0131n v\u0259 uzaq region \u00f6lk\u0259l\u0259rind\u0259 ayd\u0131n g\u00f6st\u0259rir.<\/p>\n<p>&#8220;Q\u0259rbin v\u0259 Rusiyan\u0131n h\u0259rbi-siyasi qar\u015f\u0131durmas\u0131nda onlar daha \u00e7ox d\u00fcnya v\u0259 region d\u00f6vl\u0259tl\u0259rini \u00f6z yanlar\u0131nda g\u00f6rm\u0259k ist\u0259yirl\u0259r.T\u0259bii ki, Az\u0259rbaycan\u0131n kimin yan\u0131nda olmas\u0131n\u0131n h\u0259r iki t\u0259r\u0259f \u00fc\u00e7\u00fcn b\u00f6y\u00fck \u0259h\u0259miyy\u0259ti var v\u0259 h\u0259r iki geosiyasi q\u00fcvv\u0259 Az\u0259rbaycan\u0131 \u00f6z d\u00fc\u015f\u0259rg\u0259sind\u0259 g\u00f6rm\u0259k ist\u0259yir. Az\u0259rbaycan\u0131n d\u00fcnya siyas\u0259tind\u0259 sabit v\u0259 g\u00fccl\u0259n\u0259n m\u00f6vqeyi, h\u0259rbi-iqtisadi g\u00fcc\u00fc, beyn\u0259lxalq t\u0259\u015fkilatlarda n\u00fcfuzu v\u0259 oynad\u0131\u011f\u0131 rol \u00f6lk\u0259mizi \u00e7ox \u0259h\u0259miyy\u0259tli m\u00f6vqel\u0259r\u0259 \u00e7\u0131xar\u0131b. NATO v\u0259 Rusiyan\u0131n Ukrayna il\u0259 ba\u011fl\u0131 siyas\u0259t v\u0259 iddialar\u0131 onlar\u0131n \u00f6z maraqlar\u0131 \u00fcz\u0259rind\u0259 quruldu\u011fu halda, Az\u0259rbaycan\u0131n haz\u0131rk\u0131 d\u00f6vl\u0259t siyas\u0259ti ill\u0259rin s\u0131na\u011f\u0131ndan u\u011furla ke\u00e7\u0259r\u0259k \u00f6lk\u0259nin milli t\u0259hl\u00fck\u0259sizlik maraqlar\u0131na tam cavab verib. Eyni zamanda, qlobal s\u00fclh v\u0259 t\u0259hl\u00fck\u0259sizliy\u0259, \u0259m\u0259kda\u015fl\u0131\u011fa \u00f6z t\u00f6hf\u0259l\u0259rini verib.<\/p>\n<p>Bu \u015f\u0259raitd\u0259 Ukrayna \u0259traf\u0131nda ba\u015f ver\u0259nl\u0259r\u0259 Az\u0259rbaycan\u0131n m\u00fcnasib\u0259ti he\u00e7 d\u0259 qar\u015f\u0131durma t\u0259r\u0259fl\u0259rinin yox, Az\u0259rbaycan\u0131n \u00f6z\u00fcn\u00fcn t\u0259hl\u00fck\u0259sizlik maraqlar\u0131 \u00fcz\u0259rind\u0259 davam etdirilm\u0259lidir. Az\u0259rbaycan art\u0131q 30 il\u0259 yax\u0131n n\u00fcdd\u0259td\u0259 he\u00e7 bir h\u0259rbi-siyasi bloka qo\u015fulmadan qlobal t\u0259hl\u00fck\u0259sizliy\u0259 v\u0259 s\u00fclh\u0259 daha \u00e7ox tohf\u0259l\u0259r verib. Az\u0259rbaycan diplomatiyas\u0131n\u0131n Heyd\u0259r \u018fliyevd\u0259n ba\u015flayaraq indiy\u0259d\u0259k \u015f\u0259ksiz u\u011fur \u015f\u0259rti m\u0259hz m\u00fcxt\u0259lif bloklara qo\u015fulmamaqdan ibar\u0259tdir. \u00d6lk\u0259nin milli t\u0259hl\u00fck\u0259sizlik konsepsiyas\u0131 da beyn\u0259lxalq h\u00fcquqa, milli m\u0259nafel\u0259r\u0259 v\u0259 m\u00fcst\u0259qil siyas\u0259t prinsipl\u0259rin\u0259 uy\u011fun qurulub. Az\u0259rbaycan\u0131n \u00f6z\u00fc \u0259h\u0259miyy\u0259tli geosiyasi m\u00f6vqed\u0259 yerl\u0259\u015fdiyi \u00fc\u00e7\u00fcn b\u00fct\u00fcn m\u00fcst\u0259qillik d\u00f6vr\u00fcnd\u0259 fasil\u0259siz \u015f\u0259kild\u0259 t\u0259zyiql\u0259r\u0259 m\u0259ruz qal\u0131b. Lakin Az\u0259rbaycan m\u00fcxt\u0259lif t\u0259zyiql\u0259rd\u0259n h\u0259r d\u0259f\u0259 u\u011furla \u00e7\u0131xaraq, \u00fcst\u0259lik, geosiyasi q\u00fctbl\u0259rin maraq v\u0259 m\u0259nafel\u0259rini balansla\u015fd\u0131raraq dinc \u0259m\u0259kda\u015fl\u0131q yoluna m\u0259har\u0259tl\u0259 d\u00f6nd\u0259r\u0259 bilib&#8221;, &#8211; dey\u0259 A.Quliyev bildirib.<\/p>\n<p>Ekspert qeyd edib ki, m\u0259hz m\u00fcst\u0259qil daxili v\u0259 xarici siyas\u0259t say\u0259sind\u0259 Az\u0259rbaycan Avropan\u0131n enerji v\u0259 h\u0259rbi t\u0259hl\u00fck\u0259sizliyin\u0259 stabil \u015f\u0259kild\u0259 t\u00f6hf\u0259 verm\u0259kd\u0259dir: &#8220;Qo\u015fulmama H\u0259r\u0259kat\u0131n\u0131n f\u0259al \u00fczv\u00fc v\u0259 s\u0259dri kimi Az\u0259rbaycan m\u00fcxt\u0259lif beyn\u0259lxalq t\u0259\u015fkilatlar\u0131n v\u0259 d\u00f6vl\u0259tl\u0259rin m\u00fcnasib\u0259tl\u0259rinin s\u0131xla\u015fd\u0131r\u0131lmas\u0131nda m\u00fcst\u0259sna \u0259h\u0259miyy\u0259tli rol oynamaqdad\u0131r. Bu g\u00fcn Ukrayna m\u0259s\u0259l\u0259sin\u0259 g\u00f6r\u0259 Az\u0259rbaycan\u0131 \u00f6z t\u0259r\u0259find\u0259 g\u00f6rm\u0259k ist\u0259y\u0259n q\u00fcvv\u0259l\u0259r Az\u0259rbaycan\u0131n \u00f6z m\u00fcst\u0259qil siyas\u0259t kursuna ba\u011fl\u0131l\u0131\u011f\u0131n\u0131n d\u0259yi\u015fm\u0259z oldu\u011funu n\u0259z\u0259r\u0259 almal\u0131, Az\u0259rbaycan\u0131n iki qar\u015f\u0131duran q\u00fctb aras\u0131nda vasit\u0259\u00e7ilik v\u0259 bar\u0131\u015fd\u0131r\u0131c\u0131l\u0131q imkanlar\u0131n\u0131n indi daha faydal\u0131 ola bil\u0259c\u0259yi bar\u0259d\u0259 d\u00fc\u015f\u00fcnm\u0259lidirl\u0259r. Az\u0259rbaycan b\u00fct\u00fcn m\u00fcst\u0259qillik d\u00f6vr\u00fcnd\u0259 beyn\u0259lxalq m\u00fcnasib\u0259tl\u0259rd\u0259 ham\u0131l\u0131qla tan\u0131nm\u0131\u015f norma v\u0259 prinsipl\u0259r\u0259 ard\u0131c\u0131l sadiq \u00f6lk\u0259 kimi \u00f6z\u00fcn\u00fc g\u00f6st\u0259rib. H\u0259tta 30 ild\u0259n \u00e7ox m\u00fcdd\u0259td\u0259 xarici t\u0259cav\u00fcz\u0259 v\u0259 apar\u0131c\u0131 \u00f6lk\u0259l\u0259rin ikili standart siyas\u0259tin\u0259 m\u0259ruz qalsa da, beyn\u0259lxalq h\u00fcquq normalar\u0131na sadiqlikd\u0259n bir add\u0131m geri \u00e7\u0259kilm\u0259di. Bunu da x\u00fcsusi dem\u0259k laz\u0131md\u0131r ku, Az\u0259rbaycan \u00f6z \u0259razi b\u00fct\u00f6vl\u00fcy\u00fc namin\u0259 \u0259dal\u0259tli V\u0259t\u0259n m\u00fcharib\u0259sin\u0259 c\u0259lb olundu\u011fu vaxtlarda bel\u0259 beyn\u0259lxalq h\u00fcquq v\u0259 hunanitar siyas\u0259t prinsipl\u0259rini k\u0259nara qoymad\u0131. Az\u0259rbaycan b\u00fct\u00fcn tarixi \u0259rzind\u0259 m\u00fcnaqi\u015f\u0259 v\u0259 m\u00fcharib\u0259 ocaqlar\u0131na yaln\u0131z beyn\u0259lxalq h\u00fcquq, s\u00fclh v\u0259 t\u0259hl\u00fck\u0259sizlik prinsipl\u0259rind\u0259n \u00e7\u0131x\u0131\u015f ed\u0259r\u0259k yana\u015f\u0131b. T\u0259cr\u00fcb\u0259 g\u00f6st\u0259rir ki, Az\u0259rbaycan \u00f6z m\u00fcst\u0259qil xarici siyas\u0259ti il\u0259 m\u00fcnaqi\u015f\u0259l\u0259rin qar\u015f\u0131s\u0131n\u0131n al\u0131nmas\u0131nda, h\u0259llind\u0259 \u00f6z missiyas\u0131n\u0131 u\u011furla icra edib. D\u00fcnyan\u0131n Ukrayna m\u0259s\u0259l\u0259si il\u0259 ba\u011fl\u0131 \u00e7ox m\u00fcr\u0259kk\u0259b beyn\u0259lxalq m\u00fcnasib\u0259tl\u0259rin \u0259raf\u0259sind\u0259 olmas\u0131 Az\u0259rbaycan kimi \u00f6lk\u0259l\u0259rin m\u00fcst\u0259qil v\u0259 t\u0259r\u0259fsiz siyas\u0259tinin daha perspektivli oldu\u011funu bir daha t\u0259sdiql\u0259yir. Az\u0259rbaycan\u0131n m\u00fcst\u0259qil xarici siyas\u0259ti Ukrayna g\u0259rginliyinin d\u0259 daha a\u011f\u0131r prosesl\u0259r\u0259 \u00e7evrilm\u0259sinin qar\u015f\u0131s\u0131n\u0131 almaqda t\u0259sirli rol oynaya bil\u0259r&#8221;.<\/p>\n","protected":false},"excerpt":{"rendered":"<p>Az\u0259rbaycan b\u00fct\u00fcn tarixi \u0259rzind\u0259 m\u00fcnaqi\u015f\u0259 v\u0259 m\u00fcharib\u0259 ocaqlar\u0131na yaln\u0131z beyn\u0259lxalq h\u00fcquq, s\u00fclh v\u0259 t\u0259hl\u00fck\u0259sizlik prinsipl\u0259rind\u0259n \u00e7\u0131x\u0131\u015f ed\u0259r\u0259k yana\u015f\u0131b Bunu\u00a0Trend-\u0259 a\u00e7\u0131qlamas\u0131nda &#8220;Bak\u0131 x\u0259b\u0259r&#8221; q\u0259zetinin ba\u015f redaktoru, siyasi ekspert Ayd\u0131n Quliyev deyib. O bildirib ki, Q\u0259rb v\u0259 Rusiya bu h\u0259rbi-siyasi qar\u015f\u0131durmada daha \u00e7ox d\u00fcnya v\u0259 region d\u00f6vl\u0259tl\u0259rini \u00f6z yanlar\u0131nda g\u00f6rm\u0259k ist\u0259yirl\u0259r. Ekspertin s\u00f6zl\u0259rin\u0259 g\u00f6r\u0259, Ukrayna \u0259traf\u0131nda v\u0259ziyy\u0259t g\u0259rginl\u0259\u015fdikc\u0259 bu prosesin t\u0259sirl\u0259ri \u00f6z\u00fcn\u00fc yax\u0131n v\u0259 uzaq region \u00f6lk\u0259l\u0259rind\u0259 ayd\u0131n g\u00f6st\u0259rir. &#8220;Q\u0259rbin v\u0259 Rusiyan\u0131n h\u0259rbi-siyasi qar\u015f\u0131durmas\u0131nda onlar daha \u00e7ox d\u00fcnya v\u0259 region d\u00f6vl\u0259tl\u0259rini \u00f6z yanlar\u0131nda g\u00f6rm\u0259k ist\u0259yirl\u0259r.T\u0259bii ki, Az\u0259rbaycan\u0131n kimin yan\u0131nda olmas\u0131n\u0131n h\u0259r iki&hellip;<\/p>\n","protected":false},"author":2,"featured_media":439470,"comment_status":"closed","ping_status":"closed","sticky":false,"template":"","format":"standard","meta":{"om_disable_all_campaigns":false,"_monsterinsights_skip_tracking":false,"_monsterinsights_sitenote_active":false,"_monsterinsights_sitenote_note":"","_monsterinsights_sitenote_category":0},"categories":[4],"tags":[],"aioseo_notices":[],"gutentor_comment":0,"rttpg_featured_image_url":{"full":["https:\/\/arantv.az\/wp-content\/uploads\/2022\/02\/1019844.jpg",800,600,false],"landscape":["https:\/\/arantv.az\/wp-content\/uploads\/2022\/02\/1019844.jpg",800,600,false],"portraits":["https:\/\/arantv.az\/wp-content\/uploads\/2022\/02\/1019844.jpg",800,600,false],"thumbnail":["https:\/\/arantv.az\/wp-content\/uploads\/2022\/02\/1019844-500x280.jpg",500,280,true],"medium":["https:\/\/arantv.az\/wp-content\/uploads\/2022\/02\/1019844-487x365.jpg",487,365,true],"large":["https:\/\/arantv.az\/wp-content\/uploads\/2022\/02\/1019844.jpg",640,480,false],"1536x1536":["https:\/\/arantv.az\/wp-content\/uploads\/2022\/02\/1019844.jpg",800,600,false],"2048x2048":["https:\/\/arantv.az\/wp-content\/uploads\/2022\/02\/1019844.jpg",800,600,false],"post-thumbnail":["https:\/\/arantv.az\/wp-content\/uploads\/2022\/02\/1019844-240x172.jpg",240,172,true],"advps-thumb-one":["https:\/\/arantv.az\/wp-content\/uploads\/2022\/02\/1019844.jpg",800,600,false]},"rttpg_author":{"display_name":"V\u00fcsal Rafiqo\u011flu","author_link":"https:\/\/arantv.az\/?author=2"},"rttpg_comment":0,"rttpg_category":"<a href=\"https:\/\/arantv.az\/?cat=4\" rel=\"category\">Siyas\u0259t<\/a>","rttpg_excerpt":"Az\u0259rbaycan b\u00fct\u00fcn tarixi \u0259rzind\u0259 m\u00fcnaqi\u015f\u0259 v\u0259 m\u00fcharib\u0259 ocaqlar\u0131na yaln\u0131z beyn\u0259lxalq h\u00fcquq, s\u00fclh v\u0259 t\u0259hl\u00fck\u0259sizlik prinsipl\u0259rind\u0259n \u00e7\u0131x\u0131\u015f ed\u0259r\u0259k yana\u015f\u0131b Bunu\u00a0Trend-\u0259 a\u00e7\u0131qlamas\u0131nda &#8220;Bak\u0131 x\u0259b\u0259r&#8221; q\u0259zetinin ba\u015f redaktoru, siyasi ekspert Ayd\u0131n Quliyev deyib. O bildirib ki, Q\u0259rb v\u0259 Rusiya bu h\u0259rbi-siyasi qar\u015f\u0131durmada daha \u00e7ox d\u00fcnya v\u0259 region d\u00f6vl\u0259tl\u0259rini \u00f6z yanlar\u0131nda g\u00f6rm\u0259k ist\u0259yirl\u0259r. Ekspertin s\u00f6zl\u0259rin\u0259 g\u00f6r\u0259, Ukrayna \u0259traf\u0131nda v\u0259ziyy\u0259t&hellip;","_links":{"self":[{"href":"https:\/\/arantv.az\/index.php?rest_route=\/wp\/v2\/posts\/439469"}],"collection":[{"href":"https:\/\/arantv.az\/index.php?rest_route=\/wp\/v2\/posts"}],"about":[{"href":"https:\/\/arantv.az\/index.php?rest_route=\/wp\/v2\/types\/post"}],"author":[{"embeddable":true,"href":"https:\/\/arantv.az\/index.php?rest_route=\/wp\/v2\/users\/2"}],"replies":[{"embeddable":true,"href":"https:\/\/arantv.az\/index.php?rest_route=%2Fwp%2Fv2%2Fcomments&post=439469"}],"version-history":[{"count":0,"href":"https:\/\/arantv.az\/index.php?rest_route=\/wp\/v2\/posts\/439469\/revisions"}],"wp:featuredmedia":[{"embeddable":true,"href":"https:\/\/arantv.az\/index.php?rest_route=\/wp\/v2\/media\/439470"}],"wp:attachment":[{"href":"https:\/\/arantv.az\/index.php?rest_route=%2Fwp%2Fv2%2Fmedia&parent=439469"}],"wp:term":[{"taxonomy":"category","embeddable":true,"href":"https:\/\/arantv.az\/index.php?rest_route=%2Fwp%2Fv2%2Fcategories&post=439469"},{"taxonomy":"post_tag","embeddable":true,"href":"https:\/\/arantv.az\/index.php?rest_route=%2Fwp%2Fv2%2Ftags&post=439469"}],"curies":[{"name":"wp","href":"https:\/\/api.w.org\/{rel}","templated":true}]}}