{"id":439472,"date":"2022-02-15T19:43:46","date_gmt":"2022-02-15T16:43:46","guid":{"rendered":"http:\/\/arantv.az\/?p=439472"},"modified":"2022-02-15T19:43:46","modified_gmt":"2022-02-15T16:43:46","slug":"yasil-enerji-zonasi-il%c9%99-bagli-konseptual-s%c9%99n%c9%99d-hazirlanib","status":"publish","type":"post","link":"https:\/\/arantv.az\/?p=439472","title":{"rendered":"\u201cYa\u015f\u0131l Enerji Zonas\u0131\u201d il\u0259 ba\u011fl\u0131 konseptual s\u0259n\u0259d haz\u0131rlan\u0131b"},"content":{"rendered":"<p>\u0130\u015f\u011faldan azad edilmi\u015f \u0259razil\u0259rd\u0259 &#8220;Ya\u015f\u0131l Enerji Zonas\u0131&#8221; yarad\u0131lmas\u0131 il\u0259 ba\u011fl\u0131 Yaponiyan\u0131n TEPSCO \u015firk\u0259ti c\u0259lb edilm\u0259kl\u0259 haz\u0131rlanm\u0131\u015f konsepsiya s\u0259n\u0259di Az\u0259rbaycan h\u00f6kum\u0259tin\u0259 t\u0259qdim olunub<\/p>\n<p>Energetika Nazirliyind\u0259n veril\u0259n m\u0259lumata g\u00f6r\u0259, konsepsiya \u00e7\u0259r\u00e7iv\u0259sind\u0259 \u0259halinin m\u0259skunla\u015fmas\u0131 v\u0259 iqtisadi inki\u015faf ssenaril\u0259rind\u0259n as\u0131l\u0131 olaraq enerji t\u0259chizat\u0131 variantlar\u0131 d\u0259y\u0259rl\u0259ndirilib.<\/p>\n<p>Bundan ba\u015fqa, \u0259razinin enerji potensial\u0131 n\u0259z\u0259r\u0259 al\u0131nmaqla t\u0259tbiq edil\u0259c\u0259k m\u00fcxt\u0259lif &#8220;ya\u015f\u0131l&#8221; texnologiyalar \u00fczr\u0259 t\u0259hlill\u0259r apar\u0131l\u0131b.<\/p>\n<p>&#8220;Konsepsiya \u00e7\u0259r\u00e7iv\u0259sind\u0259 m\u00fc\u0259yy\u0259n edil\u0259r\u0259k t\u0259klif edilmi\u015f ssenari \u00fczr\u0259 daha t\u0259fsilatl\u0131 17 t\u0259hlil v\u0259 t\u0259klifl\u0259ri \u00f6z\u00fcnd\u0259 \u0259ks etdir\u0259c\u0259k Ba\u015f Plan s\u0259n\u0259dinin 2022-ci ilin birinci yar\u0131s\u0131nda haz\u0131rlanmas\u0131 n\u0259z\u0259rd\u0259 tutulur&#8221;,- m\u0259lumatda deyilir.<\/p>\n<p>Qeyd olunur ki, azad edlmi\u015f \u0259razil\u0259rd\u0259 g\u00fcn\u0259\u015f enerjisi potensial\u0131 7200 meqavatt, k\u00fcl\u0259k enerjisi potensial\u0131 2000 meqavatt olaraq m\u00fc\u0259yy\u0259n edilib.<\/p>\n<p>&nbsp;<\/p>\n<div id=\"AinsyndicationPlayerId\" class=\"inpage\" data-viewable=\"1\">\n<div class=\"inpage-wrap\">\n<div class=\"inpage-top\">\n<div class=\"adsg-logo\"><\/div>\n<\/div>\n<\/div>\n<\/div>\n<p>&#8220;Ki\u00e7ik su elektrik stansiyalar\u0131n t\u0259dqiqi \u00fc\u00e7\u00fcn Qubadl\u0131, La\u00e7\u0131n, K\u0259lb\u0259c\u0259r rayonlar\u0131na t\u0259\u015fkil edilmi\u015f \u00e7oxsayl\u0131 ekspedisiyalarda i\u015f\u011faldan azad edilmi\u015f (o c\u00fcml\u0259d\u0259n s\u00fclhm\u0259raml\u0131lar\u0131n yerl\u0259\u015fdirildiyi \u0259razil\u0259r d\u0259 daxil olmaqla) \u0259razil\u0259rd\u0259 156 meqavatt\u0131 (41 \u0259d\u0259d) ki\u00e7ik su elektrik stansiyalar \u0131olmaqla \u00fcmumilikd\u0259 g\u00fcc\u00fc 241,3 meqavatt olan 45 stansiya m\u00fc\u0259yy\u0259n olunub. M\u0259lum olub ki, 34 stansiyan\u0131 i\u015f\u011fal\u00e7\u0131lar \u0259razil\u0259ri t\u0259rk ed\u0259rk\u0259n yarars\u0131z hala sal\u0131b&#8221;, &#8211; m\u0259lumatda deyilir.<\/p>\n<p>&nbsp;<\/p>\n","protected":false},"excerpt":{"rendered":"<p>\u0130\u015f\u011faldan azad edilmi\u015f \u0259razil\u0259rd\u0259 &#8220;Ya\u015f\u0131l Enerji Zonas\u0131&#8221; yarad\u0131lmas\u0131 il\u0259 ba\u011fl\u0131 Yaponiyan\u0131n TEPSCO \u015firk\u0259ti c\u0259lb edilm\u0259kl\u0259 haz\u0131rlanm\u0131\u015f konsepsiya s\u0259n\u0259di Az\u0259rbaycan h\u00f6kum\u0259tin\u0259 t\u0259qdim olunub Energetika Nazirliyind\u0259n veril\u0259n m\u0259lumata g\u00f6r\u0259, konsepsiya \u00e7\u0259r\u00e7iv\u0259sind\u0259 \u0259halinin m\u0259skunla\u015fmas\u0131 v\u0259 iqtisadi inki\u015faf ssenaril\u0259rind\u0259n as\u0131l\u0131 olaraq enerji t\u0259chizat\u0131 variantlar\u0131 d\u0259y\u0259rl\u0259ndirilib. Bundan ba\u015fqa, \u0259razinin enerji potensial\u0131 n\u0259z\u0259r\u0259 al\u0131nmaqla t\u0259tbiq edil\u0259c\u0259k m\u00fcxt\u0259lif &#8220;ya\u015f\u0131l&#8221; texnologiyalar \u00fczr\u0259 t\u0259hlill\u0259r apar\u0131l\u0131b. &#8220;Konsepsiya \u00e7\u0259r\u00e7iv\u0259sind\u0259 m\u00fc\u0259yy\u0259n edil\u0259r\u0259k t\u0259klif edilmi\u015f ssenari \u00fczr\u0259 daha t\u0259fsilatl\u0131 17 t\u0259hlil v\u0259 t\u0259klifl\u0259ri \u00f6z\u00fcnd\u0259 \u0259ks etdir\u0259c\u0259k Ba\u015f Plan s\u0259n\u0259dinin 2022-ci ilin birinci yar\u0131s\u0131nda haz\u0131rlanmas\u0131 n\u0259z\u0259rd\u0259 tutulur&#8221;,- m\u0259lumatda deyilir. Qeyd olunur ki, azad edlmi\u015f&hellip;<\/p>\n","protected":false},"author":2,"featured_media":439473,"comment_status":"closed","ping_status":"closed","sticky":false,"template":"","format":"standard","meta":{"om_disable_all_campaigns":false,"_monsterinsights_skip_tracking":false,"_monsterinsights_sitenote_active":false,"_monsterinsights_sitenote_note":"","_monsterinsights_sitenote_category":0},"categories":[19],"tags":[],"aioseo_notices":[],"gutentor_comment":0,"rttpg_featured_image_url":{"full":["https:\/\/arantv.az\/wp-content\/uploads\/2022\/02\/1019865.jpg",600,400,false],"landscape":["https:\/\/arantv.az\/wp-content\/uploads\/2022\/02\/1019865.jpg",600,400,false],"portraits":["https:\/\/arantv.az\/wp-content\/uploads\/2022\/02\/1019865.jpg",600,400,false],"thumbnail":["https:\/\/arantv.az\/wp-content\/uploads\/2022\/02\/1019865-500x280.jpg",500,280,true],"medium":["https:\/\/arantv.az\/wp-content\/uploads\/2022\/02\/1019865-548x365.jpg",548,365,true],"large":["https:\/\/arantv.az\/wp-content\/uploads\/2022\/02\/1019865.jpg",600,400,false],"1536x1536":["https:\/\/arantv.az\/wp-content\/uploads\/2022\/02\/1019865.jpg",600,400,false],"2048x2048":["https:\/\/arantv.az\/wp-content\/uploads\/2022\/02\/1019865.jpg",600,400,false],"post-thumbnail":["https:\/\/arantv.az\/wp-content\/uploads\/2022\/02\/1019865-240x172.jpg",240,172,true],"advps-thumb-one":["https:\/\/arantv.az\/wp-content\/uploads\/2022\/02\/1019865.jpg",600,400,false]},"rttpg_author":{"display_name":"V\u00fcsal Rafiqo\u011flu","author_link":"https:\/\/arantv.az\/?author=2"},"rttpg_comment":0,"rttpg_category":"<a href=\"https:\/\/arantv.az\/?cat=19\" rel=\"category\">G\u00fcnd\u0259m<\/a>","rttpg_excerpt":"\u0130\u015f\u011faldan azad edilmi\u015f \u0259razil\u0259rd\u0259 &#8220;Ya\u015f\u0131l Enerji Zonas\u0131&#8221; yarad\u0131lmas\u0131 il\u0259 ba\u011fl\u0131 Yaponiyan\u0131n TEPSCO \u015firk\u0259ti c\u0259lb edilm\u0259kl\u0259 haz\u0131rlanm\u0131\u015f konsepsiya s\u0259n\u0259di Az\u0259rbaycan h\u00f6kum\u0259tin\u0259 t\u0259qdim olunub Energetika Nazirliyind\u0259n veril\u0259n m\u0259lumata g\u00f6r\u0259, konsepsiya \u00e7\u0259r\u00e7iv\u0259sind\u0259 \u0259halinin m\u0259skunla\u015fmas\u0131 v\u0259 iqtisadi inki\u015faf ssenaril\u0259rind\u0259n as\u0131l\u0131 olaraq enerji t\u0259chizat\u0131 variantlar\u0131 d\u0259y\u0259rl\u0259ndirilib. Bundan ba\u015fqa, \u0259razinin enerji potensial\u0131 n\u0259z\u0259r\u0259 al\u0131nmaqla t\u0259tbiq edil\u0259c\u0259k m\u00fcxt\u0259lif &#8220;ya\u015f\u0131l&#8221; texnologiyalar \u00fczr\u0259 t\u0259hlill\u0259r&hellip;","_links":{"self":[{"href":"https:\/\/arantv.az\/index.php?rest_route=\/wp\/v2\/posts\/439472"}],"collection":[{"href":"https:\/\/arantv.az\/index.php?rest_route=\/wp\/v2\/posts"}],"about":[{"href":"https:\/\/arantv.az\/index.php?rest_route=\/wp\/v2\/types\/post"}],"author":[{"embeddable":true,"href":"https:\/\/arantv.az\/index.php?rest_route=\/wp\/v2\/users\/2"}],"replies":[{"embeddable":true,"href":"https:\/\/arantv.az\/index.php?rest_route=%2Fwp%2Fv2%2Fcomments&post=439472"}],"version-history":[{"count":0,"href":"https:\/\/arantv.az\/index.php?rest_route=\/wp\/v2\/posts\/439472\/revisions"}],"wp:featuredmedia":[{"embeddable":true,"href":"https:\/\/arantv.az\/index.php?rest_route=\/wp\/v2\/media\/439473"}],"wp:attachment":[{"href":"https:\/\/arantv.az\/index.php?rest_route=%2Fwp%2Fv2%2Fmedia&parent=439472"}],"wp:term":[{"taxonomy":"category","embeddable":true,"href":"https:\/\/arantv.az\/index.php?rest_route=%2Fwp%2Fv2%2Fcategories&post=439472"},{"taxonomy":"post_tag","embeddable":true,"href":"https:\/\/arantv.az\/index.php?rest_route=%2Fwp%2Fv2%2Ftags&post=439472"}],"curies":[{"name":"wp","href":"https:\/\/api.w.org\/{rel}","templated":true}]}}