{"id":439478,"date":"2022-02-15T21:12:25","date_gmt":"2022-02-15T18:12:25","guid":{"rendered":"http:\/\/arantv.az\/?p=439478"},"modified":"2022-02-15T21:12:25","modified_gmt":"2022-02-15T18:12:25","slug":"serbiyada-parlament-buraxildi-v%c9%99-novb%c9%99d%c9%99nk%c9%99nar-seckil%c9%99r-t%c9%99yin-edildi","status":"publish","type":"post","link":"https:\/\/arantv.az\/?p=439478","title":{"rendered":"Serbiyada parlament burax\u0131ld\u0131 v\u0259 n\u00f6vb\u0259d\u0259nk\u0259nar se\u00e7kil\u0259r t\u0259yin edildi"},"content":{"rendered":"<p>Serbiya prezidenti Aleksandr Vu\u00e7i\u00e7 parlamenti burax\u0131b.<\/p>\n<div class=\"AdviadNativeVideo\"><\/div>\n<p>O, m\u00fcvafiq s\u0259n\u0259di d\u00f6vl\u0259t televiziyas\u0131ndan xalqa m\u00fcraci\u0259ti zaman\u0131 imzalay\u0131b.<\/p>\n<p>D\u00f6vl\u0259t ba\u015f\u00e7\u0131s\u0131 canl\u0131 efird\u0259 \u00f6lk\u0259nin qanunverici orqan\u0131na n\u00f6vb\u0259d\u0259nk\u0259nar se\u00e7kil\u0259rin aprelin 3-n\u0259 t\u0259yin edildiyini bildirib.<\/p>\n<p>M\u0259nb\u0259: TASS<\/p>\n","protected":false},"excerpt":{"rendered":"<p>Serbiya prezidenti Aleksandr Vu\u00e7i\u00e7 parlamenti burax\u0131b. O, m\u00fcvafiq s\u0259n\u0259di d\u00f6vl\u0259t televiziyas\u0131ndan xalqa m\u00fcraci\u0259ti zaman\u0131 imzalay\u0131b. D\u00f6vl\u0259t ba\u015f\u00e7\u0131s\u0131 canl\u0131 efird\u0259 \u00f6lk\u0259nin qanunverici orqan\u0131na n\u00f6vb\u0259d\u0259nk\u0259nar se\u00e7kil\u0259rin aprelin 3-n\u0259 t\u0259yin edildiyini bildirib. M\u0259nb\u0259: TASS<\/p>\n","protected":false},"author":2,"featured_media":439479,"comment_status":"closed","ping_status":"closed","sticky":false,"template":"","format":"standard","meta":{"om_disable_all_campaigns":false,"_monsterinsights_skip_tracking":false,"_monsterinsights_sitenote_active":false,"_monsterinsights_sitenote_note":"","_monsterinsights_sitenote_category":0},"categories":[7],"tags":[],"aioseo_notices":[],"gutentor_comment":0,"rttpg_featured_image_url":{"full":["https:\/\/arantv.az\/wp-content\/uploads\/2022\/02\/1644424296-Tan2022-2-9_17293151_0-1200x800-1.jpg",620,413,false],"landscape":["https:\/\/arantv.az\/wp-content\/uploads\/2022\/02\/1644424296-Tan2022-2-9_17293151_0-1200x800-1.jpg",620,413,false],"portraits":["https:\/\/arantv.az\/wp-content\/uploads\/2022\/02\/1644424296-Tan2022-2-9_17293151_0-1200x800-1.jpg",620,413,false],"thumbnail":["https:\/\/arantv.az\/wp-content\/uploads\/2022\/02\/1644424296-Tan2022-2-9_17293151_0-1200x800-1-500x280.jpg",500,280,true],"medium":["https:\/\/arantv.az\/wp-content\/uploads\/2022\/02\/1644424296-Tan2022-2-9_17293151_0-1200x800-1-548x365.jpg",548,365,true],"large":["https:\/\/arantv.az\/wp-content\/uploads\/2022\/02\/1644424296-Tan2022-2-9_17293151_0-1200x800-1.jpg",620,413,false],"1536x1536":["https:\/\/arantv.az\/wp-content\/uploads\/2022\/02\/1644424296-Tan2022-2-9_17293151_0-1200x800-1.jpg",620,413,false],"2048x2048":["https:\/\/arantv.az\/wp-content\/uploads\/2022\/02\/1644424296-Tan2022-2-9_17293151_0-1200x800-1.jpg",620,413,false],"post-thumbnail":["https:\/\/arantv.az\/wp-content\/uploads\/2022\/02\/1644424296-Tan2022-2-9_17293151_0-1200x800-1-240x172.jpg",240,172,true],"advps-thumb-one":["https:\/\/arantv.az\/wp-content\/uploads\/2022\/02\/1644424296-Tan2022-2-9_17293151_0-1200x800-1.jpg",620,413,false]},"rttpg_author":{"display_name":"V\u00fcsal Rafiqo\u011flu","author_link":"https:\/\/arantv.az\/?author=2"},"rttpg_comment":0,"rttpg_category":"<a href=\"https:\/\/arantv.az\/?cat=7\" rel=\"category\">D\u00fcnya<\/a>","rttpg_excerpt":"Serbiya prezidenti Aleksandr Vu\u00e7i\u00e7 parlamenti burax\u0131b. O, m\u00fcvafiq s\u0259n\u0259di d\u00f6vl\u0259t televiziyas\u0131ndan xalqa m\u00fcraci\u0259ti zaman\u0131 imzalay\u0131b. D\u00f6vl\u0259t ba\u015f\u00e7\u0131s\u0131 canl\u0131 efird\u0259 \u00f6lk\u0259nin qanunverici orqan\u0131na n\u00f6vb\u0259d\u0259nk\u0259nar se\u00e7kil\u0259rin aprelin 3-n\u0259 t\u0259yin edildiyini bildirib. M\u0259nb\u0259: TASS","_links":{"self":[{"href":"https:\/\/arantv.az\/index.php?rest_route=\/wp\/v2\/posts\/439478"}],"collection":[{"href":"https:\/\/arantv.az\/index.php?rest_route=\/wp\/v2\/posts"}],"about":[{"href":"https:\/\/arantv.az\/index.php?rest_route=\/wp\/v2\/types\/post"}],"author":[{"embeddable":true,"href":"https:\/\/arantv.az\/index.php?rest_route=\/wp\/v2\/users\/2"}],"replies":[{"embeddable":true,"href":"https:\/\/arantv.az\/index.php?rest_route=%2Fwp%2Fv2%2Fcomments&post=439478"}],"version-history":[{"count":0,"href":"https:\/\/arantv.az\/index.php?rest_route=\/wp\/v2\/posts\/439478\/revisions"}],"wp:featuredmedia":[{"embeddable":true,"href":"https:\/\/arantv.az\/index.php?rest_route=\/wp\/v2\/media\/439479"}],"wp:attachment":[{"href":"https:\/\/arantv.az\/index.php?rest_route=%2Fwp%2Fv2%2Fmedia&parent=439478"}],"wp:term":[{"taxonomy":"category","embeddable":true,"href":"https:\/\/arantv.az\/index.php?rest_route=%2Fwp%2Fv2%2Fcategories&post=439478"},{"taxonomy":"post_tag","embeddable":true,"href":"https:\/\/arantv.az\/index.php?rest_route=%2Fwp%2Fv2%2Ftags&post=439478"}],"curies":[{"name":"wp","href":"https:\/\/api.w.org\/{rel}","templated":true}]}}