{"id":439481,"date":"2022-02-15T21:17:08","date_gmt":"2022-02-15T18:17:08","guid":{"rendered":"http:\/\/arantv.az\/?p=439481"},"modified":"2022-02-15T21:17:08","modified_gmt":"2022-02-15T18:17:08","slug":"simali-irlandiya-karantini-l%c9%99gv-edir","status":"publish","type":"post","link":"https:\/\/arantv.az\/?p=439481","title":{"rendered":"\u015eimali \u0130rlandiya karantini l\u0259\u011fv edir"},"content":{"rendered":"<p>\u015eimali \u0130rlandiya koronavirus pandemiyas\u0131 il\u0259 ba\u011fl\u0131 karantin m\u0259hdudiyy\u0259tl\u0259rini l\u0259\u011fv edir.<\/p>\n<div class=\"AdviadNativeVideo\"><\/div>\n<p>Eyni zamanda, koronavirusla ba\u011fl\u0131 m\u0259hdudiyy\u0259tl\u0259r art\u0131q \u00f6lk\u0259 qanunvericiliyind\u0259 t\u0259sbit edilm\u0259y\u0259c\u0259k.<\/p>\n<p>S\u0259hiyy\u0259 naziri Robin Suonn bildirib ki, \u00f6lk\u0259 sakinl\u0259rind\u0259n art\u0131q ictimai yerl\u0259rd\u0259 maska \u200b\u200btaxmaq, peyv\u0259nd v\u0259 ya COVID testinin n\u0259tic\u0259l\u0259rin\u0259 dair s\u00fcbutlar t\u0259l\u0259b olunmayacaq.<\/p>\n<p>Eyni zamanda, o, ictimaiyy\u0259ti pandemiya bitmi\u015f kimi davranma\u011fa t\u0259l\u0259sm\u0259m\u0259y\u0259 \u00e7a\u011f\u0131r\u0131b v\u0259 deyib ki, indi koronavirusla m\u00fcbariz\u0259 t\u0259dbirl\u0259ri m\u0259sl\u0259h\u0259t xarakterli olacaq.<\/p>\n<p>M\u0259nb\u0259: Sky News<\/p>\n","protected":false},"excerpt":{"rendered":"<p>\u015eimali \u0130rlandiya koronavirus pandemiyas\u0131 il\u0259 ba\u011fl\u0131 karantin m\u0259hdudiyy\u0259tl\u0259rini l\u0259\u011fv edir. Eyni zamanda, koronavirusla ba\u011fl\u0131 m\u0259hdudiyy\u0259tl\u0259r art\u0131q \u00f6lk\u0259 qanunvericiliyind\u0259 t\u0259sbit edilm\u0259y\u0259c\u0259k. S\u0259hiyy\u0259 naziri Robin Suonn bildirib ki, \u00f6lk\u0259 sakinl\u0259rind\u0259n art\u0131q ictimai yerl\u0259rd\u0259 maska \u200b\u200btaxmaq, peyv\u0259nd v\u0259 ya COVID testinin n\u0259tic\u0259l\u0259rin\u0259 dair s\u00fcbutlar t\u0259l\u0259b olunmayacaq. Eyni zamanda, o, ictimaiyy\u0259ti pandemiya bitmi\u015f kimi davranma\u011fa t\u0259l\u0259sm\u0259m\u0259y\u0259 \u00e7a\u011f\u0131r\u0131b v\u0259 deyib ki, indi koronavirusla m\u00fcbariz\u0259 t\u0259dbirl\u0259ri m\u0259sl\u0259h\u0259t xarakterli olacaq. M\u0259nb\u0259: Sky News<\/p>\n","protected":false},"author":2,"featured_media":439482,"comment_status":"closed","ping_status":"closed","sticky":false,"template":"","format":"standard","meta":{"om_disable_all_campaigns":false,"_monsterinsights_skip_tracking":false,"_monsterinsights_sitenote_active":false,"_monsterinsights_sitenote_note":"","_monsterinsights_sitenote_category":0},"categories":[7],"tags":[],"aioseo_notices":[],"gutentor_comment":0,"rttpg_featured_image_url":{"full":["https:\/\/arantv.az\/wp-content\/uploads\/2022\/02\/FotoJet-2022-02-15T114656.762.jpg",620,415,false],"landscape":["https:\/\/arantv.az\/wp-content\/uploads\/2022\/02\/FotoJet-2022-02-15T114656.762.jpg",620,415,false],"portraits":["https:\/\/arantv.az\/wp-content\/uploads\/2022\/02\/FotoJet-2022-02-15T114656.762.jpg",620,415,false],"thumbnail":["https:\/\/arantv.az\/wp-content\/uploads\/2022\/02\/FotoJet-2022-02-15T114656.762-500x280.jpg",500,280,true],"medium":["https:\/\/arantv.az\/wp-content\/uploads\/2022\/02\/FotoJet-2022-02-15T114656.762-545x365.jpg",545,365,true],"large":["https:\/\/arantv.az\/wp-content\/uploads\/2022\/02\/FotoJet-2022-02-15T114656.762.jpg",620,415,false],"1536x1536":["https:\/\/arantv.az\/wp-content\/uploads\/2022\/02\/FotoJet-2022-02-15T114656.762.jpg",620,415,false],"2048x2048":["https:\/\/arantv.az\/wp-content\/uploads\/2022\/02\/FotoJet-2022-02-15T114656.762.jpg",620,415,false],"post-thumbnail":["https:\/\/arantv.az\/wp-content\/uploads\/2022\/02\/FotoJet-2022-02-15T114656.762-240x172.jpg",240,172,true],"advps-thumb-one":["https:\/\/arantv.az\/wp-content\/uploads\/2022\/02\/FotoJet-2022-02-15T114656.762.jpg",620,415,false]},"rttpg_author":{"display_name":"V\u00fcsal Rafiqo\u011flu","author_link":"https:\/\/arantv.az\/?author=2"},"rttpg_comment":0,"rttpg_category":"<a href=\"https:\/\/arantv.az\/?cat=7\" rel=\"category\">D\u00fcnya<\/a>","rttpg_excerpt":"\u015eimali \u0130rlandiya koronavirus pandemiyas\u0131 il\u0259 ba\u011fl\u0131 karantin m\u0259hdudiyy\u0259tl\u0259rini l\u0259\u011fv edir. Eyni zamanda, koronavirusla ba\u011fl\u0131 m\u0259hdudiyy\u0259tl\u0259r art\u0131q \u00f6lk\u0259 qanunvericiliyind\u0259 t\u0259sbit edilm\u0259y\u0259c\u0259k. S\u0259hiyy\u0259 naziri Robin Suonn bildirib ki, \u00f6lk\u0259 sakinl\u0259rind\u0259n art\u0131q ictimai yerl\u0259rd\u0259 maska \u200b\u200btaxmaq, peyv\u0259nd v\u0259 ya COVID testinin n\u0259tic\u0259l\u0259rin\u0259 dair s\u00fcbutlar t\u0259l\u0259b olunmayacaq. Eyni zamanda, o, ictimaiyy\u0259ti pandemiya bitmi\u015f kimi davranma\u011fa t\u0259l\u0259sm\u0259m\u0259y\u0259 \u00e7a\u011f\u0131r\u0131b v\u0259 deyib&hellip;","_links":{"self":[{"href":"https:\/\/arantv.az\/index.php?rest_route=\/wp\/v2\/posts\/439481"}],"collection":[{"href":"https:\/\/arantv.az\/index.php?rest_route=\/wp\/v2\/posts"}],"about":[{"href":"https:\/\/arantv.az\/index.php?rest_route=\/wp\/v2\/types\/post"}],"author":[{"embeddable":true,"href":"https:\/\/arantv.az\/index.php?rest_route=\/wp\/v2\/users\/2"}],"replies":[{"embeddable":true,"href":"https:\/\/arantv.az\/index.php?rest_route=%2Fwp%2Fv2%2Fcomments&post=439481"}],"version-history":[{"count":0,"href":"https:\/\/arantv.az\/index.php?rest_route=\/wp\/v2\/posts\/439481\/revisions"}],"wp:featuredmedia":[{"embeddable":true,"href":"https:\/\/arantv.az\/index.php?rest_route=\/wp\/v2\/media\/439482"}],"wp:attachment":[{"href":"https:\/\/arantv.az\/index.php?rest_route=%2Fwp%2Fv2%2Fmedia&parent=439481"}],"wp:term":[{"taxonomy":"category","embeddable":true,"href":"https:\/\/arantv.az\/index.php?rest_route=%2Fwp%2Fv2%2Fcategories&post=439481"},{"taxonomy":"post_tag","embeddable":true,"href":"https:\/\/arantv.az\/index.php?rest_route=%2Fwp%2Fv2%2Ftags&post=439481"}],"curies":[{"name":"wp","href":"https:\/\/api.w.org\/{rel}","templated":true}]}}