{"id":439488,"date":"2022-02-15T21:24:30","date_gmt":"2022-02-15T18:24:30","guid":{"rendered":"http:\/\/arantv.az\/?p=439488"},"modified":"2022-02-15T21:24:30","modified_gmt":"2022-02-15T18:24:30","slug":"putin-rusiya-muharib%c9%99-ist%c9%99mir","status":"publish","type":"post","link":"https:\/\/arantv.az\/?p=439488","title":{"rendered":"Putin: \u201cRusiya m\u00fcharib\u0259 ist\u0259mir\u201d"},"content":{"rendered":"<p>Rusiya m\u00fcharib\u0259 ist\u0259mir v\u0259 buna g\u00f6r\u0259 d\u0259 t\u0259hl\u00fck\u0259sizlikl\u0259 ba\u011fl\u0131 ideyalar ir\u0259li s\u00fcr\u00fcr.<\/p>\n<p>Bunu Rusiya prezidenti Vladimir Putin Almaniya kansleri Olaf \u015eolts il\u0259 dan\u0131\u015f\u0131qlardan sonrak\u0131 m\u0259tbuat konfrans\u0131nda b\u0259yan edib.<\/p>\n<div class=\"AdviadNativeVideo\"><\/div>\n<p>Kremld\u0259n veril\u0259n m\u0259lumata g\u00f6r\u0259, liderl\u0259rin g\u00f6r\u00fc\u015f\u00fc \u00fc\u00e7 saatdan art\u0131q davam edib.<\/p>\n<p>Dan\u0131\u015f\u0131qlar\u0131n ba\u015fl\u0131ca m\u00f6vzusu Ukrayna \u0259traf\u0131ndak\u0131 g\u0259rginlik, qlobal t\u0259hl\u00fck\u0259sizlik m\u0259s\u0259l\u0259l\u0259ri v\u0259 ikit\u0259r\u0259fli m\u00fcnasib\u0259tl\u0259r olub.<\/p>\n<p>Qeyd ed\u0259k ki, bu, Almaniyan\u0131n yeni kanslerinin Rusiyaya ilk s\u0259f\u0259ridir.<\/p>\n<p>M\u0259nb\u0259: \u201cR\u0130A Novosti\u201d<\/p>\n","protected":false},"excerpt":{"rendered":"<p>Rusiya m\u00fcharib\u0259 ist\u0259mir v\u0259 buna g\u00f6r\u0259 d\u0259 t\u0259hl\u00fck\u0259sizlikl\u0259 ba\u011fl\u0131 ideyalar ir\u0259li s\u00fcr\u00fcr. Bunu Rusiya prezidenti Vladimir Putin Almaniya kansleri Olaf \u015eolts il\u0259 dan\u0131\u015f\u0131qlardan sonrak\u0131 m\u0259tbuat konfrans\u0131nda b\u0259yan edib. Kremld\u0259n veril\u0259n m\u0259lumata g\u00f6r\u0259, liderl\u0259rin g\u00f6r\u00fc\u015f\u00fc \u00fc\u00e7 saatdan art\u0131q davam edib. Dan\u0131\u015f\u0131qlar\u0131n ba\u015fl\u0131ca m\u00f6vzusu Ukrayna \u0259traf\u0131ndak\u0131 g\u0259rginlik, qlobal t\u0259hl\u00fck\u0259sizlik m\u0259s\u0259l\u0259l\u0259ri v\u0259 ikit\u0259r\u0259fli m\u00fcnasib\u0259tl\u0259r olub. Qeyd ed\u0259k ki, bu, Almaniyan\u0131n yeni kanslerinin Rusiyaya ilk s\u0259f\u0259ridir. M\u0259nb\u0259: \u201cR\u0130A Novosti\u201d<\/p>\n","protected":false},"author":2,"featured_media":439489,"comment_status":"closed","ping_status":"closed","sticky":false,"template":"","format":"standard","meta":{"om_disable_all_campaigns":false,"_monsterinsights_skip_tracking":false,"_monsterinsights_sitenote_active":false,"_monsterinsights_sitenote_note":"","_monsterinsights_sitenote_category":0},"categories":[7],"tags":[],"aioseo_notices":[],"gutentor_comment":0,"rttpg_featured_image_url":{"full":["https:\/\/arantv.az\/wp-content\/uploads\/2022\/02\/RIAN_8115903.HR-pic_32ratio_1200x800-1200x800-25672.jpg",620,413,false],"landscape":["https:\/\/arantv.az\/wp-content\/uploads\/2022\/02\/RIAN_8115903.HR-pic_32ratio_1200x800-1200x800-25672.jpg",620,413,false],"portraits":["https:\/\/arantv.az\/wp-content\/uploads\/2022\/02\/RIAN_8115903.HR-pic_32ratio_1200x800-1200x800-25672.jpg",620,413,false],"thumbnail":["https:\/\/arantv.az\/wp-content\/uploads\/2022\/02\/RIAN_8115903.HR-pic_32ratio_1200x800-1200x800-25672-500x280.jpg",500,280,true],"medium":["https:\/\/arantv.az\/wp-content\/uploads\/2022\/02\/RIAN_8115903.HR-pic_32ratio_1200x800-1200x800-25672-548x365.jpg",548,365,true],"large":["https:\/\/arantv.az\/wp-content\/uploads\/2022\/02\/RIAN_8115903.HR-pic_32ratio_1200x800-1200x800-25672.jpg",620,413,false],"1536x1536":["https:\/\/arantv.az\/wp-content\/uploads\/2022\/02\/RIAN_8115903.HR-pic_32ratio_1200x800-1200x800-25672.jpg",620,413,false],"2048x2048":["https:\/\/arantv.az\/wp-content\/uploads\/2022\/02\/RIAN_8115903.HR-pic_32ratio_1200x800-1200x800-25672.jpg",620,413,false],"post-thumbnail":["https:\/\/arantv.az\/wp-content\/uploads\/2022\/02\/RIAN_8115903.HR-pic_32ratio_1200x800-1200x800-25672-240x172.jpg",240,172,true],"advps-thumb-one":["https:\/\/arantv.az\/wp-content\/uploads\/2022\/02\/RIAN_8115903.HR-pic_32ratio_1200x800-1200x800-25672.jpg",620,413,false]},"rttpg_author":{"display_name":"V\u00fcsal Rafiqo\u011flu","author_link":"https:\/\/arantv.az\/?author=2"},"rttpg_comment":0,"rttpg_category":"<a href=\"https:\/\/arantv.az\/?cat=7\" rel=\"category\">D\u00fcnya<\/a>","rttpg_excerpt":"Rusiya m\u00fcharib\u0259 ist\u0259mir v\u0259 buna g\u00f6r\u0259 d\u0259 t\u0259hl\u00fck\u0259sizlikl\u0259 ba\u011fl\u0131 ideyalar ir\u0259li s\u00fcr\u00fcr. Bunu Rusiya prezidenti Vladimir Putin Almaniya kansleri Olaf \u015eolts il\u0259 dan\u0131\u015f\u0131qlardan sonrak\u0131 m\u0259tbuat konfrans\u0131nda b\u0259yan edib. Kremld\u0259n veril\u0259n m\u0259lumata g\u00f6r\u0259, liderl\u0259rin g\u00f6r\u00fc\u015f\u00fc \u00fc\u00e7 saatdan art\u0131q davam edib. Dan\u0131\u015f\u0131qlar\u0131n ba\u015fl\u0131ca m\u00f6vzusu Ukrayna \u0259traf\u0131ndak\u0131 g\u0259rginlik, qlobal t\u0259hl\u00fck\u0259sizlik m\u0259s\u0259l\u0259l\u0259ri v\u0259 ikit\u0259r\u0259fli m\u00fcnasib\u0259tl\u0259r olub. Qeyd ed\u0259k ki,&hellip;","_links":{"self":[{"href":"https:\/\/arantv.az\/index.php?rest_route=\/wp\/v2\/posts\/439488"}],"collection":[{"href":"https:\/\/arantv.az\/index.php?rest_route=\/wp\/v2\/posts"}],"about":[{"href":"https:\/\/arantv.az\/index.php?rest_route=\/wp\/v2\/types\/post"}],"author":[{"embeddable":true,"href":"https:\/\/arantv.az\/index.php?rest_route=\/wp\/v2\/users\/2"}],"replies":[{"embeddable":true,"href":"https:\/\/arantv.az\/index.php?rest_route=%2Fwp%2Fv2%2Fcomments&post=439488"}],"version-history":[{"count":0,"href":"https:\/\/arantv.az\/index.php?rest_route=\/wp\/v2\/posts\/439488\/revisions"}],"wp:featuredmedia":[{"embeddable":true,"href":"https:\/\/arantv.az\/index.php?rest_route=\/wp\/v2\/media\/439489"}],"wp:attachment":[{"href":"https:\/\/arantv.az\/index.php?rest_route=%2Fwp%2Fv2%2Fmedia&parent=439488"}],"wp:term":[{"taxonomy":"category","embeddable":true,"href":"https:\/\/arantv.az\/index.php?rest_route=%2Fwp%2Fv2%2Fcategories&post=439488"},{"taxonomy":"post_tag","embeddable":true,"href":"https:\/\/arantv.az\/index.php?rest_route=%2Fwp%2Fv2%2Ftags&post=439488"}],"curies":[{"name":"wp","href":"https:\/\/api.w.org\/{rel}","templated":true}]}}