{"id":439491,"date":"2022-02-15T21:25:38","date_gmt":"2022-02-15T18:25:38","guid":{"rendered":"http:\/\/arantv.az\/?p=439491"},"modified":"2022-02-15T21:25:38","modified_gmt":"2022-02-15T18:25:38","slug":"h%c9%99m-qurur-h%c9%99m-yaradir-h%c9%99m-d%c9%99-erm%c9%99ni-vandalizminin-ifsasina-nail-oluruq","status":"publish","type":"post","link":"https:\/\/arantv.az\/?p=439491","title":{"rendered":"H\u0259m qurur, h\u0259m yarad\u0131r, h\u0259m d\u0259 erm\u0259ni vandalizminin if\u015fas\u0131na nail oluruq"},"content":{"rendered":"<p>Erm\u0259ni vandallar\u0131 t\u0259r\u0259find\u0259n 30 il\u0259 yax\u0131n m\u00fcdd\u0259t \u0259rzind\u0259 i\u015f\u011fal alt\u0131nda qalan b\u00fc\u00adt\u00fcn rayon v\u0259 k\u0259ndl\u0259rimizd\u0259ki m\u0259scidl\u0259r, ziyar\u0259tgahlar v\u0259 dig\u0259r dini abid\u0259l\u0259r v\u0259h\u015fic\u0259sin\u0259 da\u011f\u0131d\u0131laraq m\u0259hv edilib. Bunlardan biri d\u0259 A\u011fdam \u015f\u0259h\u0259r C\u00fcm\u0259 m\u0259scididir. 1868-1870-ci ill\u0259rd\u0259 memar K\u0259rb\u0259layi S\u0259fixan Qaraba\u011fi t\u0259r\u0259find\u0259n tikil\u0259n A\u011fdam C\u00fcm\u0259 m\u0259scidi \u00f6lk\u0259 \u0259h\u0259miyy\u0259tli abid\u0259l\u0259r siyah\u0131s\u0131ndad\u0131r. Bu m\u0259scid \u201cQaraba\u011f m\u0259scid memarl\u0131\u011f\u0131\u201d m\u0259kt\u0259bin\u0259 aiddir. Erm\u0259nil\u0259r t\u0259r\u0259find\u0259n da\u011f\u0131nt\u0131lara m\u0259ruz qalan A\u011fdam m\u0259scidinin minar\u0259l\u0259ri daxild\u0259n s\u00f6k\u00fcl\u00fcb, tavan\u0131 bir ne\u00e7\u0259 yerd\u0259n u\u00e7urulub, dizayn v\u0259 yaz\u0131lar\u0131 bil\u0259r\u0259kd\u0259n yarars\u0131z, tan\u0131nmaz v\u0259ziyy\u0259t\u0259 sal\u0131n\u0131b. A\u011fdam C\u00fcm\u0259 m\u0259scidind\u0259 erm\u0259nil\u0259r mal-qara saxlamaqla az\u0259rbaycanl\u0131lara, \u00fcmumilikd\u0259 m\u00fcs\u0259lman al\u0259min\u0259 qar\u015f\u0131 \u00f6z nifr\u0259tl\u0259rini n\u00fcmayi\u015f etdiribl\u0259r.<\/p>\n<p>Art\u0131q i\u015f\u011faldan azad edilmi\u015f \u0259razil\u0259rimizd\u0259 m\u0259d\u0259ni v\u0259 dini abid\u0259l\u0259rimiz b\u0259rpa edilir. Heyd\u0259r \u018fliyev Fondu otuz il\u0259 yax\u0131n d\u00fc\u015fm\u0259n tapda\u011f\u0131 alt\u0131nda qalan, da\u011f\u0131d\u0131lan, m\u0259hv edil\u0259n, t\u0259hqir olunan dini abid\u0259l\u0259rimizin, m\u0259scidl\u0259rimizin b\u0259rpas\u0131 istiqam\u0259tind\u0259 i\u015fl\u0259rini u\u011furla h\u0259yata ke\u00e7irir.<\/p>\n<p>Bu g\u00fcnl\u0259rd\u0259 n\u00f6vb\u0259ti d\u0259f\u0259 A\u011fdama s\u0259f\u0259r ed\u0259n Prezident \u0130lham \u018fliyev Heyd\u0259r \u018fliyev Fondu t\u0259r\u0259find\u0259n A\u011fdam C\u00fcm\u0259 m\u0259scidind\u0259 g\u00f6r\u00fcl\u0259n b\u0259rpa-restavrasiya i\u015fl\u0259rinin gedi\u015fi il\u0259 tan\u0131\u015fl\u0131qdan sonra m\u0259scidin \u00f6n\u00fcnd\u0259ki \u00e7\u0131x\u0131\u015f\u0131 zaman\u0131 bu m\u0259qamlara x\u00fcsusi diqq\u0259t yetirib. M\u00fcharib\u0259d\u0259n sonra A\u011fdama 3-c\u00fc d\u0259f\u0259dir ki, s\u0259f\u0259r etdiyini, h\u0259r d\u0259f\u0259 buraya g\u0259l\u0259nd\u0259 \u00fcr\u0259yinin a\u011fr\u0131d\u0131\u011f\u0131n\u0131, \u00e7\u00fcnki A\u011fdamda bir d\u0259n\u0259 d\u0259 salamat bina olmad\u0131\u011f\u0131n\u0131 s\u00f6yl\u0259y\u0259n Prezident \u0130lham \u018fliyev bildirib ki, t\u0259kc\u0259 bu yar\u0131da\u011f\u0131lm\u0131\u015f m\u0259sciddir ki, onun da dam \u00f6rt\u00fcy\u00fc z\u0259d\u0259l\u0259nmi\u015fdir: \u201cBu m\u0259scid erm\u0259nil\u0259r t\u0259r\u0259find\u0259n t\u0259hqir edilib, burada in\u0259kl\u0259r, donuzlar saxlan\u0131l\u0131b. Erm\u0259nil\u0259r n\u0259inki Az\u0259rbaycan xalq\u0131n\u0131, b\u00fct\u00fcn m\u00fcs\u0259lman al\u0259mini t\u0259hqir edibl\u0259r\u201d.<\/p>\n<p>\u00d6lk\u0259 ba\u015f\u00e7\u0131s\u0131 A\u011fdam rayonunda bu yar\u0131da\u011f\u0131lm\u0131\u015f m\u0259scidd\u0259n ba\u015fqa bir d\u0259n\u0259 d\u0259 binan\u0131n ayaq \u00fcst\u0259 olmad\u0131\u011f\u0131n\u0131 deyib. O qeyd edib ki, b\u00fct\u00fcn binalar, b\u00fct\u00fcn k\u0259ndl\u0259rd\u0259ki evl\u0259r, ictimai binalar erm\u0259nil\u0259r t\u0259r\u0259find\u0259n da\u011f\u0131d\u0131l\u0131b: \u201cBu, misli g\u00f6r\u00fcnm\u0259mi\u015f barbarl\u0131qd\u0131r, vandall\u0131qd\u0131r, v\u0259h\u015filikdir. Bu, erm\u0259ni fa\u015fizminin eyb\u0259c\u0259r sif\u0259tinin g\u00f6st\u0259ricisidir. B\u00fct\u00fcn d\u00fcnya bunu g\u00f6rm\u0259lidir v\u0259 g\u00f6r\u00fcr. Biz bundan sonra da xarici v\u0259t\u0259nda\u015flar\u0131 buraya d\u0259v\u0259t ed\u0259c\u0259yik. Onlar g\u0259l\u0259c\u0259kl\u0259r v\u0259 erm\u0259ni v\u0259h\u015filiyi n\u0259dir onu g\u00f6r\u0259c\u0259kl\u0259r\u201d.<\/p>\n<p>G\u00f6r\u00fcnd\u00fcy\u00fc kimi, Prezident \u0130lham \u018fliyev bir m\u0259scidin simas\u0131nda erm\u0259ni v\u0259h\u015filiyini, barbarl\u0131\u011f\u0131n\u0131 if\u015fa edir, m\u0259hz beyn\u0259lxalq ictimaiyy\u0259tin diqq\u0259tini n\u00f6vb\u0259ti d\u0259f\u0259 konkret faktlara &#8211; reall\u0131qlara c\u0259lb edir. \u00dcmumiyy\u0259tl\u0259, d\u00f6vl\u0259t ba\u015f\u00e7\u0131s\u0131n\u0131n ictimai r\u0259yl\u0259 i\u015f strategiyas\u0131 Erm\u0259nistan\u0131n s\u00fclh v\u0259 insanl\u0131q \u0259leyhin\u0259 cinay\u0259tl\u0259ri il\u0259 ba\u011fl\u0131 h\u0259qiq\u0259tl\u0259rin d\u00fcnya ictimaiyy\u0259tinin diqq\u0259tin\u0259 dol\u011fun sur\u0259td\u0259 \u00e7atd\u0131r\u0131lmas\u0131 bax\u0131m\u0131ndan b\u00f6y\u00fck \u0259h\u0259miyy\u0259t\u0259 malikdir. Bu, h\u0259m erm\u0259ni vandalizminin if\u015fas\u0131, h\u0259m d\u0259 erm\u0259nip\u0259r\u0259st dair\u0259l\u0259rin qara piar kampaniyas\u0131n\u0131n iflasa u\u011frad\u0131lmas\u0131 \u00fc\u00e7\u00fcn olduqca vacibdir. T\u0259sad\u00fcfi deyil ki, Erm\u0259nistan havadarlar\u0131na \u0259saslanaraq yenid\u0259n \u00f6z\u00fc \u00fc\u00e7\u00fcn m\u00fcnbit informasiya m\u00fchitini yaratmaq niyy\u0259tini ger\u00e7\u0259kl\u0259\u015fdir\u0259 bilmir. Beyn\u0259lxalq mediaya n\u0259z\u0259r yetirdikd\u0259 g\u00f6r\u00fcr\u00fck ki, qalib Az\u0259rbaycan\u0131n haql\u0131, \u0259dal\u0259tli v\u0259 prinsipial m\u00f6vqeyi d\u00fcnya miqyas\u0131nda geni\u015f t\u0259bli\u011f olunur. D\u00fcnyan\u0131n n\u00fcfuzlu n\u0259\u015frl\u0259rind\u0259 Az\u0259rbaycan h\u0259qiq\u0259tl\u0259rinin t\u0259bli\u011f edildiyi, erm\u0259nil\u0259rin \u00e7irkin t\u0259bli\u011fat\u0131n\u0131n darmada\u011f\u0131n olundu\u011fu \u00e7ox sayda informasiyaya v\u0259 analitik materiallara rast g\u0259l\u0259 bil\u0259rik. X\u00fcsusil\u0259 d\u0259 n\u00fcfuzlu ekspertl\u0259r, tan\u0131nm\u0131\u015f jurnalistl\u0259r \u00f6lk\u0259 ba\u015f\u00e7\u0131s\u0131n\u0131n fikirl\u0259rin\u0259 v\u0259 faktlara istinad etm\u0259kl\u0259 m\u00fch\u00fcm m\u0259qamlar\u0131 g\u00fcnd\u0259m\u0259 g\u0259tirirl\u0259r.<\/p>\n<p>Haz\u0131rda i\u015f\u011faldan azad edilmi\u015f \u0259razil\u0259rimizd\u0259 Az\u0259rbaycan h\u0259m qurur, h\u0259m yarad\u0131r, h\u0259m d\u0259 erm\u0259ni vandalizminin if\u015fas\u0131na nail olur. Bu \u0259razil\u0259rimizd\u0259 k\u0259nd v\u0259 \u015f\u0259h\u0259rl\u0259rimizin, m\u0259d\u0259ni irsimizin b\u0259rpa olunmas\u0131, yeni reall\u0131qlar \u0259sas\u0131nda \u00f6lk\u0259mizin v\u0259 regionumuzun g\u0259l\u0259c\u0259yinin in\u015fa edilm\u0259si Z\u0259f\u0259r y\u00fcr\u00fc\u015f\u00fcm\u00fcz\u00fcn davam etdiyini g\u00f6st\u0259rir.<\/p>\n","protected":false},"excerpt":{"rendered":"<p>Erm\u0259ni vandallar\u0131 t\u0259r\u0259find\u0259n 30 il\u0259 yax\u0131n m\u00fcdd\u0259t \u0259rzind\u0259 i\u015f\u011fal alt\u0131nda qalan b\u00fc\u00adt\u00fcn rayon v\u0259 k\u0259ndl\u0259rimizd\u0259ki m\u0259scidl\u0259r, ziyar\u0259tgahlar v\u0259 dig\u0259r dini abid\u0259l\u0259r v\u0259h\u015fic\u0259sin\u0259 da\u011f\u0131d\u0131laraq m\u0259hv edilib. Bunlardan biri d\u0259 A\u011fdam \u015f\u0259h\u0259r C\u00fcm\u0259 m\u0259scididir. 1868-1870-ci ill\u0259rd\u0259 memar K\u0259rb\u0259layi S\u0259fixan Qaraba\u011fi t\u0259r\u0259find\u0259n tikil\u0259n A\u011fdam C\u00fcm\u0259 m\u0259scidi \u00f6lk\u0259 \u0259h\u0259miyy\u0259tli abid\u0259l\u0259r siyah\u0131s\u0131ndad\u0131r. Bu m\u0259scid \u201cQaraba\u011f m\u0259scid memarl\u0131\u011f\u0131\u201d m\u0259kt\u0259bin\u0259 aiddir. Erm\u0259nil\u0259r t\u0259r\u0259find\u0259n da\u011f\u0131nt\u0131lara m\u0259ruz qalan A\u011fdam m\u0259scidinin minar\u0259l\u0259ri daxild\u0259n s\u00f6k\u00fcl\u00fcb, tavan\u0131 bir ne\u00e7\u0259 yerd\u0259n u\u00e7urulub, dizayn v\u0259 yaz\u0131lar\u0131 bil\u0259r\u0259kd\u0259n yarars\u0131z, tan\u0131nmaz v\u0259ziyy\u0259t\u0259 sal\u0131n\u0131b. A\u011fdam C\u00fcm\u0259 m\u0259scidind\u0259 erm\u0259nil\u0259r mal-qara saxlamaqla az\u0259rbaycanl\u0131lara, \u00fcmumilikd\u0259 m\u00fcs\u0259lman al\u0259min\u0259 qar\u015f\u0131 \u00f6z nifr\u0259tl\u0259rini&hellip;<\/p>\n","protected":false},"author":2,"featured_media":439492,"comment_status":"closed","ping_status":"closed","sticky":false,"template":"","format":"standard","meta":{"om_disable_all_campaigns":false,"_monsterinsights_skip_tracking":false,"_monsterinsights_sitenote_active":false,"_monsterinsights_sitenote_note":"","_monsterinsights_sitenote_category":0},"categories":[1],"tags":[],"aioseo_notices":[],"gutentor_comment":0,"rttpg_featured_image_url":{"full":["https:\/\/arantv.az\/wp-content\/uploads\/2022\/02\/7d0a9bd0164493567723641343410097308.jpg",975,540,false],"landscape":["https:\/\/arantv.az\/wp-content\/uploads\/2022\/02\/7d0a9bd0164493567723641343410097308.jpg",975,540,false],"portraits":["https:\/\/arantv.az\/wp-content\/uploads\/2022\/02\/7d0a9bd0164493567723641343410097308.jpg",975,540,false],"thumbnail":["https:\/\/arantv.az\/wp-content\/uploads\/2022\/02\/7d0a9bd0164493567723641343410097308-500x280.jpg",500,280,true],"medium":["https:\/\/arantv.az\/wp-content\/uploads\/2022\/02\/7d0a9bd0164493567723641343410097308-660x365.jpg",660,365,true],"large":["https:\/\/arantv.az\/wp-content\/uploads\/2022\/02\/7d0a9bd0164493567723641343410097308-840x465.jpg",640,354,true],"1536x1536":["https:\/\/arantv.az\/wp-content\/uploads\/2022\/02\/7d0a9bd0164493567723641343410097308.jpg",975,540,false],"2048x2048":["https:\/\/arantv.az\/wp-content\/uploads\/2022\/02\/7d0a9bd0164493567723641343410097308.jpg",975,540,false],"post-thumbnail":["https:\/\/arantv.az\/wp-content\/uploads\/2022\/02\/7d0a9bd0164493567723641343410097308-240x172.jpg",240,172,true],"advps-thumb-one":["https:\/\/arantv.az\/wp-content\/uploads\/2022\/02\/7d0a9bd0164493567723641343410097308.jpg",975,540,false]},"rttpg_author":{"display_name":"V\u00fcsal Rafiqo\u011flu","author_link":"https:\/\/arantv.az\/?author=2"},"rttpg_comment":0,"rttpg_category":"<a href=\"https:\/\/arantv.az\/?cat=1\" rel=\"category\">C\u0259miyy\u0259t<\/a>","rttpg_excerpt":"Erm\u0259ni vandallar\u0131 t\u0259r\u0259find\u0259n 30 il\u0259 yax\u0131n m\u00fcdd\u0259t \u0259rzind\u0259 i\u015f\u011fal alt\u0131nda qalan b\u00fc\u00adt\u00fcn rayon v\u0259 k\u0259ndl\u0259rimizd\u0259ki m\u0259scidl\u0259r, ziyar\u0259tgahlar v\u0259 dig\u0259r dini abid\u0259l\u0259r v\u0259h\u015fic\u0259sin\u0259 da\u011f\u0131d\u0131laraq m\u0259hv edilib. Bunlardan biri d\u0259 A\u011fdam \u015f\u0259h\u0259r C\u00fcm\u0259 m\u0259scididir. 1868-1870-ci ill\u0259rd\u0259 memar K\u0259rb\u0259layi S\u0259fixan Qaraba\u011fi t\u0259r\u0259find\u0259n tikil\u0259n A\u011fdam C\u00fcm\u0259 m\u0259scidi \u00f6lk\u0259 \u0259h\u0259miyy\u0259tli abid\u0259l\u0259r siyah\u0131s\u0131ndad\u0131r. Bu m\u0259scid \u201cQaraba\u011f m\u0259scid memarl\u0131\u011f\u0131\u201d m\u0259kt\u0259bin\u0259 aiddir. Erm\u0259nil\u0259r&hellip;","_links":{"self":[{"href":"https:\/\/arantv.az\/index.php?rest_route=\/wp\/v2\/posts\/439491"}],"collection":[{"href":"https:\/\/arantv.az\/index.php?rest_route=\/wp\/v2\/posts"}],"about":[{"href":"https:\/\/arantv.az\/index.php?rest_route=\/wp\/v2\/types\/post"}],"author":[{"embeddable":true,"href":"https:\/\/arantv.az\/index.php?rest_route=\/wp\/v2\/users\/2"}],"replies":[{"embeddable":true,"href":"https:\/\/arantv.az\/index.php?rest_route=%2Fwp%2Fv2%2Fcomments&post=439491"}],"version-history":[{"count":0,"href":"https:\/\/arantv.az\/index.php?rest_route=\/wp\/v2\/posts\/439491\/revisions"}],"wp:featuredmedia":[{"embeddable":true,"href":"https:\/\/arantv.az\/index.php?rest_route=\/wp\/v2\/media\/439492"}],"wp:attachment":[{"href":"https:\/\/arantv.az\/index.php?rest_route=%2Fwp%2Fv2%2Fmedia&parent=439491"}],"wp:term":[{"taxonomy":"category","embeddable":true,"href":"https:\/\/arantv.az\/index.php?rest_route=%2Fwp%2Fv2%2Fcategories&post=439491"},{"taxonomy":"post_tag","embeddable":true,"href":"https:\/\/arantv.az\/index.php?rest_route=%2Fwp%2Fv2%2Ftags&post=439491"}],"curies":[{"name":"wp","href":"https:\/\/api.w.org\/{rel}","templated":true}]}}