{"id":439495,"date":"2022-02-15T22:18:14","date_gmt":"2022-02-15T19:18:14","guid":{"rendered":"http:\/\/arantv.az\/?p=439495"},"modified":"2022-02-15T22:18:14","modified_gmt":"2022-02-15T19:18:14","slug":"turkiy%c9%99d%c9%99-q%c9%99zali-v%c9%99ziyy%c9%99td%c9%99-olan-minar%c9%99-ucuruldu-anbaan-video","status":"publish","type":"post","link":"https:\/\/arantv.az\/?p=439495","title":{"rendered":"T\u00fcrkiy\u0259d\u0259 q\u0259zal\u0131 v\u0259ziyy\u0259td\u0259 olan minar\u0259 u\u00e7uruldu \u2013 ANBAAN V\u0130DEO"},"content":{"rendered":"<p>T\u00fcrkiy\u0259nin Samsun \u015f\u0259h\u0259rind\u0259 q\u0259za v\u0259ziyy\u0259tind\u0259 olan m\u0259scidin minar\u0259si u\u00e7urulub.<\/p>\n<div class=\"AdviadNativeVideo\"><\/div>\n<p>Qeyd olunur ki, m\u0259scidin minar\u0259si u\u00e7maq t\u0259hl\u00fck\u0259si il\u0259 \u00fczl\u0259\u015fib v\u0259 m\u0259scidin icmas\u0131 onu s\u00f6km\u0259k \u00fc\u00e7\u00fcn aidiyy\u0259ti qurumlara m\u00fcraci\u0259t edib.<\/p>\n<p>Minar\u0259nin x\u00fcsusi texnikan\u0131n k\u00f6m\u0259yi il\u0259 t\u0259hl\u00fck\u0259siz \u0259raziy\u0259 endirilm\u0259si h\u0259yata ke\u00e7irilib.<\/p>\n<div>\n<div><iframe loading=\"lazy\" src=\"https:\/\/www.dailymotion.com\/embed\/video\/x87wx7u?autoplay=1\" width=\"100%\" height=\"100%\" frameborder=\"0\" allowfullscreen=\"allowfullscreen\" data-mce-fragment=\"1\"><\/iframe><\/div>\n<\/div>\n<p>M\u0259nb\u0259: \u201cDemir\u00f6ren Haber Ajans\u0131\u201d (DHA)<\/p>\n","protected":false},"excerpt":{"rendered":"<p>T\u00fcrkiy\u0259nin Samsun \u015f\u0259h\u0259rind\u0259 q\u0259za v\u0259ziyy\u0259tind\u0259 olan m\u0259scidin minar\u0259si u\u00e7urulub. Qeyd olunur ki, m\u0259scidin minar\u0259si u\u00e7maq t\u0259hl\u00fck\u0259si il\u0259 \u00fczl\u0259\u015fib v\u0259 m\u0259scidin icmas\u0131 onu s\u00f6km\u0259k \u00fc\u00e7\u00fcn aidiyy\u0259ti qurumlara m\u00fcraci\u0259t edib. Minar\u0259nin x\u00fcsusi texnikan\u0131n k\u00f6m\u0259yi il\u0259 t\u0259hl\u00fck\u0259siz \u0259raziy\u0259 endirilm\u0259si h\u0259yata ke\u00e7irilib. M\u0259nb\u0259: \u201cDemir\u00f6ren Haber Ajans\u0131\u201d (DHA)<\/p>\n","protected":false},"author":2,"featured_media":439496,"comment_status":"closed","ping_status":"closed","sticky":false,"template":"","format":"standard","meta":{"om_disable_all_campaigns":false,"_monsterinsights_skip_tracking":false,"_monsterinsights_sitenote_active":false,"_monsterinsights_sitenote_note":"","_monsterinsights_sitenote_category":0},"categories":[7],"tags":[],"aioseo_notices":[],"gutentor_comment":0,"rttpg_featured_image_url":{"full":["https:\/\/arantv.az\/wp-content\/uploads\/2022\/02\/FotoJet-2022-02-15T164912.791.jpg",620,413,false],"landscape":["https:\/\/arantv.az\/wp-content\/uploads\/2022\/02\/FotoJet-2022-02-15T164912.791.jpg",620,413,false],"portraits":["https:\/\/arantv.az\/wp-content\/uploads\/2022\/02\/FotoJet-2022-02-15T164912.791.jpg",620,413,false],"thumbnail":["https:\/\/arantv.az\/wp-content\/uploads\/2022\/02\/FotoJet-2022-02-15T164912.791-500x280.jpg",500,280,true],"medium":["https:\/\/arantv.az\/wp-content\/uploads\/2022\/02\/FotoJet-2022-02-15T164912.791-548x365.jpg",548,365,true],"large":["https:\/\/arantv.az\/wp-content\/uploads\/2022\/02\/FotoJet-2022-02-15T164912.791.jpg",620,413,false],"1536x1536":["https:\/\/arantv.az\/wp-content\/uploads\/2022\/02\/FotoJet-2022-02-15T164912.791.jpg",620,413,false],"2048x2048":["https:\/\/arantv.az\/wp-content\/uploads\/2022\/02\/FotoJet-2022-02-15T164912.791.jpg",620,413,false],"post-thumbnail":["https:\/\/arantv.az\/wp-content\/uploads\/2022\/02\/FotoJet-2022-02-15T164912.791-240x172.jpg",240,172,true],"advps-thumb-one":["https:\/\/arantv.az\/wp-content\/uploads\/2022\/02\/FotoJet-2022-02-15T164912.791.jpg",620,413,false]},"rttpg_author":{"display_name":"V\u00fcsal Rafiqo\u011flu","author_link":"https:\/\/arantv.az\/?author=2"},"rttpg_comment":0,"rttpg_category":"<a href=\"https:\/\/arantv.az\/?cat=7\" rel=\"category\">D\u00fcnya<\/a>","rttpg_excerpt":"T\u00fcrkiy\u0259nin Samsun \u015f\u0259h\u0259rind\u0259 q\u0259za v\u0259ziyy\u0259tind\u0259 olan m\u0259scidin minar\u0259si u\u00e7urulub. Qeyd olunur ki, m\u0259scidin minar\u0259si u\u00e7maq t\u0259hl\u00fck\u0259si il\u0259 \u00fczl\u0259\u015fib v\u0259 m\u0259scidin icmas\u0131 onu s\u00f6km\u0259k \u00fc\u00e7\u00fcn aidiyy\u0259ti qurumlara m\u00fcraci\u0259t edib. Minar\u0259nin x\u00fcsusi texnikan\u0131n k\u00f6m\u0259yi il\u0259 t\u0259hl\u00fck\u0259siz \u0259raziy\u0259 endirilm\u0259si h\u0259yata ke\u00e7irilib. M\u0259nb\u0259: \u201cDemir\u00f6ren Haber Ajans\u0131\u201d (DHA)","_links":{"self":[{"href":"https:\/\/arantv.az\/index.php?rest_route=\/wp\/v2\/posts\/439495"}],"collection":[{"href":"https:\/\/arantv.az\/index.php?rest_route=\/wp\/v2\/posts"}],"about":[{"href":"https:\/\/arantv.az\/index.php?rest_route=\/wp\/v2\/types\/post"}],"author":[{"embeddable":true,"href":"https:\/\/arantv.az\/index.php?rest_route=\/wp\/v2\/users\/2"}],"replies":[{"embeddable":true,"href":"https:\/\/arantv.az\/index.php?rest_route=%2Fwp%2Fv2%2Fcomments&post=439495"}],"version-history":[{"count":0,"href":"https:\/\/arantv.az\/index.php?rest_route=\/wp\/v2\/posts\/439495\/revisions"}],"wp:featuredmedia":[{"embeddable":true,"href":"https:\/\/arantv.az\/index.php?rest_route=\/wp\/v2\/media\/439496"}],"wp:attachment":[{"href":"https:\/\/arantv.az\/index.php?rest_route=%2Fwp%2Fv2%2Fmedia&parent=439495"}],"wp:term":[{"taxonomy":"category","embeddable":true,"href":"https:\/\/arantv.az\/index.php?rest_route=%2Fwp%2Fv2%2Fcategories&post=439495"},{"taxonomy":"post_tag","embeddable":true,"href":"https:\/\/arantv.az\/index.php?rest_route=%2Fwp%2Fv2%2Ftags&post=439495"}],"curies":[{"name":"wp","href":"https:\/\/api.w.org\/{rel}","templated":true}]}}