{"id":439501,"date":"2022-02-15T22:20:24","date_gmt":"2022-02-15T19:20:24","guid":{"rendered":"http:\/\/arantv.az\/?p=439501"},"modified":"2022-02-15T22:20:24","modified_gmt":"2022-02-15T19:20:24","slug":"biz-el%c9%99-bir-agdam-quracagiq-ki-butun-dunya-ucun-orn%c9%99k-olacaqdir","status":"publish","type":"post","link":"https:\/\/arantv.az\/?p=439501","title":{"rendered":"Biz el\u0259 bir A\u011fdam quraca\u011f\u0131q ki, b\u00fct\u00fcn d\u00fcnya \u00fc\u00e7\u00fcn \u00f6rn\u0259k olacaqd\u0131r"},"content":{"rendered":"<p><em><strong>D\u00f6v\u0259t ba\u015f\u00e7\u0131s\u0131 \u0130lham \u018fliyevin \u00f6t\u0259n il A\u011fdam rayonunun Ba\u015f plan\u0131n\u0131n t\u0259sdiq edilm\u0259si m\u0259rasimind\u0259 s\u0259sl\u0259ndirdiyi bu fikirl\u0259r bu g\u00fcnl\u0259rd\u0259 n\u00f6vb\u0259ti s\u0259f\u0259ri \u00e7\u0259r\u00e7iv\u0259sind\u0259 atd\u0131\u011f\u0131 add\u0131mlar\u0131n fonunda \u00f6z\u00fcn\u00fc bir daha t\u0259sdiql\u0259di<\/strong><\/em><\/p>\n<p>D\u00f6vl\u0259t ba\u015f\u00e7\u0131s\u0131, M\u00fcz\u0259ff\u0259r Ali Ba\u015f Komandan \u0130lham \u018fliyevin A\u011fdam rayonuna \u00f6t\u0259n il realla\u015fd\u0131rd\u0131\u011f\u0131 s\u0259f\u0259r 28 May- Respublika G\u00fcn\u00fcn\u0259 t\u0259sad\u00fcf etmi\u015fdi. H\u0259min s\u0259f\u0259r zaman\u0131 A\u011fdam\u0131n Ba\u015f plan\u0131 t\u0259sdiql\u0259ndi. C\u0259nab \u0130lham \u018fliyev \u00abBu m\u0259rasim \u00fc\u00e7\u00fcn, bu g\u00f6r\u00fc\u015f \u00fc\u00e7\u00fcn ba\u015fqa vaxt da m\u00fc\u0259yy\u0259n oluna bil\u0259rdi\u00bb s\u00f6yl\u0259y\u0259r\u0259k bildirmi\u015fdi ki, ancaq \u0259n d\u00fczg\u00fcn tarix bizim milli bayram\u0131m\u0131z olan Respublika G\u00fcn\u00fcd\u00fcr, m\u00fcst\u0259qillik g\u00fcn\u00fcd\u00fcr: \u00ab\u00c7\u00fcnki bu g\u00fcn burada olma\u011f\u0131m\u0131z bir daha m\u00fcst\u0259qilliyimizin n\u0259 q\u0259d\u0259r g\u00fccl\u00fc olmas\u0131n\u0131 g\u00f6st\u0259rir. \u018fg\u0259r biz g\u00fccl\u00fc m\u00fcst\u0259qil d\u00f6vl\u0259t qurmasayd\u0131q, \u00f6z tarixi torpaqlar\u0131m\u0131z\u0131 i\u015f\u011fal\u00e7\u0131lardan azad ed\u0259 bilm\u0259zdik. Ancaq g\u00fccl\u00fc Az\u0259rbaycan, m\u00fcst\u0259qil Az\u0259rbaycan, s\u00f6z\u00fcn \u0259sl m\u0259nas\u0131nda, m\u00fcst\u0259qil siyas\u0259t aparan Az\u0259rbaycan bu tarixi missiyan\u0131 \u015f\u0259r\u0259fl\u0259 yerin\u0259 yetirdi. A\u011fdam \u015f\u0259h\u0259rinin b\u0259rpas\u0131n\u0131n ba\u015flan\u011f\u0131c\u0131 bu g\u00fcn ba\u015f verir, Respublika G\u00fcn\u00fcnd\u0259. \u018fmin\u0259m ki, b\u00fct\u00fcn n\u0259z\u0259rd\u0259 tutulmu\u015f planlar Ba\u015f Plan \u0259sas\u0131nda icra edil\u0259c\u0259k v\u0259 A\u011fdam \u015f\u0259h\u0259ri yenid\u0259n qurulacaq.\u00bb \u00d6lk\u0259 Prezidenti bu \u0259minliyi d\u0259 ifad\u0259 etmi\u015fdir ki, biz el\u0259 bir A\u011fdam quraca\u011f\u0131q ki, b\u00fct\u00fcn d\u00fcnya \u00fc\u00e7\u00fcn \u00f6rn\u0259k olacaqd\u0131r.<\/p>\n<p>Bu g\u00fcn A\u011fdam\u0131n yenid\u0259n b\u0259rpas\u0131 istiqam\u0259tind\u0259 at\u0131lan add\u0131mlar\u0131n miqyas\u0131na diqq\u0259t yetirm\u0259k kifay\u0259tdir. Fevral\u0131n 13-d\u0259 d\u00f6vl\u0259t ba\u015f\u00e7\u0131s\u0131 \u0130lham \u018fliyevin v\u0259 birinci xan\u0131m Mehriban \u018fliyevan\u0131n A\u011fdama realla\u015fd\u0131rd\u0131qlar\u0131 s\u0259f\u0259r tarixi Z\u0259f\u0259rimizd\u0259n sonra sayca 3-c\u00fc s\u0259f\u0259r idi. H\u0259r s\u0259f\u0259r a\u00e7\u0131l\u0131\u015f\u0131 v\u0259 t\u0259m\u0259lqoyma m\u0259rasiml\u0259ri ke\u00e7iril\u0259n sosial obyektl\u0259rin say\u0131na v\u0259 mahiyy\u0259tin\u0259 g\u00f6r\u0259 diqq\u0259t \u00e7\u0259kir. Eyni zamanda, bu s\u0259f\u0259rl\u0259r zaman\u0131 \u00f6lk\u0259 Prezidentinin \u00e7\u0131x\u0131\u015f\u0131, yaxud yerli televiziya kanallar\u0131na m\u00fcsahib\u0259si olur. D\u00f6vl\u0259t ba\u015f\u00e7\u0131s\u0131 tarixi Z\u0259f\u0259rimiz\u0259 ged\u0259n yola n\u0259z\u0259r salaraq g\u00f6r\u00fcl\u0259n i\u015fl\u0259rin fonunda g\u0259l\u0259c\u0259kl\u0259 ba\u011fl\u0131 fikirl\u0259rini a\u00e7\u0131qlay\u0131r. Bu bax\u0131mdan c\u0259nab \u0130lham \u018fliyevin fevral\u0131n 13-d\u0259 A\u011fdam C\u00fcm\u0259 m\u0259scidinin qar\u015f\u0131s\u0131ndan s\u0259sl\u0259ndirdiyi mesajlar\u0131n h\u0259r biri bug\u00fcn\u00fcm\u00fcz v\u0259 sabah\u0131m\u0131z \u00fc\u00e7\u00fcn \u00f6n\u0259mlidir.<\/p>\n<p>D\u00f6vl\u0259t ba\u015f\u00e7\u0131s\u0131 A\u011fdam S\u0259naye Kompleksind\u0259 iki m\u00fc\u0259ssis\u0259nin t\u0259m\u0259lqoyma m\u0259rasimind\u0259 i\u015ftirak etdi. Bildirildi ki, bu m\u00fc\u0259ssis\u0259l\u0259rin say\u0131 artacaq, rayonda yeni i\u015f yerl\u0259rinin yarad\u0131lmas\u0131 prioritetdir. Bu da t\u0259biidir. Bel\u0259 ki, 2003-c\u00fc ild\u0259 c\u0259nab \u0130lham \u018fliyev Prezident kimi f\u0259aliyy\u0259t\u0259 ba\u015flad\u0131\u011f\u0131 ilk g\u00fcnd\u0259n iqtisadi art\u0131m\u0131n qeyri-neft sektorunun hesab\u0131na olmas\u0131n\u0131 qar\u015f\u0131ya m\u00fch\u00fcm v\u0259zif\u0259 kimi qoyanda regionlar\u0131n malik oldu\u011fu potensial imkanlardan maksimum istifad\u0259nin vacibliyini bildirdi v\u0259 regional inki\u015faf proqramlar\u0131n\u0131n icras\u0131na start verildi. Bu g\u00fcn art\u0131q i\u015f\u011faldan azad edilmi\u015f \u0259razil\u0259rimizin malik olduqlar\u0131 iqtisadi potensialdan da b\u0259hr\u0259l\u0259nm\u0259k \u0259sas h\u0259d\u0259fl\u0259r s\u0131ras\u0131ndad\u0131r. Bu bax\u0131mdan c\u0259nab \u0130lham \u018fliyev Az\u0259rbaycan i\u015f adamlar\u0131na \u00e7a\u011f\u0131r\u0131\u015f etdi ki, i\u015f\u011faldan azad edilmi\u015f \u0259razil\u0259r\u0259 g\u0259lsinl\u0259r, yeni m\u00fc\u0259ssis\u0259l\u0259rin, i\u015f yerl\u0259rinin a\u00e7\u0131lmas\u0131nda i\u015ftirak etsinl\u0259r. Bu yolla h\u0259min \u0259razil\u0259rin canlanmas\u0131na nail olmaq olar. B\u00f6lg\u0259l\u0259rd\u0259 sahibkarl\u0131\u011f\u0131n inki\u015faf\u0131 \u00fc\u00e7\u00fcn m\u00fcnbit \u015f\u0259rait m\u00f6vcuddur. D\u00f6vl\u0259t sahibkarlara h\u0259r c\u00fcr d\u0259st\u0259yi g\u00f6st\u0259rir, onlara g\u00fcz\u0259\u015ftli kreditl\u0259r verilir. Sahibkarlar onlar \u00fc\u00e7\u00fcn yarad\u0131lan bu \u015f\u0259raitd\u0259n b\u0259hr\u0259l\u0259n\u0259r\u0259k i\u015f\u011faldan azad edilmi\u015f \u0259razil\u0259rimizin b\u0259rpas\u0131na, dayan\u0131ql\u0131 iqtisadi inki\u015faf\u0131na t\u00f6hf\u0259 ver\u0259 bil\u0259rl\u0259r.<\/p>\n<p>Azad edilmi\u015f \u0259razil\u0259rimizd\u0259 Prezident \u0130lham \u018fliyevin tap\u015f\u0131r\u0131\u011f\u0131 il\u0259 yol infrastrukturunun b\u0259rpas\u0131 prioritet m\u0259s\u0259l\u0259 kimi \u00f6nd\u0259dir. D\u00f6vl\u0259timizin ba\u015f\u00e7\u0131s\u0131n\u0131n bu \u0259razil\u0259r\u0259 d\u0259f\u0259l\u0259rl\u0259 s\u0259f\u0259rl\u0259rin\u0259 n\u0259z\u0259r sald\u0131qda yol tikintisin\u0259 x\u00fcsusi diqq\u0259t yetirildiyini, s\u0259f\u0259rd\u0259n sonra yeni yollar\u0131n tikintisi il\u0259 ba\u011fl\u0131 S\u0259r\u0259ncam imzalad\u0131\u011f\u0131n\u0131 x\u00fcsusi qeyd etm\u0259liyik. Avtomobil yolu , d\u0259mir yolu v\u0259 hava liman\u0131n\u0131n tikintisi \u0259sasd\u0131r. Yol infrastrukturunun yenil\u0259nm\u0259si Qaraba\u011f zonas\u0131n\u0131 b\u0259rpa etm\u0259k, y\u00fckl\u0259rin da\u015f\u0131nmas\u0131na, turizmin inki\u015faf\u0131na b\u00f6y\u00fck k\u00f6m\u0259k olacaq. Z\u0259f\u0259r yolunun q\u0131sa zamanda istifad\u0259y\u0259 verilm\u0259si h\u0259d\u0259fl\u0259r\u0259 vaxt\u0131nda v\u0259 y\u00fcks\u0259k s\u0259viyy\u0259d\u0259 nail olmaq \u00fc\u00e7\u00fcn b\u00fct\u00fcn q\u00fcvv\u0259 v\u0259 bacar\u0131qlar s\u0259f\u0259rb\u0259r edildiyinin ayd\u0131n t\u0259s\u0259vv\u00fcr\u00fcn\u00fc yarad\u0131r. D\u00f6vl\u0259t ba\u015f\u00e7\u0131s\u0131 \u0130lham \u018fliyevin \u00e7\u0131x\u0131\u015flar\u0131nda qeyd olundu\u011fu kimi, nec\u0259 ki, d\u0259mir yumruq n\u00fcmayi\u015f etdirib torpaqlar\u0131m\u0131z\u0131 i\u015f\u011faldan azad etdik, eyni zamanda, bu birlik, h\u0259mr\u0259ylik \u0259sas\u0131nda b\u0259rpa v\u0259 quruculuq i\u015fl\u0259ri u\u011furla ba\u015fa \u00e7atd\u0131r\u0131lacaq, soyda\u015flar\u0131m\u0131z\u0131n B\u00f6y\u00fck Qay\u0131d\u0131\u015f\u0131 h\u0259yata ke\u00e7iril\u0259c\u0259k.<\/p>\n<p>Azad edilmi\u015f \u0259razil\u0259rimiz b\u00f6y\u00fck turizm potensial\u0131na malikdirl\u0259r. 30 il\u0259 yax\u0131n d\u00f6vrd\u0259 m\u0259nfur d\u00fc\u015fm\u0259n bu potensialdan istifad\u0259 ed\u0259r\u0259k \u00f6z\u00fcn\u00fcn iqtisadi v\u0259ziyy\u0259tini yax\u015f\u0131la\u015fd\u0131rma\u011fa \u00e7al\u0131\u015f\u0131b. Beyn\u0259lxalq s\u0259viyy\u0259d\u0259 ekspertl\u0259r bu reall\u0131\u011f\u0131 x\u00fcsusi qeyd etdil\u0259r ki, V\u0259t\u0259n m\u00fcharib\u0259sind\u0259 Erm\u0259nistan\u0131n m\u0259\u011flubiyy\u0259ti, torpaqlar\u0131n \u0259sl sahibin\u0259 qay\u0131tmas\u0131 i\u015f\u011fal\u00e7\u0131 d\u00f6vl\u0259td\u0259 iqtisadi b\u00f6hran\u0131 daha da d\u0259rinl\u0259\u015fdir\u0259c\u0259k. Qaraba\u011f Az\u0259rbaycan\u0131n \u0259sas turizm zonas\u0131na \u00e7evril\u0259c\u0259k. Beyn\u0259lxalq turizm s\u0259rgil\u0259rind\u0259 Qaraba\u011f b\u00f6lg\u0259sinin turizm potensial\u0131, turizm mar\u015frutlar\u0131, tarixi abid\u0259l\u0259ri g\u00f6st\u0259ril\u0259c\u0259k. T\u0259mir-b\u0259rpa i\u015fl\u0259ri yekunla\u015fd\u0131qdan sonra Qaraba\u011f turistl\u0259rin sevimli m\u0259kanlar\u0131ndan biri olacaq. D\u00f6vl\u0259t ba\u015f\u00e7\u0131s\u0131 \u0130lham \u018fliyev A\u011fdam rayonuna s\u0259f\u0259ri zaman\u0131 \u201cPark Forest Otel A\u011fdam\u201d mehmanxanas\u0131n\u0131n t\u0259m\u0259linin qoyulmas\u0131 m\u0259rasimind\u0259 i\u015ftirak etdi. 2,16 hektar \u0259razid\u0259 in\u015fa edil\u0259c\u0259k \u201cPark Forest Otel A\u011fdam\u201d mehmanxanas\u0131 110 n\u00f6mr\u0259d\u0259n ibar\u0259t olacaq. Tikinti i\u015fl\u0259rinin 2024-c\u00fc ilin dekabr\u0131nda ba\u015fa \u00e7atd\u0131r\u0131lmas\u0131 n\u0259z\u0259rd\u0259 tutulur.<\/p>\n<p>Son ill\u0259r Az\u0259rbaycanda turizmin inki\u015faf\u0131 istiqam\u0259tind\u0259 b\u00f6y\u00fck i\u015fl\u0259r g\u00f6r\u00fcls\u0259 d\u0259, \u00f6lk\u0259mizin \u0259n b\u00f6y\u00fck turizm potensial\u0131na malik Qaraba\u011f b\u00f6lg\u0259si i\u015f\u011fal alt\u0131nda oldu\u011fundan bu prosesl\u0259rd\u0259n k\u0259narda qalm\u0131\u015fd\u0131. \u0130lin d\u00f6rd f\u0259slind\u0259 f\u00fcsunkar t\u0259bi\u0259ti il\u0259 qonaqlar\u0131 heyran ed\u0259n, saf havas\u0131, m\u00fcalic\u0259vi sular\u0131, tarixi abid\u0259l\u0259ri il\u0259 dill\u0259rd\u0259 dastan olan bu diyar M\u00fcz\u0259ff\u0259r Ali Ba\u015f Komandan\u0131n q\u0259tiyy\u0259ti v\u0259 ordumuzun r\u0259\u015fad\u0259ti say\u0259sind\u0259 art\u0131q d\u00fc\u015fm\u0259n tapda\u011f\u0131ndan azad edilib. Qaraba\u011f\u0131n i\u015f\u011faldan azad olunmas\u0131ndan q\u0131sa m\u00fcdd\u0259t \u00f6tm\u0259sin\u0259 baxmayaraq, bu tarixi torpaqlar\u0131m\u0131z\u0131n dir\u00e7\u0259ldilm\u0259si prosesi s\u00fcr\u0259tl\u0259 davam etdirilir. Bu prosesd\u0259 diqq\u0259t yetiril\u0259n \u0259sas sah\u0259l\u0259rd\u0259n biri d\u0259 i\u015f\u011faldan azad olunmu\u015f \u0259razil\u0259rimizd\u0259 turizmin inki\u015faf etdirilm\u0259sidir.<\/p>\n<p>Strateji m\u00f6vqeyin\u0259 g\u00f6r\u0259 Qaraba\u011f\u0131n giri\u015f qap\u0131s\u0131 hesab edil\u0259n A\u011fdam rayonunda \u0259n m\u00fcasir standartlara cavab ver\u0259n mehmanxanan\u0131n in\u015fas\u0131 s\u00fcr\u0259tl\u0259 dir\u00e7\u0259ldil\u0259n tarixi \u0259razil\u0259rimizin turizm potensial\u0131n\u0131n inki\u015faf\u0131na m\u00fch\u00fcm t\u00f6hf\u0259 ver\u0259c\u0259k. Bu, h\u0259m d\u0259 i\u015f\u011faldan azad edil\u0259n \u0259razil\u0259rimizd\u0259, o c\u00fcml\u0259d\u0259n A\u011fdam rayonunda sosial layih\u0259l\u0259rin davaml\u0131 \u015f\u0259kild\u0259 h\u0259yata ke\u00e7irilm\u0259sinin n\u00f6vb\u0259ti g\u00f6st\u0259ricisidir.<\/p>\n<p>G\u00f6r\u00fcnd\u00fcy\u00fc kimi, q\u0131sa t\u0259hlil Qaraba\u011f\u0131n hans\u0131 potensiala malik oldu\u011funun v\u0259 onlardan s\u0259m\u0259r\u0259li istifad\u0259nin hans\u0131 u\u011furlara yol a\u00e7aca\u011f\u0131n\u0131n ayd\u0131n m\u0259nz\u0259r\u0259sini yarad\u0131r. \u00c7\u0131x\u0131\u015flar\u0131nda Az\u0259rbaycan\u0131n son 18 ild\u0259 qazand\u0131\u011f\u0131 u\u011furlara, ke\u00e7diyi inki\u015faf yoluna diqq\u0259t y\u00f6n\u0259ld\u0259n d\u00f6vl\u0259t ba\u015f\u00e7\u0131s\u0131 \u0130lham \u018fliyev d\u00fczg\u00fcn qurulan siyas\u0259tin beyn\u0259lxalq maliyy\u0259 qurumlar\u0131n\u0131n hesabatlar\u0131nda da liderliyimizi qoruma\u011fa \u0259sas yaratd\u0131\u011f\u0131n\u0131 x\u00fcsusi qeyd edir. T\u0259kc\u0259 Davos \u00dcmumd\u00fcnya \u0130qtisadi Forumunun hesabat\u0131na diqq\u0259t yetirm\u0259kl\u0259 \u00f6lk\u0259mizin n\u0259qliyyat infrastrukturunun yenil\u0259nm\u0259sin\u0259 v\u0259 t\u0259kmill\u0259\u015fm\u0259sin\u0259 g\u00f6st\u0259rdiyi diqq\u0259tin \u00fcmumi m\u0259nz\u0259r\u0259sini t\u0259qdim ed\u0259 bil\u0259rik. Az\u0259rbaycan \u0259halinin elektrik t\u0259chizat\u0131 s\u0259viyy\u0259sin\u0259 g\u00f6r\u0259 d\u00fcnya miqyas\u0131nda ikinci yerd\u0259dir. H\u00f6kum\u0259tin d\u0259yi\u015fm\u0259y\u0259 cavabdehliyi, y\u0259ni, islahat\u00e7\u0131 obraz\u0131 \u0259msal\u0131na g\u00f6r\u0259 be\u015finci yerd\u0259, h\u00f6kum\u0259tin uzunm\u00fcdd\u0259tli strategiyas\u0131na g\u00f6r\u0259 10-cu yerd\u0259dir. \u0130nfrastruktur layih\u0259l\u0259ri il\u0259 ba\u011fl\u0131 olaraq d\u0259mir yolu xidm\u0259tl\u0259rinin s\u0259m\u0259r\u0259liliyin\u0259 g\u00f6r\u0259 11-ci, hava yollar\u0131 xidm\u0259tl\u0259rinin s\u0259m\u0259r\u0259liliyin\u0259 g\u00f6r\u0259 12-ci, avtomobil yollar\u0131n\u0131n keyfiyy\u0259tin\u0259 g\u00f6r\u0259 is\u0259 24-27-ci yerl\u0259rd\u0259dir. Bu hesablama inki\u015faf etm\u0259kd\u0259 olan 74 \u00f6lk\u0259 aras\u0131nda apar\u0131lm\u0131\u015fd\u0131r. \u0130nkl\u00fcziv inki\u015faf indeksi \u00fczr\u0259 Az\u0259rbaycan \u00fc\u00e7\u00fcnc\u00fc yerd\u0259dir.<\/p>\n<p>C\u0259nab \u0130lham \u018fliyevin qeyd etdiyi kimi, b\u00fct\u00fcn \u00e7\u0259tinlikl\u0259r\u0259, i\u015f\u011fala, 1 milyon qa\u00e7q\u0131n\u0131n olmas\u0131na baxmayaraq, \u00f6t\u0259n ill\u0259r \u0259rzind\u0259 bu nailiyy\u0259tl\u0259ri \u0259ld\u0259 etmi\u015fik: \u00ab\u0130ndi torpaqlar azad edilib, indi B\u00f6y\u00fck Qay\u0131d\u0131\u015f ba\u015flanmal\u0131d\u0131r, b\u00f6y\u00fck inki\u015faf prosesl\u0259ri ba\u015flanmal\u0131d\u0131r. Ona g\u00f6r\u0259, \u0259lb\u0259tt\u0259, biz b\u00fct\u00fcn bu i\u015fl\u0259ri daha da f\u0259al, daha da m\u0259qs\u0259dy\u00f6nl\u00fc \u015f\u0259kild\u0259 aparmal\u0131y\u0131q ki, Az\u0259rbaycan\u0131n imkanlar\u0131n\u0131 geni\u015fl\u0259ndir\u0259k v\u0259 \u00f6lk\u0259mizin inki\u015faf dinamikas\u0131n\u0131 art\u0131raq.\u00bb<\/p>\n<p>Tarixi Z\u0259f\u0259rimizd\u0259n \u00f6t\u0259n bir ild\u0259n art\u0131q d\u00f6vr bu dinamikan\u0131n artd\u0131\u011f\u0131n\u0131 t\u0259sdiql\u0259yir. \u00d6t\u0259n il i\u015f\u011faldan azad edilmi\u015f \u0259razil\u0259r\u0259 32 d\u0259f\u0259 s\u0259f\u0259r ed\u0259n c\u0259nab \u0130lham \u018fliyev bu s\u0259f\u0259rl\u0259r zaman\u0131 bir s\u0131ra sosial obyektl\u0259rin a\u00e7\u0131l\u0131\u015f\u0131nda v\u0259 t\u0259m\u0259lqoyma m\u0259rasiml\u0259rind\u0259 i\u015ftirak ed\u0259r\u0259k B\u00f6y\u00fck Qay\u0131d\u0131\u015f\u0131 daha da yax\u0131nla\u015fd\u0131r\u0131r. G\u00f6r\u00fcl\u0259n i\u015fl\u0259rin \u0259sas\u0131nda d\u00fc\u015f\u00fcn\u00fclm\u00fc\u015f add\u0131mlar v\u0259 onlar\u0131n planl\u0131 \u015f\u0259kild\u0259 h\u0259yata ke\u00e7irilm\u0259si dayan\u0131r. D\u00f6vl\u0259t ba\u015f\u00e7\u0131s\u0131 \u0130lham \u018fliyev A\u011fdam C\u00fcm\u0259 m\u0259scidinin qar\u015f\u0131s\u0131ndan bu \u00e7a\u011f\u0131r\u0131\u015f\u0131 da etdi: \u00abQar\u015f\u0131m\u0131zda b\u00f6y\u00fck i\u015fl\u0259r vard\u0131r. Bu i\u015fl\u0259ri maksimum s\u0259m\u0259r\u0259 il\u0259 v\u0259 keyfiyy\u0259tl\u0259 aparmaq \u00fc\u00e7\u00fcn \u0259lb\u0259tt\u0259 ki, d\u00fc\u015f\u00fcn\u00fclm\u00fc\u015f add\u0131mlar plan\u0131 olmal\u0131d\u0131r. B\u00fct\u00fcn \u015f\u0259h\u0259rl\u0259r Ba\u015f plan \u0259sas\u0131nda yenid\u0259n qurulacaq. A\u011fdam\u0131n, F\u00fczulinin Ba\u015f planlar\u0131 t\u0259sdiq edilib. A\u011fdam v\u0259 F\u00fczuli rayonlar\u0131n\u0131n ictimaiyy\u0259ti bu Ba\u015f planlarla tan\u0131\u015f olub v\u0259 \u00f6z m\u00fcsb\u0259t r\u0259yini verib. Haz\u0131rda yerli v\u0259 xarici \u015firk\u0259tl\u0259r t\u0259r\u0259find\u0259n dig\u0259r \u015f\u0259h\u0259rl\u0259rin Ba\u015f planlar\u0131 i\u015fl\u0259nilir. Onlar haz\u0131r olan kimi biz art\u0131q praktiki i\u015fl\u0259r\u0259 ba\u015flayaca\u011f\u0131q.\u00bb<\/p>\n<p>Geni\u015fmiqyasl\u0131 quruculuq i\u015fl\u0259ri s\u0131ras\u0131nda tarixi v\u0259 dini abid\u0259l\u0259rimizin b\u0259rpas\u0131 da \u0259sas yer tutur. Daim diqq\u0259ti erm\u0259nil\u0259rin dini abid\u0259l\u0259rimizi, m\u0259scidl\u0259ri da\u011f\u0131tmas\u0131na, burada donuz saxlamalar\u0131na y\u00f6n\u0259ld\u0259n c\u0259nab \u0130lham \u018fliyev bunun t\u0259kc\u0259 az\u0259rbaycanl\u0131lara deyil, b\u00fct\u00fcn m\u00fcs\u0259lmanlara qar\u015f\u0131 t\u0259hqir oldu\u011funu bildirir. \u015eu\u015fada bir m\u0259scidd\u0259n ba\u015fqa b\u00fct\u00fcn m\u0259scidl\u0259r tamamil\u0259 da\u011f\u0131d\u0131l\u0131b. H\u0259min yar\u0131m\u00e7\u0131q da\u011f\u0131d\u0131lm\u0131\u015f m\u0259scidd\u0259 \u0130slama aid m\u0259d\u0259ni v\u0259 dini m\u0259kanlar\u0131 qoruduqlar\u0131n\u0131 n\u00fcmayi\u015f etdirm\u0259k ad\u0131 alt\u0131nda b\u0259zi t\u0259mir i\u015fl\u0259ri g\u00f6rm\u0259y\u0259 \u00e7al\u0131\u015fm\u0131\u015fd\u0131lar. Erm\u0259nil\u0259r i\u015f\u011fal edilmi\u015f \u0259razil\u0259rd\u0259 70 m\u0259scidi da\u011f\u0131d\u0131blar. Bu m\u0259scidl\u0259rd\u0259n birind\u0259 t\u0259mir i\u015fl\u0259ri aparma\u011fa \u00e7al\u0131\u015fmaq, sad\u0259c\u0259 olaraq, onlar\u0131n sanki \u00f6zl\u0259rini tolerant olduqlar\u0131n\u0131, m\u00fcs\u0259lman m\u0259d\u0259niyy\u0259tin\u0259, m\u00fcs\u0259lmanlar\u0131n hissl\u0259rin\u0259 h\u00f6rm\u0259t etdikl\u0259rini n\u00fcmayi\u015f etdirm\u0259k c\u0259hdi idi.<\/p>\n<p>Heyd\u0259r \u018fliyev Fondunun Az\u0259rbaycanda m\u0259d\u0259ni v\u0259 dini irsin b\u0259rpas\u0131nda rolu inkaredilm\u0259zdir. Bel\u0259 ki, Fond t\u0259r\u0259find\u0259n bu istiqam\u0259td\u0259 g\u00f6r\u00fcl\u0259n i\u015fl\u0259rin miqyas\u0131 olduqca geni\u015fdir. \u0130\u015f\u011faldan azad edilmi\u015f \u0259razil\u0259rimizd\u0259 d\u0259 dini v\u0259 tarixi abid\u0259l\u0259rin b\u0259rpas\u0131nda v\u0259 yenid\u0259n qurulmas\u0131nda Fond x\u00fcsusi f\u0259all\u0131\u011f\u0131 il\u0259 diqq\u0259t \u00e7\u0259kir. D\u00f6vl\u0259t ba\u015f\u00e7\u0131s\u0131 \u0130lham \u018fliyev A\u011fdamdak\u0131 \u00e7\u0131x\u0131\u015f\u0131nda bildirmi\u015fdir ki, azad edilmi\u015f torpaqlarda haz\u0131rda 8 m\u0259scidin \u0259sasl\u0131 t\u0259miri, b\u0259rpas\u0131 v\u0259 tikintisi n\u0259z\u0259rd\u0259 tutulub. B\u00fct\u00fcn bu istiqam\u0259tl\u0259r \u00fczr\u0259 i\u015fl\u0259r gedir. A\u011fdam C\u00fcm\u0259 m\u0259scidi, \u015eu\u015fada Yuxar\u0131 G\u00f6vh\u0259ra\u011fa, A\u015fa\u011f\u0131 G\u00f6vh\u0259ra\u011fa, Saatl\u0131 m\u0259scidl\u0259ri \u0259sasl\u0131 t\u0259mir edilir. \u015eu\u015fa \u015f\u0259h\u0259rind\u0259 yeni m\u0259scidin in\u015fas\u0131na start verilib. Z\u0259ngilan \u015f\u0259h\u0259rind\u0259, Hadrutda v\u0259 Da\u015falt\u0131da m\u0259scidl\u0259rin yenid\u0259n qurulmas\u0131 v\u0259 tikintisi prosesi ba\u015flam\u0131\u015fd\u0131r. B\u00fct\u00fcn bu i\u015fl\u0259ri Heyd\u0259r \u018fliyev Fondu \u00f6z imkanlar\u0131 hesab\u0131na g\u00f6r\u00fcr. Bu, Heyd\u0259r \u018fliyev Fondunun Az\u0259rbaycan\u0131n milli-m\u0259n\u0259vi d\u0259y\u0259rl\u0259rinin qorunmas\u0131na n\u00f6vb\u0259ti t\u00f6hf\u0259sidir: \u00abBu, bizim borcumuzdur. Bunu biz edirik. V\u0259t\u0259n qar\u015f\u0131s\u0131nda bu borcu \u015f\u0259r\u0259fl\u0259 yerin\u0259 yetiririk. Nec\u0259 ki, V\u0259t\u0259n m\u00fcharib\u0259sind\u0259 Az\u0259rbaycan xalq\u0131 tarixi \u0259dal\u0259ti b\u0259rpa etdi, d\u00fc\u015fm\u0259ni do\u011fma torpaqlar\u0131m\u0131zdan qovdu. Bel\u0259likl\u0259 Az\u0259rbaycan \u0259razi b\u00fct\u00f6vl\u00fcy\u00fcn\u00fc b\u0259rpa etdi&#8230; B\u00fct\u00fcn binalar, b\u00fct\u00fcn k\u0259ndl\u0259rd\u0259ki evl\u0259r, ictimai binalar erm\u0259nil\u0259r t\u0259r\u0259find\u0259n da\u011f\u0131d\u0131l\u0131b. Bu, misli g\u00f6r\u00fcnm\u0259mi\u015f barbarl\u0131qd\u0131r, vandall\u0131qd\u0131r, v\u0259h\u015filikdir. Bu, erm\u0259ni fa\u015fizminin eyb\u0259c\u0259r sif\u0259tinin g\u00f6st\u0259ricisidir. B\u00fct\u00fcn d\u00fcnya bunu g\u00f6rm\u0259lidir v\u0259 g\u00f6r\u00fcr. Biz bundan sonra da xarici v\u0259t\u0259nda\u015flar\u0131 buraya d\u0259v\u0259t ed\u0259c\u0259yik. Onlar g\u0259l\u0259c\u0259kl\u0259r v\u0259 erm\u0259ni v\u0259h\u015filiyi n\u0259dir onu g\u00f6r\u0259c\u0259kl\u0259r.\u00bb<\/p>\n<p>B\u00f6y\u00fck Qay\u0131d\u0131\u015f\u0131n \u0259sas t\u0259rkib hiss\u0259l\u0259rind\u0259n biri d\u0259 A\u011fdam v\u0259 \u015eu\u015fa il\u0259 yana\u015f\u0131, dig\u0259r i\u015f\u011faldan azad edilmi\u015f \u0259razil\u0259r\u0259 avtobus reysl\u0259rinin a\u00e7\u0131lmas\u0131n\u0131n planla\u015fd\u0131r\u0131lmas\u0131d\u0131r. Bu s\u0259f\u0259rl\u0259rin erm\u0259ni v\u0259h\u015filikl\u0259rinin t\u0259bli\u011find\u0259 \u0259h\u0259miyy\u0259ti inkaredilm\u0259zdir. Erm\u0259nil\u0259rin bu torpaqlar\u0131m\u0131z\u0131 hans\u0131 v\u0259h\u015filikl\u0259 da\u011f\u0131td\u0131qlar\u0131 g\u00f6z \u00f6n\u00fcnd\u0259dir. Otuz il \u0259rzind\u0259 m\u0259qs\u0259dy\u00f6nl\u00fc \u015f\u0259kild\u0259 b\u00fct\u00fcn \u015f\u0259h\u0259rl\u0259rimiz, k\u0259ndl\u0259rimiz, m\u0259scidl\u0259rimiz, q\u0259biristanl\u0131qlar\u0131m\u0131z erm\u0259nil\u0259r t\u0259r\u0259find\u0259n da\u011f\u0131d\u0131l\u0131b. Xalq\u0131m\u0131z bu v\u0259h\u015filikl\u0259ri he\u00e7 zaman unutmayacaq. \u018flb\u0259tt\u0259 ki, Erm\u0259nistanla Az\u0259rbaycan aras\u0131nda s\u00fclh m\u00fcqavil\u0259si olmal\u0131d\u0131r. Beyn\u0259lxalq h\u00fcququn norma v\u0259 prinsipl\u0259ri \u0259sas\u0131nda qar\u015f\u0131l\u0131ql\u0131 sur\u0259td\u0259 \u00f6lk\u0259l\u0259rin \u0259razi b\u00fct\u00f6vl\u00fcy\u00fcn\u00fc tan\u0131maq \u015f\u0259rtil\u0259 bu s\u00fclh m\u00fcqavil\u0259si imzalanmal\u0131d\u0131r. Ancaq he\u00e7 vaxt Az\u0259rbaycan xalq\u0131 bu v\u0259h\u015filiyi unutmamal\u0131d\u0131r.<\/p>\n<p>Art\u0131q Qaraba\u011fl\u0131 v\u0259 \u015e\u0259rqi Z\u0259ng\u0259zurlu Az\u0259rbaycan\u0131n inki\u015faf\u0131, t\u0259r\u0259qqisi \u00fc\u00e7\u00fcn geni\u015f imkanlar m\u00f6vcuddur. D\u00f6vl\u0259t ba\u015f\u00e7\u0131s\u0131 \u0130lham \u018fliyev bu \u0259minliyi ifad\u0259 etmi\u015fdir ki, bu g\u00fcn g\u00f6rd\u00fcy\u00fcm\u00fcz i\u015fl\u0259r Az\u0259rbaycan\u0131 daha da g\u00fccl\u0259ndir\u0259c\u0259k v\u0259 Erm\u0259nistanda ba\u015f qald\u0131ran revan\u015fist q\u00fcvv\u0259l\u0259r\u0259 cavab olacaq.<\/p>\n","protected":false},"excerpt":{"rendered":"<p>D\u00f6v\u0259t ba\u015f\u00e7\u0131s\u0131 \u0130lham \u018fliyevin \u00f6t\u0259n il A\u011fdam rayonunun Ba\u015f plan\u0131n\u0131n t\u0259sdiq edilm\u0259si m\u0259rasimind\u0259 s\u0259sl\u0259ndirdiyi bu fikirl\u0259r bu g\u00fcnl\u0259rd\u0259 n\u00f6vb\u0259ti s\u0259f\u0259ri \u00e7\u0259r\u00e7iv\u0259sind\u0259 atd\u0131\u011f\u0131 add\u0131mlar\u0131n fonunda \u00f6z\u00fcn\u00fc bir daha t\u0259sdiql\u0259di D\u00f6vl\u0259t ba\u015f\u00e7\u0131s\u0131, M\u00fcz\u0259ff\u0259r Ali Ba\u015f Komandan \u0130lham \u018fliyevin A\u011fdam rayonuna \u00f6t\u0259n il realla\u015fd\u0131rd\u0131\u011f\u0131 s\u0259f\u0259r 28 May- Respublika G\u00fcn\u00fcn\u0259 t\u0259sad\u00fcf etmi\u015fdi. H\u0259min s\u0259f\u0259r zaman\u0131 A\u011fdam\u0131n Ba\u015f plan\u0131 t\u0259sdiql\u0259ndi. C\u0259nab \u0130lham \u018fliyev \u00abBu m\u0259rasim \u00fc\u00e7\u00fcn, bu g\u00f6r\u00fc\u015f \u00fc\u00e7\u00fcn ba\u015fqa vaxt da m\u00fc\u0259yy\u0259n oluna bil\u0259rdi\u00bb s\u00f6yl\u0259y\u0259r\u0259k bildirmi\u015fdi ki, ancaq \u0259n d\u00fczg\u00fcn tarix bizim milli bayram\u0131m\u0131z olan Respublika G\u00fcn\u00fcd\u00fcr, m\u00fcst\u0259qillik g\u00fcn\u00fcd\u00fcr: \u00ab\u00c7\u00fcnki bu g\u00fcn burada olma\u011f\u0131m\u0131z&hellip;<\/p>\n","protected":false},"author":2,"featured_media":439502,"comment_status":"closed","ping_status":"closed","sticky":false,"template":"","format":"standard","meta":{"om_disable_all_campaigns":false,"_monsterinsights_skip_tracking":false,"_monsterinsights_sitenote_active":false,"_monsterinsights_sitenote_note":"","_monsterinsights_sitenote_category":0},"categories":[8],"tags":[],"aioseo_notices":[],"gutentor_comment":0,"rttpg_featured_image_url":{"full":["https:\/\/arantv.az\/wp-content\/uploads\/2022\/02\/55b34fd716449345879974748421103174.jpg",975,540,false],"landscape":["https:\/\/arantv.az\/wp-content\/uploads\/2022\/02\/55b34fd716449345879974748421103174.jpg",975,540,false],"portraits":["https:\/\/arantv.az\/wp-content\/uploads\/2022\/02\/55b34fd716449345879974748421103174.jpg",975,540,false],"thumbnail":["https:\/\/arantv.az\/wp-content\/uploads\/2022\/02\/55b34fd716449345879974748421103174-500x280.jpg",500,280,true],"medium":["https:\/\/arantv.az\/wp-content\/uploads\/2022\/02\/55b34fd716449345879974748421103174-660x365.jpg",660,365,true],"large":["https:\/\/arantv.az\/wp-content\/uploads\/2022\/02\/55b34fd716449345879974748421103174-840x465.jpg",640,354,true],"1536x1536":["https:\/\/arantv.az\/wp-content\/uploads\/2022\/02\/55b34fd716449345879974748421103174.jpg",975,540,false],"2048x2048":["https:\/\/arantv.az\/wp-content\/uploads\/2022\/02\/55b34fd716449345879974748421103174.jpg",975,540,false],"post-thumbnail":["https:\/\/arantv.az\/wp-content\/uploads\/2022\/02\/55b34fd716449345879974748421103174-240x172.jpg",240,172,true],"advps-thumb-one":["https:\/\/arantv.az\/wp-content\/uploads\/2022\/02\/55b34fd716449345879974748421103174.jpg",975,540,false]},"rttpg_author":{"display_name":"V\u00fcsal Rafiqo\u011flu","author_link":"https:\/\/arantv.az\/?author=2"},"rttpg_comment":0,"rttpg_category":"<a href=\"https:\/\/arantv.az\/?cat=8\" rel=\"category\">\u018fsas s\u0259hif\u0259<\/a>","rttpg_excerpt":"D\u00f6v\u0259t ba\u015f\u00e7\u0131s\u0131 \u0130lham \u018fliyevin \u00f6t\u0259n il A\u011fdam rayonunun Ba\u015f plan\u0131n\u0131n t\u0259sdiq edilm\u0259si m\u0259rasimind\u0259 s\u0259sl\u0259ndirdiyi bu fikirl\u0259r bu g\u00fcnl\u0259rd\u0259 n\u00f6vb\u0259ti s\u0259f\u0259ri \u00e7\u0259r\u00e7iv\u0259sind\u0259 atd\u0131\u011f\u0131 add\u0131mlar\u0131n fonunda \u00f6z\u00fcn\u00fc bir daha t\u0259sdiql\u0259di D\u00f6vl\u0259t ba\u015f\u00e7\u0131s\u0131, M\u00fcz\u0259ff\u0259r Ali Ba\u015f Komandan \u0130lham \u018fliyevin A\u011fdam rayonuna \u00f6t\u0259n il realla\u015fd\u0131rd\u0131\u011f\u0131 s\u0259f\u0259r 28 May- Respublika G\u00fcn\u00fcn\u0259 t\u0259sad\u00fcf etmi\u015fdi. H\u0259min s\u0259f\u0259r zaman\u0131 A\u011fdam\u0131n Ba\u015f plan\u0131 t\u0259sdiql\u0259ndi.&hellip;","_links":{"self":[{"href":"https:\/\/arantv.az\/index.php?rest_route=\/wp\/v2\/posts\/439501"}],"collection":[{"href":"https:\/\/arantv.az\/index.php?rest_route=\/wp\/v2\/posts"}],"about":[{"href":"https:\/\/arantv.az\/index.php?rest_route=\/wp\/v2\/types\/post"}],"author":[{"embeddable":true,"href":"https:\/\/arantv.az\/index.php?rest_route=\/wp\/v2\/users\/2"}],"replies":[{"embeddable":true,"href":"https:\/\/arantv.az\/index.php?rest_route=%2Fwp%2Fv2%2Fcomments&post=439501"}],"version-history":[{"count":0,"href":"https:\/\/arantv.az\/index.php?rest_route=\/wp\/v2\/posts\/439501\/revisions"}],"wp:featuredmedia":[{"embeddable":true,"href":"https:\/\/arantv.az\/index.php?rest_route=\/wp\/v2\/media\/439502"}],"wp:attachment":[{"href":"https:\/\/arantv.az\/index.php?rest_route=%2Fwp%2Fv2%2Fmedia&parent=439501"}],"wp:term":[{"taxonomy":"category","embeddable":true,"href":"https:\/\/arantv.az\/index.php?rest_route=%2Fwp%2Fv2%2Fcategories&post=439501"},{"taxonomy":"post_tag","embeddable":true,"href":"https:\/\/arantv.az\/index.php?rest_route=%2Fwp%2Fv2%2Ftags&post=439501"}],"curies":[{"name":"wp","href":"https:\/\/api.w.org\/{rel}","templated":true}]}}