{"id":439519,"date":"2022-02-16T06:56:12","date_gmt":"2022-02-16T03:56:12","guid":{"rendered":"http:\/\/arantv.az\/?p=439519"},"modified":"2022-02-16T06:56:12","modified_gmt":"2022-02-16T03:56:12","slug":"2022-ci-il-susanin-dirc%c9%99lisi-il%c9%99-yaddaslarda-qalacaq","status":"publish","type":"post","link":"https:\/\/arantv.az\/?p=439519","title":{"rendered":"2022-ci il \u015eu\u015fan\u0131n dir\u00e7\u0259li\u015fi il\u0259 yadda\u015flarda qalacaq"},"content":{"rendered":"<p>Az\u0259rbaycan\u0131n m\u0259d\u0259niyy\u0259t paytaxt\u0131 olan, t\u0259m\u0259li 1752-ci ild\u0259 qoyulan, vaxtil\u0259 \u201cKi\u00e7ik Paris\u201d, \u201cQafqaz\u0131n s\u0259n\u0259t m\u0259b\u0259di\u201d, \u201cZaqafqaziyan\u0131n konservatoriyas\u0131\u201d adland\u0131r\u0131lan \u015eu\u015fa \u015f\u0259h\u0259ri bu g\u00fcn tarixinin \u0259n \u015f\u0259r\u0259fli v\u0259 q\u00fcrurlu g\u00fcnl\u0259rini ya\u015fay\u0131r. Q\u0131rx d\u00f6rd g\u00fcnl\u00fck V\u0259t\u0259n m\u00fcharib\u0259sind\u0259 Ali Ba\u015f Komandan \u0130lham \u018fliyevin r\u0259hb\u0259rliyi il\u0259 q\u0259hr\u0259man ordumuz Az\u0259rbaycan\u0131n tarixi, m\u0259d\u0259ni v\u0259 strateji \u0259h\u0259miyy\u0259t\u0259 malik, Qaraba\u011f\u0131n ba\u015f tac\u0131 olan \u015eu\u015fa \u015f\u0259h\u0259rini i\u015f\u011fal\u00e7\u0131lardan azad etdi. Az\u0259rbaycan\u0131n h\u0259rbi-diplomatik u\u011furlar\u0131, x\u00fcsusil\u0259 strateji \u0259h\u0259miyy\u0259tli \u015eu\u015fa \u015f\u0259h\u0259rinin azad edilm\u0259si m\u00fcharib\u0259nin sonrak\u0131 gedi\u015fin\u0259 v\u0259 taleyin\u0259 h\u0259lledici t\u0259sir g\u00f6st\u0259r\u0259r\u0259k Z\u0259f\u0259r G\u00fcn\u00fc kimi tariximiz\u0259 yaz\u0131ld\u0131. Prezident \u0130lham \u018fliyev 2020-ci il 3 dekabr tarixind\u0259 h\u0259r il noyabr\u0131n 8-nin \u00f6lk\u0259mizd\u0259 Z\u0259f\u0259r G\u00fcn\u00fc kimi t\u0259nt\u0259n\u0259li \u015f\u0259kild\u0259 qeyd edilm\u0259si v\u0259 h\u0259min g\u00fcn\u00fcn bayram g\u00fcnl\u0259ri s\u0131ras\u0131na daxil edilm\u0259si bar\u0259d\u0259 S\u0259r\u0259ncam imzalad\u0131.<\/p>\n<p>Prezident \u0130lham \u018fliyev 31 Dekabr &#8211; D\u00fcnya Az\u0259rbaycanl\u0131lar\u0131n\u0131n H\u0259mr\u0259yliyi G\u00fcn\u00fc v\u0259 Yeni il m\u00fcnasib\u0259til\u0259 m\u00fcraci\u0259tind\u0259 2022-ci ili \u201c\u015eu\u015fa \u0130li\u201d elan etdi. \u00d6lk\u0259 ba\u015f\u00e7\u0131s\u0131 2022-ci ilin yanvar\u0131n 5-d\u0259 bununla ba\u011fl\u0131 x\u00fcsusi S\u0259r\u0259ncam imzalad\u0131. S\u0259r\u0259ncamda qeyd olunur ki, Qaraba\u011f\u0131n tac\u0131 olan \u015eu\u015fa xalq\u0131m\u0131z \u00fc\u00e7\u00fcn m\u00fcq\u0259dd\u0259s v\u0259 \u0259ziz m\u0259kand\u0131r. \u015eu\u015fa sevgisi h\u0259r bir az\u0259rbaycanl\u0131n\u0131n m\u0259n\u0259vi varl\u0131\u011f\u0131n\u0131n ayr\u0131lmaz par\u00e7as\u0131d\u0131r. T\u0259m\u0259li 1752-ci ild\u0259 Qaraba\u011f xan\u0131 P\u0259nah\u0259li xan t\u0259r\u0259find\u0259n qoyulan v\u0259 bu il 270 illiyi qeyd olunacaq \u015eu\u015fa \u015f\u0259h\u0259ri z\u0259ngin inki\u015faf yolu ke\u00e7mi\u015f, Az\u0259rbaycan\u0131n v\u0259 b\u00fct\u00fcn C\u0259nubi Qafqaz\u0131n m\u0259d\u0259ni v\u0259 ictimai-siyasi h\u0259yat\u0131nda m\u00fcst\u0259sna rol oynay\u0131b. B\u0259nz\u0259rsiz tarixi g\u00f6rk\u0259mini v\u0259 formala\u015fd\u0131rd\u0131\u011f\u0131 \u00f6z\u00fcn\u0259m\u0259xsus m\u00fchiti h\u0259mi\u015f\u0259 qoruyub saxlayan bu \u015f\u0259h\u0259r yetirdiyi b\u00f6y\u00fck \u015f\u0259xsiyy\u0259tl\u0259ri il\u0259 \u0259d\u0259bi, m\u0259d\u0259ni, elmi v\u0259 ictimai fikir salnam\u0259miz\u0259 \u0259lam\u0259tdar s\u0259hif\u0259l\u0259r yaz\u0131b.<\/p>\n<p>Az\u0259rbaycan d\u00f6vl\u0259ti \u0259razi b\u00fct\u00f6vl\u00fcy\u00fcn\u00fc b\u0259rpa etdikd\u0259n d\u0259rhal sonra azad edilmi\u015f \u0259razil\u0259rin b\u0259rpas\u0131na ba\u015flay\u0131b v\u0259 bu proses haz\u0131rda da geni\u015f miqyas al\u0131r. Qaraba\u011f v\u0259 \u015e\u0259rqi Z\u0259ng\u0259zur s\u0131f\u0131rdan qurulur. \u0130\u015f\u011fal\u00e7\u0131 Erm\u0259nistan\u0131n xarabal\u0131\u011fa \u00e7evirdiyi, yer \u00fcz\u00fcnd\u0259n sildiyi \u015f\u0259h\u0259rl\u0259r, k\u0259ndl\u0259r, q\u0259s\u0259b\u0259l\u0259r yenid\u0259n tikilir. Azad edilmi\u015f \u0259razil\u0259rd\u0259 \u0259n m\u00fcasir infrastruktur yarad\u0131l\u0131r, hava limanlar\u0131, elektrik stansiyalar\u0131 in\u015fa edilir. Y\u00fcz kilometrl\u0259rl\u0259 yollar, su, i\u015f\u0131q, qaz v\u0259 dig\u0259r kommunikasiya x\u0259tl\u0259ri \u00e7\u0259kilir. V\u0259t\u0259n m\u00fcharib\u0259sind\u0259 \u0259ld\u0259 edil\u0259n Z\u0259f\u0259r n\u0259tic\u0259sind\u0259 \u015eu\u015fada h\u0259yat yenid\u0259n dir\u00e7\u0259lm\u0259y\u0259 ba\u015flad\u0131. Vaqif Poeziya G\u00fcnl\u0259ri v\u0259 \u201cXar\u0131b\u00fclb\u00fcl\u201d festival\u0131 b\u0259rpa olundu. 2021-ci il may\u0131n 12-13-d\u0259 Heyd\u0259r \u018fliyev Fondunun t\u0259\u015fkilat\u00e7\u0131l\u0131\u011f\u0131 il\u0259 Az\u0259rbaycan\u0131n m\u0259d\u0259niyy\u0259t paytaxt\u0131, Qaraba\u011f\u0131n tac\u0131 olan \u015eu\u015fa iyirmi doqquz ild\u0259n sonra yenid\u0259n \u201cXar\u0131b\u00fclb\u00fcl\u201d musiqi festival\u0131na evsahibliyi etdi. Prezident \u0130lham \u018fliyev h\u0259min g\u00fcnl\u0259ri \u00f6lk\u0259mizin tarixind\u0259 \u0259lam\u0259tdar g\u00fcnl\u0259r kimi d\u0259y\u0259rl\u0259ndirdi. \u00d6lk\u0259mizin ba\u015f\u00e7\u0131s\u0131 uzun ill\u0259rd\u0259n sonra C\u0131d\u0131r d\u00fcz\u00fcnd\u0259 \u201cXar\u0131b\u00fclb\u00fcl\u201d festival\u0131n\u0131n ke\u00e7irilm\u0259si m\u00fcnasib\u0259til\u0259 xalq\u0131m\u0131z\u0131 t\u0259brik ed\u0259r\u0259k bildirdi ki, biz bu g\u00fcn\u00fc 30 il s\u0259birsizlikl\u0259 g\u00f6zl\u0259mi\u015fik, 30 il V\u0259t\u0259n h\u0259sr\u0259ti il\u0259 ya\u015fam\u0131\u015f\u0131q. D\u00f6vl\u0259t ba\u015f\u00e7\u0131s\u0131 \u00e7\u0131x\u0131\u015f\u0131nda qeyd etdi ki, bundan sonra biz \u015eu\u015fada \u0259b\u0259di ya\u015fayaca\u011f\u0131q, \u015eu\u015fan\u0131n b\u0259rpa edilm\u0259sin\u0259 art\u0131q ba\u015flan\u0131l\u0131b: \u201cXar\u0131b\u00fclb\u00fcl\u201d festival\u0131 bu q\u0259dim diyar\u0131m\u0131zda h\u0259r il ke\u00e7iril\u0259c\u0259k: \u201cBiz \u015eu\u015fan\u0131 quraca\u011f\u0131q, b\u0259rpa ed\u0259c\u0259yik, m\u0259nfur d\u00fc\u015fm\u0259n is\u0259 \u015eu\u015fan\u0131 da\u011f\u0131d\u0131rd\u0131. \u0130ndi siz &#8211; burada olan v\u0259t\u0259nda\u015flar, dostlar g\u0259z\u0259c\u0259ksiniz, g\u00f6r\u0259c\u0259ksiniz ki, \u015eu\u015fa hans\u0131 da\u011f\u0131nt\u0131lara m\u0259ruz qal\u0131b. Amma yen\u0259 d\u0259 deyir\u0259m, biz \u015eu\u015fam\u0131z\u0131, A\u011fdam\u0131m\u0131z\u0131, C\u0259bray\u0131l\u0131m\u0131z\u0131, F\u00fczulimizi, Z\u0259ngilan\u0131m\u0131z\u0131, Qubadl\u0131m\u0131z\u0131, La\u00e7\u0131n\u0131m\u0131z\u0131, K\u0259lb\u0259c\u0259rimizi q\u0259lbimizd\u0259 ya\u015fatm\u0131\u015fd\u0131q. Da\u011f\u0131d\u0131lm\u0131\u015f m\u0259scidl\u0259ri biz b\u0259rpa ed\u0259c\u0259yik, amma o m\u0259scidl\u0259r i\u015f\u011fal d\u00f6vr\u00fcnd\u0259 bizim q\u0259lbimizd\u0259 ucald\u0131lm\u0131\u015fd\u0131. \u0130ndi is\u0259 biz burada, C\u0131d\u0131r d\u00fcz\u00fcnd\u0259 &#8211; h\u0259r bir az\u0259rbaycanl\u0131 \u00fc\u00e7\u00fcn m\u00fcq\u0259dd\u0259s olan yerd\u0259 y\u0131\u011f\u0131\u015fm\u0131\u015f\u0131q v\u0259 bu musiqi bayram\u0131n\u0131, bu birlik bayram\u0131n\u0131, bu qay\u0131d\u0131\u015f bayram\u0131n\u0131, bu l\u0259yaq\u0259t bayram\u0131n\u0131 qeyd edirik\u201d.<\/p>\n<p>Bu il \u015eu\u015fan\u0131n 270 illiyi il\u0259 \u0259laq\u0259dar bu unikal \u015f\u0259h\u0259rd\u0259 bir s\u0131ra beyn\u0259lxalq t\u0259dbirl\u0259r ke\u00e7iril\u0259c\u0259k. H\u0259min t\u0259dbirl\u0259rd\u0259 d\u00fcnyan\u0131n bir s\u0131ra \u00f6lk\u0259l\u0259rind\u0259n n\u00fcmay\u0259nd\u0259l\u0259r i\u015ftirak ed\u0259c\u0259kl\u0259r ki, bu da Az\u0259rbaycan m\u0259d\u0259niyy\u0259tinin d\u00fcnyada t\u0259bli\u011fi bax\u0131m\u0131ndan b\u00f6y\u00fck rol oynayacaq. El\u0259c\u0259 d\u0259 bu t\u0259dbirl\u0259r zaman\u0131 \u015eu\u015fan\u0131n q\u0259dim tarixi, ad\u0259t-\u0259n\u0259n\u0259l\u0259ri il\u0259 ba\u011fl\u0131 bir s\u0131ra filml\u0259r, video\u00e7arxlar n\u00fcmayi\u015f olunacaq, s\u0259rgil\u0259r t\u0259\u015fkil edil\u0259c\u0259k. Bununla da d\u00fcnya ictimaiyy\u0259ti bir daha Qaraba\u011f\u0131n \u0259sl sahibinin Az\u0259rbaycan oldu\u011funa v\u0259 erm\u0259ni yalanlar\u0131n\u0131n d\u00fcnyada if\u015fas\u0131na \u015fahidlik ed\u0259c\u0259k.<\/p>\n","protected":false},"excerpt":{"rendered":"<p>Az\u0259rbaycan\u0131n m\u0259d\u0259niyy\u0259t paytaxt\u0131 olan, t\u0259m\u0259li 1752-ci ild\u0259 qoyulan, vaxtil\u0259 \u201cKi\u00e7ik Paris\u201d, \u201cQafqaz\u0131n s\u0259n\u0259t m\u0259b\u0259di\u201d, \u201cZaqafqaziyan\u0131n konservatoriyas\u0131\u201d adland\u0131r\u0131lan \u015eu\u015fa \u015f\u0259h\u0259ri bu g\u00fcn tarixinin \u0259n \u015f\u0259r\u0259fli v\u0259 q\u00fcrurlu g\u00fcnl\u0259rini ya\u015fay\u0131r. Q\u0131rx d\u00f6rd g\u00fcnl\u00fck V\u0259t\u0259n m\u00fcharib\u0259sind\u0259 Ali Ba\u015f Komandan \u0130lham \u018fliyevin r\u0259hb\u0259rliyi il\u0259 q\u0259hr\u0259man ordumuz Az\u0259rbaycan\u0131n tarixi, m\u0259d\u0259ni v\u0259 strateji \u0259h\u0259miyy\u0259t\u0259 malik, Qaraba\u011f\u0131n ba\u015f tac\u0131 olan \u015eu\u015fa \u015f\u0259h\u0259rini i\u015f\u011fal\u00e7\u0131lardan azad etdi. Az\u0259rbaycan\u0131n h\u0259rbi-diplomatik u\u011furlar\u0131, x\u00fcsusil\u0259 strateji \u0259h\u0259miyy\u0259tli \u015eu\u015fa \u015f\u0259h\u0259rinin azad edilm\u0259si m\u00fcharib\u0259nin sonrak\u0131 gedi\u015fin\u0259 v\u0259 taleyin\u0259 h\u0259lledici t\u0259sir g\u00f6st\u0259r\u0259r\u0259k Z\u0259f\u0259r G\u00fcn\u00fc kimi tariximiz\u0259 yaz\u0131ld\u0131. Prezident \u0130lham \u018fliyev 2020-ci il 3 dekabr tarixind\u0259 h\u0259r&hellip;<\/p>\n","protected":false},"author":2,"featured_media":439520,"comment_status":"closed","ping_status":"closed","sticky":false,"template":"","format":"standard","meta":{"om_disable_all_campaigns":false,"_monsterinsights_skip_tracking":false,"_monsterinsights_sitenote_active":false,"_monsterinsights_sitenote_note":"","_monsterinsights_sitenote_category":0},"categories":[4],"tags":[],"aioseo_notices":[],"gutentor_comment":0,"rttpg_featured_image_url":{"full":["https:\/\/arantv.az\/wp-content\/uploads\/2022\/02\/015e3193162339203129673418110289170-1.jpg",975,540,false],"landscape":["https:\/\/arantv.az\/wp-content\/uploads\/2022\/02\/015e3193162339203129673418110289170-1.jpg",975,540,false],"portraits":["https:\/\/arantv.az\/wp-content\/uploads\/2022\/02\/015e3193162339203129673418110289170-1.jpg",975,540,false],"thumbnail":["https:\/\/arantv.az\/wp-content\/uploads\/2022\/02\/015e3193162339203129673418110289170-1-500x280.jpg",500,280,true],"medium":["https:\/\/arantv.az\/wp-content\/uploads\/2022\/02\/015e3193162339203129673418110289170-1-660x365.jpg",660,365,true],"large":["https:\/\/arantv.az\/wp-content\/uploads\/2022\/02\/015e3193162339203129673418110289170-1-840x465.jpg",640,354,true],"1536x1536":["https:\/\/arantv.az\/wp-content\/uploads\/2022\/02\/015e3193162339203129673418110289170-1.jpg",975,540,false],"2048x2048":["https:\/\/arantv.az\/wp-content\/uploads\/2022\/02\/015e3193162339203129673418110289170-1.jpg",975,540,false],"post-thumbnail":["https:\/\/arantv.az\/wp-content\/uploads\/2022\/02\/015e3193162339203129673418110289170-1-240x172.jpg",240,172,true],"advps-thumb-one":["https:\/\/arantv.az\/wp-content\/uploads\/2022\/02\/015e3193162339203129673418110289170-1.jpg",975,540,false]},"rttpg_author":{"display_name":"V\u00fcsal Rafiqo\u011flu","author_link":"https:\/\/arantv.az\/?author=2"},"rttpg_comment":0,"rttpg_category":"<a href=\"https:\/\/arantv.az\/?cat=4\" rel=\"category\">Siyas\u0259t<\/a>","rttpg_excerpt":"Az\u0259rbaycan\u0131n m\u0259d\u0259niyy\u0259t paytaxt\u0131 olan, t\u0259m\u0259li 1752-ci ild\u0259 qoyulan, vaxtil\u0259 \u201cKi\u00e7ik Paris\u201d, \u201cQafqaz\u0131n s\u0259n\u0259t m\u0259b\u0259di\u201d, \u201cZaqafqaziyan\u0131n konservatoriyas\u0131\u201d adland\u0131r\u0131lan \u015eu\u015fa \u015f\u0259h\u0259ri bu g\u00fcn tarixinin \u0259n \u015f\u0259r\u0259fli v\u0259 q\u00fcrurlu g\u00fcnl\u0259rini ya\u015fay\u0131r. Q\u0131rx d\u00f6rd g\u00fcnl\u00fck V\u0259t\u0259n m\u00fcharib\u0259sind\u0259 Ali Ba\u015f Komandan \u0130lham \u018fliyevin r\u0259hb\u0259rliyi il\u0259 q\u0259hr\u0259man ordumuz Az\u0259rbaycan\u0131n tarixi, m\u0259d\u0259ni v\u0259 strateji \u0259h\u0259miyy\u0259t\u0259 malik, Qaraba\u011f\u0131n ba\u015f tac\u0131 olan \u015eu\u015fa \u015f\u0259h\u0259rini&hellip;","_links":{"self":[{"href":"https:\/\/arantv.az\/index.php?rest_route=\/wp\/v2\/posts\/439519"}],"collection":[{"href":"https:\/\/arantv.az\/index.php?rest_route=\/wp\/v2\/posts"}],"about":[{"href":"https:\/\/arantv.az\/index.php?rest_route=\/wp\/v2\/types\/post"}],"author":[{"embeddable":true,"href":"https:\/\/arantv.az\/index.php?rest_route=\/wp\/v2\/users\/2"}],"replies":[{"embeddable":true,"href":"https:\/\/arantv.az\/index.php?rest_route=%2Fwp%2Fv2%2Fcomments&post=439519"}],"version-history":[{"count":0,"href":"https:\/\/arantv.az\/index.php?rest_route=\/wp\/v2\/posts\/439519\/revisions"}],"wp:featuredmedia":[{"embeddable":true,"href":"https:\/\/arantv.az\/index.php?rest_route=\/wp\/v2\/media\/439520"}],"wp:attachment":[{"href":"https:\/\/arantv.az\/index.php?rest_route=%2Fwp%2Fv2%2Fmedia&parent=439519"}],"wp:term":[{"taxonomy":"category","embeddable":true,"href":"https:\/\/arantv.az\/index.php?rest_route=%2Fwp%2Fv2%2Fcategories&post=439519"},{"taxonomy":"post_tag","embeddable":true,"href":"https:\/\/arantv.az\/index.php?rest_route=%2Fwp%2Fv2%2Ftags&post=439519"}],"curies":[{"name":"wp","href":"https:\/\/api.w.org\/{rel}","templated":true}]}}