{"id":439522,"date":"2022-02-16T06:56:57","date_gmt":"2022-02-16T03:56:57","guid":{"rendered":"http:\/\/arantv.az\/?p=439522"},"modified":"2022-02-16T06:56:57","modified_gmt":"2022-02-16T03:56:57","slug":"erm%c9%99nistan-uz%c9%99rind%c9%99-z%c9%99f%c9%99rimiz-qiyam%c9%99t%c9%99-qalmayan-qisasimizdir","status":"publish","type":"post","link":"https:\/\/arantv.az\/?p=439522","title":{"rendered":"Erm\u0259nistan \u00fcz\u0259rind\u0259 Z\u0259f\u0259rimiz qiyam\u0259t\u0259 qalmayan qisas\u0131m\u0131zd\u0131r"},"content":{"rendered":"<p><em><strong>D\u00fc\u015fm\u0259n \u00f6lk\u0259nin kapitulyasiya akt\u0131n\u0131 imzalamas\u0131 t\u0259kc\u0259 Xocal\u0131 qurbanlar\u0131n\u0131n deyil, b\u00fct\u00fcn \u015f\u0259hidl\u0259rimizin intiqam\u0131n\u0131n al\u0131nmas\u0131 dem\u0259kdir<\/strong><\/em><\/p>\n<p>Xocal\u0131 soyq\u0131r\u0131m\u0131 Az\u0259rbaycan xalq\u0131n\u0131n he\u00e7 vaxt qaysaq ba\u011flanmayan, daim s\u0131z\u0131ldayan yaras\u0131d\u0131r. Prezident \u0130lham \u018fliyevin erm\u0259ni fa\u015fizminin tarixd\u0259 g\u00f6r\u00fcnm\u0259y\u0259n v\u0259h\u015filiyi olan bu soyq\u0131r\u0131m\u0131n\u0131n 30-cu ild\u00f6n\u00fcm\u00fc il\u0259 ba\u011fl\u0131 imzalad\u0131\u011f\u0131 S\u0259r\u0259ncamda qeyd olundu\u011fu kimi, 1992-ci il fevral\u0131n 25-d\u0259n 26-na ke\u00e7\u0259n gec\u0259d\u0259 Erm\u0259nistan silahl\u0131 q\u00fcvv\u0259l\u0259ri beyn\u0259lxalq h\u00fcququn norma v\u0259 prinsipl\u0259rini kobudcas\u0131na pozaraq ke\u00e7mi\u015f sovet ordusunun Xank\u0259ndid\u0259 yerl\u0259\u015f\u0259n 366-c\u0131 alay\u0131n\u0131n i\u015ftirak\u0131 il\u0259 Xocal\u0131 \u015f\u0259h\u0259rin\u0259 h\u00fccum etdi v\u0259 dinc \u0259haliy\u0259 misli g\u00f6r\u00fcnm\u0259mi\u015f q\u0259ddarl\u0131qla divan tutdu. Bir gec\u0259d\u0259 erm\u0259ni v\u0259h\u015fil\u0259ri t\u0259r\u0259find\u0259n yand\u0131r\u0131lan Xocal\u0131da 106 qad\u0131n, 63 u\u015faq, 70 qoca olmaqla 613 \u015f\u0259xs m\u0259hz az\u0259rbaycanl\u0131 olduqlar\u0131na g\u00f6r\u0259 q\u0259tl\u0259 yetirildi, 487 dinc sakin a\u011f\u0131r yaraland\u0131, 1275 n\u0259f\u0259r is\u0259 girov g\u00f6t\u00fcr\u00fcld\u00fc. Erm\u0259nistan\u0131n \u0259srl\u0259rd\u0259n b\u0259ri xalq\u0131m\u0131za qar\u015f\u0131 planl\u0131, m\u0259rh\u0259l\u0259li \u015f\u0259kild\u0259 h\u0259yata ke\u00e7irdiyi etnik t\u0259mizl\u0259m\u0259 v\u0259 t\u0259cav\u00fcz siyas\u0259tinin t\u0259rkib hiss\u0259si olan Xocal\u0131 q\u0131r\u011f\u0131n\u0131n\u0131n t\u00f6r\u0259dilm\u0259sind\u0259 Erm\u0259nistan\u0131n o zamank\u0131 siyasi-h\u0259rbi r\u0259hb\u0259rliyi kimi, faci\u0259nin qar\u015f\u0131s\u0131n\u0131n al\u0131nmas\u0131 \u00fc\u00e7\u00fcn sakinl\u0259r\u0259 yard\u0131m g\u00f6st\u0259rm\u0259y\u0259n, o d\u00f6vrd\u0259 Az\u0259rbaycanda hakimiyy\u0259td\u0259 olanlar da m\u0259suliyy\u0259t da\u015f\u0131y\u0131rlar. Erm\u0259nil\u0259rin az\u0259rbaycanl\u0131lara qar\u015f\u0131 t\u00f6r\u0259tdikl\u0259ri Xocal\u0131 soyq\u0131r\u0131m\u0131, el\u0259c\u0259 d\u0259 Ba\u011fan\u0131s Ayr\u0131m, Qarada\u011fl\u0131, A\u011fdaban v\u0259 Ba\u015fl\u0131bel q\u0259tliamlar\u0131 il\u0259 m\u00fc\u015fayi\u0259t olunan h\u0259rbi t\u0259cav\u00fcz n\u0259tic\u0259sind\u0259 20 min v\u0259t\u0259nda\u015f\u0131m\u0131z q\u0259tl\u0259 yetirilmi\u015f, 50 min n\u0259f\u0259rd\u0259n art\u0131q az\u0259rbaycanl\u0131 yaralanm\u0131\u015f v\u0259 \u0259lil olmu\u015flar. H\u0259l\u0259 m\u00fcst\u0259qilliyi m\u00f6hk\u0259ml\u0259nm\u0259mi\u015f Az\u0259rbaycan b\u00f6y\u00fck humanitar f\u0259lak\u0259tl\u0259 \u00fcz-\u00fcz\u0259 qald\u0131. \u00c7ox t\u0259\u0259ss\u00fcf ki, o zaman \u0259sl h\u0259qiq\u0259ti gizl\u0259d\u0259n, \u00abXocal\u0131da c\u0259mi 2 n\u0259f\u0259r q\u0259tl\u0259 yeirilmi\u015fdir\u00bb informasiyas\u0131 il\u0259 xalq\u0131 aldadan imperiyan\u0131n satq\u0131n yerli n\u00f6k\u0259rl\u0259ri Az\u0259rbaycan\u0131 g\u00f6zl\u0259y\u0259n sonrak\u0131 b\u0259lalar\u0131n qar\u015f\u0131s\u0131n\u0131 almaq \u00fc\u00e7\u00fcn d\u0259 t\u0259dbir g\u00f6rm\u0259dil\u0259r.<\/p>\n<p>Xocal\u0131 il\u0259 ba\u011fl\u0131 h\u0259qiq\u0259tl\u0259rd\u0259n s\u00f6z a\u00e7anda ist\u0259r-ist\u0259m\u0259z tarixd\u0259 qanl\u0131 izl\u0259ri il\u0259 qalan soyq\u0131r\u0131m\u0131lar\u0131 xat\u0131rlay\u0131r\u0131q. Xat\u0131n, Naqasaki, Ruanda, Nigeriya, Serebrenitsa, Sonqmi, Lidi\u00e7e, Babi Yar, Ruanda kimi q\u0259tliamlarla m\u00fcqayis\u0259d\u0259 Xocal\u0131 soyq\u0131r\u0131m\u0131 daha d\u0259h\u015f\u0259tlidir. \u0130kinci D\u00fcnya m\u00fcharib\u0259sind\u0259 y\u0259hudil\u0259r\u0259 qar\u015f\u0131 amans\u0131z siyas\u0259t yerid\u0259n II Reyxin \u00abali irq\u0259 m\u0259xsus\u00bb ideyalar\u0131n\u0131 \u0259sas tutan erm\u0259ni c\u0259lladlar\u0131 fa\u015fistl\u0259rin \u00abHolokost\u00bb q\u0259tliamlar\u0131n\u0131 Xocal\u0131da t\u0259krarlayaraq vandall\u0131qlar\u0131n\u0131 g\u00f6st\u0259rdil\u0259r. Yunanca \u00abholos\u00bb ( b\u00fct\u00fcn) v\u0259 \u00abkaustos\u00bb ( yanm\u0131\u015f, k\u00f6z olmu\u015f) s\u00f6zl\u0259rinin birl\u0259\u015fm\u0259sind\u0259n yaranan Holokost fa\u015fist Reyxinin \u0130kinci D\u00fcnya m\u00fcharib\u0259sind\u0259 \u00f6ld\u00fcrd\u00fcy\u00fc, krematoriyalarda yand\u0131rd\u0131\u011f\u0131 6 milyon y\u0259hudinin m\u0259ruz qald\u0131\u011f\u0131 q\u0259tliam\u0131 ifad\u0259 ed\u0259n s\u00f6zd\u00fcr. H\u0259min m\u00fcharib\u0259 zaman\u0131 ba\u015fqa mill\u0259tl\u0259rd\u0259n olan 24 milyondan art\u0131q insan\u0131 q\u0259tl\u0259 yetir\u0259n fa\u015fistl\u0259r Avropada ya\u015fayan y\u0259hudil\u0259ri \u00f6ld\u00fcrm\u0259kl\u0259 sinoqoqlar\u0131 da\u011f\u0131d\u0131r, y\u0259hudi evl\u0259rini yand\u0131r\u0131rd\u0131lar. Y\u0259hudil\u0259r\u0259 qar\u015f\u0131 nifr\u0259ti, q\u0259tliam\u0131 \u00ab Xalq\u0131n ruhu qanad\u0131 v\u0259 sonunda da\u015fd\u0131\u00bb s\u00f6zl\u0259ri il\u0259 \u0259sasland\u0131ran, Buhenvald, Ovsensim, Dachau kimi \u00f6l\u00fcm d\u00fc\u015f\u0259rg\u0259l\u0259rind\u0259 milyonlarla insan\u0131 q\u0259tl\u0259 yetir\u0259n Hitler\u0259 sadiq, Qaregin Njde l\u0259q\u0259bi il\u0259 alman fa\u015fistl\u0259rin\u0259 xidm\u0259t etmi\u015f Qaregin Ter-Arutyunyan\u0131n \u015f\u00fcar\u0131 da el\u0259 fa\u015fizm\u0259 xidm\u0259t ruhunda idi: \u00abAlmaniya u\u011frunda h\u0259lak olan Erm\u0259nistan u\u011frunda h\u0259lak olur\u201d.\u00bb MDB D\u00f6vl\u0259t Ba\u015f\u00e7\u0131lar\u0131n\u0131n A\u015fqabadda ke\u00e7iril\u0259n Sammitind\u0259 fa\u015fizm\u0259 xidm\u0259t ed\u0259n Njdenin \u0259m\u0259ll\u0259rini \u00abSMER\u015e qrupunun \u0259m\u0259kda\u015flar\u0131 olan 17 t\u0259xribat\u00e7\u0131 saxlan\u0131l\u0131b, qalanlar\u0131 bar\u0259d\u0259 axtar\u0131\u015f elan edilib. Njde h\u0259m d\u0259 Avropan\u0131n y\u0259hudi \u0259halisin\u0259 qar\u015f\u0131 Holokostda i\u015ftirak edib\u00bb s\u00f6zl\u0259ri il\u0259 diqq\u0259t\u0259 \u00e7atd\u0131ran Prezident \u0130lham \u018fliyev bildirmi\u015fdi ki, Xocal\u0131 soyq\u0131r\u0131m\u0131n\u0131 t\u00f6r\u0259d\u0259nl\u0259r Njdenin davam\u00e7\u0131lar\u0131d\u0131rlar. \u0130r\u0259vanda Njdey\u0259 abid\u0259 ucald\u0131lmas\u0131n\u0131 insanl\u0131\u011fa x\u0259yan\u0259t adland\u0131ran Prezident \u0130lham \u018fliyevin \u00abBiz d\u00f6vl\u0259t ba\u015f\u00e7\u0131lar\u0131 fa\u015fistl\u0259rin q\u0259hr\u0259man kimi q\u0259l\u0259m\u0259 verilm\u0259sinin \u0259leyhin\u0259 d\u0259f\u0259l\u0259rl\u0259 \u00e7\u0131x\u0131\u015f etmi\u015fik. T\u0259\u0259ss\u00fcf ki, MDB m\u0259kan\u0131nda, x\u00fcsus\u0259n Erm\u0259nistanda bel\u0259 hallar ba\u015f verir. Orada \u0259vv\u0259lki hakimiyy\u0259t Yerevan\u0131n m\u0259rk\u0259zind\u0259 fa\u015fist c\u0259llad\u0131 v\u0259 satq\u0131n, Qaregin Njde l\u0259q\u0259bi il\u0259 alman fa\u015fistl\u0259rin\u0259 xidm\u0259t etmi\u015f Qaregin Ter-Arutyunyana heyk\u0259l qoyub. MDB \u00f6lk\u0259l\u0259rind\u0259n olan m\u00fcharib\u0259 veteranlar\u0131n\u0131n b\u00f6y\u00fck bir qrupu Erm\u0259nistan\u0131n \u0259vv\u0259lki r\u0259hb\u0259rliyinin bu h\u0259yas\u0131z add\u0131m\u0131na qar\u015f\u0131 d\u0259f\u0259l\u0259rl\u0259 etiraz\u0131n\u0131 bildirib\u00bb s\u00f6zl\u0259ri b\u00fct\u00fcn d\u00fcnya ictimaiyy\u0259tini fa\u015fizmin m\u00fcasir n\u00fcmun\u0259si olan erm\u0259niliy\u0259 qar\u015f\u0131 m\u00fcbariz\u0259 \u00e7a\u011f\u0131r\u0131\u015f\u0131 idi. Fa\u015fistl\u0259rin insanlar\u0131 q\u0259tl\u0259 yetirdikl\u0259ri, \u00ab\u00d6ld\u00fcr\u00fclm\u0259 fabrikl\u0259ri\u00bb adland\u0131rd\u0131qlar\u0131 kameralar\u0131nda t\u00f6r\u0259dil\u0259n v\u0259h\u015filikl\u0259ri Xocal\u0131da g\u00fcnahs\u0131z insanlara qar\u015f\u0131 t\u0259tbiq ed\u0259r\u0259k m\u00fclki \u0259haliy\u0259 a\u011f\u0131lag\u0259lm\u0259y\u0259c\u0259k d\u00f6z\u00fclm\u0259z i\u015fg\u0259nc\u0259 ver\u0259n erm\u0259ni c\u0259lladlar\u0131n\u0131n t\u0259msil\u00e7il\u0259ri \u00e7oxdur. Xocal\u0131 soyq\u0131r\u0131m\u0131nda i\u015ftirak\u0131n\u0131 \u00abXocal\u0131ya q\u0259d\u0259r Az\u0259rbaycan t\u0259r\u0259fi el\u0259 bilirdi ki, biziml\u0259 zarafat etm\u0259k olar. Onlar d\u00fc\u015f\u00fcn\u00fcrd\u00fcl\u0259r ki, erm\u0259nil\u0259r m\u00fclki \u0259haliy\u0259 \u0259l qald\u0131racaq insanlar deyil. Biz bu anlay\u0131\u015fa (stereotip\u0259) son qoyduq\u00bb s\u00f6zl\u0259ri il\u0259 etiraf ed\u0259n, gorbagor Njdey\u0259 sadiqliyini t\u0259sdiql\u0259y\u0259n Erm\u0259nistan\u0131n sabiq prezidenti Serjik Sarkisyan\u0131n qani\u00e7\u0259nliyini \u00abXocal\u0131 soyq\u0131r\u0131m\u0131n\u0131 az\u0259rbaycanl\u0131lar t\u00f6r\u0259dib\u00bb say\u0131qlamas\u0131 il\u0259 p\u0259rd\u0259l\u0259m\u0259k ist\u0259y\u0259n Erm\u0259nistan\u0131n ba\u015fs\u0131z ba\u015f naziri Nikol Pa\u015finyan o hadis\u0259l\u0259ri unutmamal\u0131d\u0131r. Xocal\u0131dak\u0131 soyq\u0131r\u0131m\u0131n \u015fahidi olan xarici jurnalistl\u0259rin d\u0259 etiraf etdikl\u0259ri kimi, h\u0259l\u0259 d\u0259 can verm\u0259kd\u0259 olan yaral\u0131lara qar\u015f\u0131 g\u00f6st\u0259ril\u0259n amans\u0131zl\u0131q, insanlar\u0131n diri-diri tonqalda yand\u0131r\u0131lmas\u0131, k\u00f6rp\u0259l\u0259rin s\u00fcng\u00fcy\u0259 ke\u00e7irilm\u0259si yaln\u0131z erm\u0259nil\u0259r\u0259 m\u0259xsus keyfiyy\u0259tl\u0259r olmaqla d\u00f6z\u00fclm\u0259z v\u0259 inan\u0131lmaz v\u0259h\u015filikl\u0259r idi. Xocal\u0131 \u015f\u0259h\u0259rini , insanlar\u0131 diri-diri yand\u0131rmaqla fa\u015fistl\u0259rd\u0259n geri qalmad\u0131qlar\u0131n\u0131 Da\u011fl\u0131q Qaraba\u011fda az\u0259rbaycanl\u0131lar ya\u015fayan \u0130mar\u0259t Q\u0259rv\u0259nd, Tu\u011f, S\u0259lak\u0259tin, Axullu, Xocav\u0259nd, C\u0259milli, N\u0259bil\u0259r, Me\u015f\u0259li, H\u0259s\u0259nabad, K\u0259rkicahan, Qaybal\u0131, Mal\u0131b\u0259yli, Yuxar\u0131 v\u0259 A\u015fa\u011f\u0131 Qu\u015f\u00e7ular, Qarada\u011fl\u0131 k\u0259ndl\u0259rind\u0259 d\u0259 etnik t\u0259mizl\u0259m\u0259 m\u0259qs\u0259dil\u0259 q\u0131r\u011f\u0131nlar t\u00f6r\u0259d\u0259n, Xocav\u0259ndin Qarada\u011fl\u0131 k\u0259ndind\u0259 80 n\u0259f\u0259rd\u0259n \u00e7ox az\u0259rbaycanl\u0131n\u0131 q\u0259tl\u0259 yetir\u0259n erm\u0259nil\u0259r qani\u00e7\u0259nlikl\u0259rini sonrak\u0131 ill\u0259rd\u0259 Goranboy rayonunun Ball\u0131qaya, K\u0259lb\u0259c\u0259rin Ba\u015fl\u0131bel k\u0259ndl\u0259rind\u0259 davam etdirdil\u0259r.<\/p>\n<p>Erm\u0259nil\u0259rin v\u0259h\u015filikl\u0259rind\u0259n b\u0259hs ed\u0259n y\u00fczl\u0259rl\u0259, minl\u0259rl\u0259 bel\u0259 s\u00fcbutlar vard\u0131r. Xocal\u0131 soyq\u0131r\u0131m\u0131n\u0131n \u015fahidi kimi g\u00f6rd\u00fcy\u00fc v\u0259h\u015filikd\u0259n d\u0259h\u015f\u0259t\u0259 g\u0259l\u0259n frans\u0131z jurnalisti Jan \u0130v Yunet yaz\u0131rd\u0131: \u00abBiz Xocal\u0131 faci\u0259sinin \u015fahidiyik. Biz Xocal\u0131 m\u00fcdafi\u0259\u00e7il\u0259rinin, y\u00fczl\u0259rl\u0259 dinc sakinin- qad\u0131nlar\u0131n, u\u015faqlar\u0131n, qocalar\u0131n eyb\u0259c\u0259r hala sal\u0131nm\u0131\u015f c\u0259s\u0259dl\u0259rini g\u00f6zl\u0259rimizl\u0259 g\u00f6rd\u00fck&#8230; Erm\u0259nil\u0259r bizim vertolyotu da at\u0259\u015f\u0259 tutduqlar\u0131na g\u00f6r\u0259 \u00e7\u0259kili\u015fi ba\u015fa \u00e7atd\u0131ra bilm\u0259dik. Amma el\u0259 y\u00fcks\u0259klikd\u0259n g\u00f6rd\u00fckl\u0259rimiz d\u0259 t\u00f6r\u0259dil\u0259n v\u0259h\u015filikl\u0259ri t\u0259s\u0259vv\u00fcr\u0259 g\u0259tirm\u0259k \u00fc\u00e7\u00fcn kifay\u0259t edirdi. Bu, t\u00fck\u00fcrp\u0259dici m\u0259nz\u0259r\u0259 idi. 5-6 ya\u015fl\u0131 u\u015faqlar\u0131, qundaqdak\u0131 k\u00f6rp\u0259l\u0259ri, hamil\u0259 qad\u0131nlar\u0131 v\u0259h\u015filikl\u0259 \u00f6ld\u00fcr\u0259n erm\u0259nil\u0259r c\u0259lladl\u0131qda he\u00e7 k\u0259sl\u0259 m\u00fcqayis\u0259y\u0259 g\u0259lm\u0259zl\u0259r.\u00bb Xocal\u0131 soyq\u0131r\u0131m\u0131n\u0131 tan\u0131yan Paraqvay Deputatlar Palatas\u0131n\u0131n sayt\u0131nda yerl\u0259\u015fdiril\u0259n b\u0259yanatda qeyd edilir ki, Xocal\u0131 q\u0259tliam\u0131 XX \u0259srd\u0259 t\u00f6r\u0259dil\u0259n \u0259n qanl\u0131 faci\u0259, erm\u0259ni v\u0259h\u015filiyinin bariz n\u00fcmun\u0259sidir.<\/p>\n<p>Etnik s\u0259b\u0259bl\u0259r\u0259 g\u00f6r\u0259 t\u00f6r\u0259dil\u0259n Xocal\u0131 soyq\u0131r\u0131m\u0131n\u0131 tan\u0131yanlar\u0131n say\u0131n\u0131n artmas\u0131 il\u0259 erm\u0259nil\u0259rin m\u0259krli siyas\u0259ti d\u00fcnya ictimaiyy\u0259tin\u0259 \u00e7atd\u0131r\u0131l\u0131r. \u00d6t\u0259n \u0259srd\u0259 erm\u0259nil\u0259rin az\u0259rbaycanl\u0131lara qar\u015f\u0131 apard\u0131qlar\u0131 soyq\u0131r\u0131m\u0131na ilk siyasi qiym\u0259ti 26 mart 1998-ci ild\u0259 ( 1918-ci il mart hadis\u0259l\u0259rinin 80-ci ild\u00f6n\u00fcm\u00fc \u0259r\u0259f\u0259sind\u0259) imzalad\u0131\u011f\u0131 F\u0259rmanla ver\u0259n \u00fcmummilli lider Heyd\u0259r \u018fliyevin r\u0259hb\u0259rliyi il\u0259 Milli M\u0259clisd\u0259 Xocal\u0131 faci\u0259si soyq\u0131r\u0131m\u0131 kimi tan\u0131nd\u0131. 44 g\u00fcn davam ed\u0259n V\u0259t\u0259n m\u00fcharib\u0259sind\u0259n sonra i\u015f\u011faldan azad edilmi\u015f \u0259razil\u0259rd\u0259 olan xarici qonaqlar, diplomatlar, jurnalistl\u0259r erm\u0259ni v\u0259h\u015filikl\u0259rinin canl\u0131 \u015fahidi kimi d\u0259h\u015f\u0259t\u0259 g\u0259ldikl\u0259rini etiraf edirl\u0259r. Qonaqlar g\u00f6rd\u00fcl\u0259r ki, erm\u0259ni v\u0259h\u015filiyi t\u0259kc\u0259 Xocal\u0131 soyq\u0131r\u0131m\u0131 il\u0259 m\u0259hdudla\u015fm\u0131r. Erm\u0259ni quldurlar\u0131 i\u015f\u011fal etdiikl\u0259ri b\u00fct\u00fcn \u0259razil\u0259rd\u0259 az\u0259rbaycanl\u0131lara qar\u015f\u0131 h\u0259rbi cinay\u0259tl\u0259r t\u00f6r\u0259tmi\u015f, a\u011flas\u0131\u011fmaz v\u0259h\u015filikl\u0259r\u0259 \u0259l atm\u0131\u015flar. M\u00fcharb\u0259d\u0259n sonrak\u0131 d\u00f6vrd\u0259 G\u0259nc\u0259ni, T\u0259rt\u0259ri, B\u0259rd\u0259ni, A\u011fdam\u0131 ballistik raketl\u0259rl\u0259 bombalayan erm\u0259nil\u0259r bu h\u0259r\u0259k\u0259tl\u0259ri il\u0259 fa\u015fist ideologiyas\u0131n\u0131n milli xarakterl\u0259ri oldu\u011funu g\u00f6st\u0259rdil\u0259r. \u0130\u015f\u011fal m\u00fcdd\u0259tind\u0259 sa\u011flam tikilinin qalmad\u0131\u011f\u0131 Az\u0259rbaycan torpaqlar\u0131nda erm\u0259nil\u0259rin t\u00f6r\u0259tdikl\u0259ri ekoloji, m\u0259d\u0259ni terrorlar fa\u015fistl\u0259r\u0259 m\u0259xsus sionizmdir ki, bunu art\u0131q b\u00fct\u00fcn d\u00fcnya ictimaiyy\u0259ti a\u00e7\u0131q-ayd\u0131n g\u00f6r\u00fcr. V\u0259t\u0259n m\u00fcharib\u0259si d\u00f6vr\u00fcnd\u0259, h\u0259rbi \u0259m\u0259liyyatlar ba\u015fa \u00e7atd\u0131qdan, m\u0259\u011flub olduqdan sonra bel\u0259 t\u0259xribatlar t\u00f6r\u0259d\u0259n, \u015f\u0259h\u0259r v\u0259 k\u0259ndl\u0259rimizi k\u00fctl\u0259vi m\u0259hvetm\u0259 imkanlar\u0131na malik ballistik v\u0259 reaktiv raketl\u0259rl\u0259, kasetli bombalarla h\u0259d\u0259f\u0259 alan erm\u0259nil\u0259r bir h\u0259qiq\u0259ti t\u0259sdiql\u0259dil\u0259r: Zamanla metodlar d\u0259yi\u015fs\u0259 d\u0259, m\u00fclki \u0259haliy\u0259 qar\u015f\u0131 qanl\u0131 cinay\u0259tl\u0259r t\u00f6r\u0259tm\u0259kl\u0259 genetik da\u011f\u0131d\u0131c\u0131l\u0131q missiyalar\u0131n\u0131 davam etdir\u0259n fa\u015fizm\u0259 sadiqlik ruhu erm\u0259ni mahiyy\u0259tinin t\u0259zah\u00fcr\u00fc kimi davam edir.<\/p>\n<p>\u00d6t\u0259n il Xocal\u0131 soyq\u0131r\u0131m\u0131 qurbanlar\u0131n\u0131n an\u0131m g\u00fcn\u00fcnd\u0259 yerli v\u0259 xarici jurnalistl\u0259rl\u0259 ke\u00e7iril\u0259n m\u0259tbuat konfrans\u0131nda q\u0259tliamla ba\u011fl\u0131 a\u00e7\u0131qlama ver\u0259n Prezident \u0130lham \u018fliyev vur\u011fulam\u0131\u015fd\u0131 ki, 10-dan art\u0131q \u00f6lk\u0259 bu hadis\u0259ni soyq\u0131r\u0131m kimi tan\u0131y\u0131r. Erm\u0259nistan\u0131n 30 il i\u015f\u011fal at\u0131nda saxlad\u0131\u011f\u0131 Az\u0259rbaycan \u0259razil\u0259rind\u0259 t\u00f6r\u0259tdikl\u0259ri cinay\u0259tl\u0259r s\u0259n\u0259dl\u0259\u015fdirilir. \u00abXocal\u0131 soyq\u0131r\u0131m\u0131 t\u00f6r\u0259dil\u0259nd\u0259 d\u00fcnya susmu\u015fdu. Bunun s\u0259b\u0259bl\u0259rind\u0259n biri y\u0259qin o idi ki, o vaxt m\u0259lumat q\u0131t\u0131l\u0131\u011f\u0131 var idi. M\u00fcharib\u0259 il\u0259 ba\u011fl\u0131 m\u0259lumatlar birt\u0259r\u0259fli idi. Erm\u0259nistan \u00f6z t\u0259bli\u011fat\u0131n\u0131 i\u015f\u0259 salm\u0131\u015fd\u0131. Az\u0259rbaycan t\u0259r\u0259fi is\u0259 tamamil\u0259 aciz v\u0259ziyy\u0259td\u0259 idi. \u00c7\u00fcnki o vaxt bizim d\u00f6vl\u0259t\u00e7ilik \u0259saslar\u0131m\u0131z yox idi\u00bb s\u00f6yl\u0259y\u0259n Prezident, M\u00fcz\u0259ff\u0259r Ali Ba\u015f Komandan \u0130lham \u018fliyevin r\u0259hb\u0259rliyi il\u0259 Silahl\u0131 Q\u00fcvv\u0259l\u0259rimizin Erm\u0259nistan \u00fcz\u0259rind\u0259ki Q\u0259l\u0259b\u0259sind\u0259n sonra 30 il bundan \u0259vv\u0259l t\u00f6r\u0259dilmi\u015f Xocal\u0131 soyq\u0131r\u0131m\u0131 il\u0259 ba\u011fl\u0131 h\u0259qiq\u0259tl\u0259r daha geni\u015f miqyasda d\u00fcnya ictimaiyy\u0259tin\u0259 \u0259yani olaraq, yerind\u0259c\u0259 \u00e7atd\u0131r\u0131l\u0131r.<\/p>\n<p>Xocal\u0131 soyq\u0131r\u0131m\u0131n\u0131 t\u00f6r\u0259tm\u0259kl\u0259 Az\u0259rbaycan xalq\u0131n\u0131n irad\u0259sini qurmaq ist\u0259y\u0259n Erm\u0259nistan\u0131n qazd\u0131\u011f\u0131 quyu \u00f6z\u00fcn\u0259 n\u0259sib oldu. Erm\u0259nistan\u0131n kapitulyasiya akt\u0131n\u0131 imzalamas\u0131 t\u0259kc\u0259 Xocal\u0131 qurbanlar\u0131n\u0131n deyil, b\u00fct\u00fcn \u015f\u0259hidl\u0259rimizin al\u0131nan qisas\u0131 dem\u0259kdir. \u00abOna g\u00f6r\u0259 , m\u0259n tam \u0259min\u0259m ki, ill\u0259r ke\u00e7dikc\u0259 Xocal\u0131 soyq\u0131r\u0131m\u0131 haqq\u0131nda h\u0259qiq\u0259tl\u0259ri b\u00fct\u00fcn d\u00fcnya bil\u0259c\u0259k v\u0259 bizim v\u0259zif\u0259miz bundan ibar\u0259tdir\u00bb s\u00f6yl\u0259y\u0259n Prezident \u0130lham \u018fliyevin d\u0259mir yumru\u011fu g\u00f6st\u0259rdi ki, cinay\u0259t c\u0259zas\u0131z qalmamal\u0131, Erm\u0259nistan\u0131n h\u0259rbi-siyasi t\u0259cav\u00fcz\u00fc d\u00fcnya ictimaiyy\u0259ti t\u0259r\u0259find\u0259n ittiham edilm\u0259lidir. Beyn\u0259lxalq t\u0259\u015fkilatlar, d\u00fcnya d\u00f6vl\u0259tl\u0259rinin parlamentl\u0259ri Erm\u0259nistan\u0131n Az\u0259rbaycan torpaqlar\u0131nda t\u00f6r\u0259tdiyi h\u0259rbi cinay\u0259t\u0259 &#8211; Xocal\u0131 soyq\u0131r\u0131m\u0131na siyasi-h\u00fcquqi qiym\u0259t verm\u0259lidirl\u0259r. C\u0259nab Prezidentin d\u0259 d\u0259f\u0259l\u0259rl\u0259 qeyd etdiyi kimi, bizim siyas\u0259timiz, x\u00fcsusil\u0259 xaricd\u0259ki f\u0259aliyy\u0259timiz, Xocal\u0131 haqq\u0131nda h\u0259qiq\u0259tl\u0259ri d\u00fcnya birliyin\u0259 \u00e7atd\u0131rma\u011f\u0131m\u0131z v\u0259ziyy\u0259ti art\u0131q d\u0259yi\u015fmi\u015fdir: \u00abM\u0259n \u0259min\u0259m ki, g\u00fcn g\u0259l\u0259c\u0259k Xocal\u0131 faci\u0259sini t\u00f6r\u0259d\u0259n, dinc \u0259haliy\u0259 qar\u015f\u0131 q\u0259ddarl\u0131q g\u00f6st\u0259r\u0259n, dinc \u0259halini m\u0259hv ed\u0259n erm\u0259ni cinay\u0259tkarlar\u0131 m\u0259hk\u0259m\u0259 qar\u015f\u0131s\u0131nda cavab ver\u0259c\u0259kdir. O g\u00fcn g\u0259l\u0259c\u0259kdir.\u00bb O g\u00fcn bu g\u00fcnd\u00fcr.<\/p>\n","protected":false},"excerpt":{"rendered":"<p>D\u00fc\u015fm\u0259n \u00f6lk\u0259nin kapitulyasiya akt\u0131n\u0131 imzalamas\u0131 t\u0259kc\u0259 Xocal\u0131 qurbanlar\u0131n\u0131n deyil, b\u00fct\u00fcn \u015f\u0259hidl\u0259rimizin intiqam\u0131n\u0131n al\u0131nmas\u0131 dem\u0259kdir Xocal\u0131 soyq\u0131r\u0131m\u0131 Az\u0259rbaycan xalq\u0131n\u0131n he\u00e7 vaxt qaysaq ba\u011flanmayan, daim s\u0131z\u0131ldayan yaras\u0131d\u0131r. Prezident \u0130lham \u018fliyevin erm\u0259ni fa\u015fizminin tarixd\u0259 g\u00f6r\u00fcnm\u0259y\u0259n v\u0259h\u015filiyi olan bu soyq\u0131r\u0131m\u0131n\u0131n 30-cu ild\u00f6n\u00fcm\u00fc il\u0259 ba\u011fl\u0131 imzalad\u0131\u011f\u0131 S\u0259r\u0259ncamda qeyd olundu\u011fu kimi, 1992-ci il fevral\u0131n 25-d\u0259n 26-na ke\u00e7\u0259n gec\u0259d\u0259 Erm\u0259nistan silahl\u0131 q\u00fcvv\u0259l\u0259ri beyn\u0259lxalq h\u00fcququn norma v\u0259 prinsipl\u0259rini kobudcas\u0131na pozaraq ke\u00e7mi\u015f sovet ordusunun Xank\u0259ndid\u0259 yerl\u0259\u015f\u0259n 366-c\u0131 alay\u0131n\u0131n i\u015ftirak\u0131 il\u0259 Xocal\u0131 \u015f\u0259h\u0259rin\u0259 h\u00fccum etdi v\u0259 dinc \u0259haliy\u0259 misli g\u00f6r\u00fcnm\u0259mi\u015f q\u0259ddarl\u0131qla divan tutdu. Bir gec\u0259d\u0259 erm\u0259ni v\u0259h\u015fil\u0259ri t\u0259r\u0259find\u0259n yand\u0131r\u0131lan Xocal\u0131da&hellip;<\/p>\n","protected":false},"author":2,"featured_media":439523,"comment_status":"closed","ping_status":"closed","sticky":false,"template":"","format":"standard","meta":{"om_disable_all_campaigns":false,"_monsterinsights_skip_tracking":false,"_monsterinsights_sitenote_active":false,"_monsterinsights_sitenote_note":"","_monsterinsights_sitenote_category":0},"categories":[8],"tags":[],"aioseo_notices":[],"gutentor_comment":0,"rttpg_featured_image_url":{"full":["https:\/\/arantv.az\/wp-content\/uploads\/2022\/02\/0a11818416307738914554373071086138-1.jpg",975,540,false],"landscape":["https:\/\/arantv.az\/wp-content\/uploads\/2022\/02\/0a11818416307738914554373071086138-1.jpg",975,540,false],"portraits":["https:\/\/arantv.az\/wp-content\/uploads\/2022\/02\/0a11818416307738914554373071086138-1.jpg",975,540,false],"thumbnail":["https:\/\/arantv.az\/wp-content\/uploads\/2022\/02\/0a11818416307738914554373071086138-1-500x280.jpg",500,280,true],"medium":["https:\/\/arantv.az\/wp-content\/uploads\/2022\/02\/0a11818416307738914554373071086138-1-660x365.jpg",660,365,true],"large":["https:\/\/arantv.az\/wp-content\/uploads\/2022\/02\/0a11818416307738914554373071086138-1-840x465.jpg",640,354,true],"1536x1536":["https:\/\/arantv.az\/wp-content\/uploads\/2022\/02\/0a11818416307738914554373071086138-1.jpg",975,540,false],"2048x2048":["https:\/\/arantv.az\/wp-content\/uploads\/2022\/02\/0a11818416307738914554373071086138-1.jpg",975,540,false],"post-thumbnail":["https:\/\/arantv.az\/wp-content\/uploads\/2022\/02\/0a11818416307738914554373071086138-1-240x172.jpg",240,172,true],"advps-thumb-one":["https:\/\/arantv.az\/wp-content\/uploads\/2022\/02\/0a11818416307738914554373071086138-1.jpg",975,540,false]},"rttpg_author":{"display_name":"V\u00fcsal Rafiqo\u011flu","author_link":"https:\/\/arantv.az\/?author=2"},"rttpg_comment":0,"rttpg_category":"<a href=\"https:\/\/arantv.az\/?cat=8\" rel=\"category\">\u018fsas s\u0259hif\u0259<\/a>","rttpg_excerpt":"D\u00fc\u015fm\u0259n \u00f6lk\u0259nin kapitulyasiya akt\u0131n\u0131 imzalamas\u0131 t\u0259kc\u0259 Xocal\u0131 qurbanlar\u0131n\u0131n deyil, b\u00fct\u00fcn \u015f\u0259hidl\u0259rimizin intiqam\u0131n\u0131n al\u0131nmas\u0131 dem\u0259kdir Xocal\u0131 soyq\u0131r\u0131m\u0131 Az\u0259rbaycan xalq\u0131n\u0131n he\u00e7 vaxt qaysaq ba\u011flanmayan, daim s\u0131z\u0131ldayan yaras\u0131d\u0131r. Prezident \u0130lham \u018fliyevin erm\u0259ni fa\u015fizminin tarixd\u0259 g\u00f6r\u00fcnm\u0259y\u0259n v\u0259h\u015filiyi olan bu soyq\u0131r\u0131m\u0131n\u0131n 30-cu ild\u00f6n\u00fcm\u00fc il\u0259 ba\u011fl\u0131 imzalad\u0131\u011f\u0131 S\u0259r\u0259ncamda qeyd olundu\u011fu kimi, 1992-ci il fevral\u0131n 25-d\u0259n 26-na ke\u00e7\u0259n gec\u0259d\u0259 Erm\u0259nistan silahl\u0131 q\u00fcvv\u0259l\u0259ri&hellip;","_links":{"self":[{"href":"https:\/\/arantv.az\/index.php?rest_route=\/wp\/v2\/posts\/439522"}],"collection":[{"href":"https:\/\/arantv.az\/index.php?rest_route=\/wp\/v2\/posts"}],"about":[{"href":"https:\/\/arantv.az\/index.php?rest_route=\/wp\/v2\/types\/post"}],"author":[{"embeddable":true,"href":"https:\/\/arantv.az\/index.php?rest_route=\/wp\/v2\/users\/2"}],"replies":[{"embeddable":true,"href":"https:\/\/arantv.az\/index.php?rest_route=%2Fwp%2Fv2%2Fcomments&post=439522"}],"version-history":[{"count":0,"href":"https:\/\/arantv.az\/index.php?rest_route=\/wp\/v2\/posts\/439522\/revisions"}],"wp:featuredmedia":[{"embeddable":true,"href":"https:\/\/arantv.az\/index.php?rest_route=\/wp\/v2\/media\/439523"}],"wp:attachment":[{"href":"https:\/\/arantv.az\/index.php?rest_route=%2Fwp%2Fv2%2Fmedia&parent=439522"}],"wp:term":[{"taxonomy":"category","embeddable":true,"href":"https:\/\/arantv.az\/index.php?rest_route=%2Fwp%2Fv2%2Fcategories&post=439522"},{"taxonomy":"post_tag","embeddable":true,"href":"https:\/\/arantv.az\/index.php?rest_route=%2Fwp%2Fv2%2Ftags&post=439522"}],"curies":[{"name":"wp","href":"https:\/\/api.w.org\/{rel}","templated":true}]}}