{"id":439569,"date":"2022-02-16T07:33:52","date_gmt":"2022-02-16T04:33:52","guid":{"rendered":"http:\/\/arantv.az\/?p=439569"},"modified":"2022-02-16T07:33:52","modified_gmt":"2022-02-16T04:33:52","slug":"%c9%99dv-h%c9%99l%c9%99-d%c9%99-l%c9%99gv-olunmayib-nasirl%c9%99rin-naraziligi-artir","status":"publish","type":"post","link":"https:\/\/arantv.az\/?p=439569","title":{"rendered":"\u018fDV h\u0259l\u0259 d\u0259 l\u0259\u011fv olunmay\u0131b, na\u015firl\u0259rin naraz\u0131l\u0131\u011f\u0131 art\u0131r"},"content":{"rendered":"<h3><strong>Qanunun yanvar\u0131n 1-d\u0259n q\u00fcvv\u0259y\u0259 minm\u0259si n\u0259z\u0259rd\u0259 tutulsa da, ayd\u0131nla\u015fd\u0131r\u0131lmayan bir \u00e7ox n\u00fcanslar var<\/strong><\/h3>\n<p><strong>2019-cu ilin \u0259vv\u0259lind\u0259 T\u00fcrkiy\u0259d\u0259 kitablar v\u0259 jurnallar \u00fcz\u0259rind\u0259n \u018fDV g\u00f6t\u00fcr\u00fcld\u00fc. El\u0259 h\u0259min d\u00f6n\u0259md\u0259 analoji add\u0131m\u0131n Az\u0259rbaycanda da t\u0259tbiq edilm\u0259si t\u0259klif olundu. \u00d6lk\u0259mizd\u0259 kitablar \u00fcz\u0259rind\u0259 \u018fDV 18%-dir. Na\u015firl\u0259r daim bu m\u0259s\u0259l\u0259ni g\u00fcnd\u0259md\u0259 saxlama\u011fa \u00e7al\u0131\u015f\u0131blar. N\u0259hay\u0259t, \u00f6t\u0259n il\u00a0 dekabr\u0131n 3-d\u0259 g\u00f6zl\u0259nil\u0259n q\u0259rar verildi.\u00a0 Milli M\u0259clisin iclas\u0131nda Vergi M\u0259c\u0259ll\u0259sin\u0259 d\u0259yi\u015fiklik layih\u0259si III oxunu\u015fda m\u00fczakir\u0259y\u0259 \u00e7\u0131xar\u0131laraq q\u0259bul edildi.<\/strong><\/p>\n<p>D\u0259yi\u015fiklikl\u0259 siyah\u0131s\u0131 m\u00fcvafiq icra hakimiyy\u0259ti orqan\u0131n\u0131n m\u00fc\u0259yy\u0259n etdiyi orqan (qurum) t\u0259r\u0259find\u0259n t\u0259sdiql\u0259n\u0259n k\u00fctl\u0259vi informasiya vasit\u0259l\u0259ri m\u0259hsullar\u0131n\u0131n v\u0259 kitablar\u0131n, (elektron kitablar istisna olmaqla) habel\u0259 d\u0259rslik komplektl\u0259rinin idxal\u0131 v\u0259 sat\u0131\u015f\u0131, h\u0259min mallar\u0131n (m\u0259hsullar\u0131n) istehsal\u0131 (n\u0259\u015fri) il\u0259 ba\u011fl\u0131 rulon v\u0259 ya v\u0259r\u0259q\u0259 \u015f\u0259klind\u0259 ka\u011f\u0131z\u0131n idxal\u0131 v\u0259 sat\u0131\u015f\u0131, m\u0259tbu k\u00fctl\u0259vi informasiya vasit\u0259l\u0259ri m\u0259hsullar\u0131n\u0131n v\u0259 kitablar\u0131n, o c\u00fcml\u0259d\u0259n elektron kitablar\u0131n, habel\u0259 d\u0259rslik komplektl\u0259rinin istehsal\u0131 il\u0259 ba\u011fl\u0131 redaksiya, n\u0259\u015friyyat v\u0259 poliqrafiya f\u0259aliyy\u0259tind\u0259n (reklam xidm\u0259tl\u0259ri istisna olmaqla) \u018fDV tutulmayacaq.<\/p>\n<p>Burada m\u00fcvafiq icra hakimiyy\u0259ti orqan\u0131 dedikd\u0259 Nazirl\u0259r Kabineti n\u0259z\u0259rd\u0259 tutulur. Qanunun yanvar\u0131n 1-d\u0259n q\u00fcvv\u0259y\u0259 minm\u0259si n\u0259z\u0259rd\u0259 tutulsa da, h\u0259l\u0259 d\u0259 ayd\u0131nla\u015fd\u0131r\u0131lmayan bir \u00e7ox n\u00fcanslar var. Qanuna g\u00f6r\u0259, yaln\u0131z Nazirl\u0259r Kabineti t\u0259r\u0259find\u0259n t\u0259rtib olunacaq siyah\u0131ya d\u00fc\u015f\u0259n kitablar \u018fDV-d\u0259n azad olunacaq. B\u0259s bu siyah\u0131 hans\u0131 kriteriyalarla t\u0259rtib olunacaq?\u00a0 Bundan \u0259lav\u0259, na\u015firl\u0259r yanvar ay\u0131 \u0259rzind\u0259 n\u0259\u015fr olunan v\u0259 xaricd\u0259n g\u0259tiril\u0259n kitablara g\u00f6r\u0259 \u018fDV \u00f6d\u0259yibl\u0259r. B\u0259s qanunda n\u0259z\u0259rd\u0259 tutulan d\u0259yi\u015fiklikl\u0259r n\u0259 zaman t\u0259tbiq olunma\u011fa ba\u015flayacaq?<\/p>\n<p><img loading=\"lazy\" src=\"https:\/\/upload.wikimedia.org\/wikipedia\/commons\/thumb\/c\/c2\/Sentyabr.jpg\/1200px-Sentyabr.jpg\" alt=\"\u015eahbaz Xuduo\u011flu \u2014 Vikipediya\" width=\"758\" height=\"663\" \/><\/p>\n<p><strong>\u015eahbaz Xuduo\u011flu: \u201cB\u0131\u00e7aq s\u00fcm\u00fcy\u0259 dir\u0259nib\u201d<\/strong><\/p>\n<p>\u201cQanun\u201d n\u0259\u015friyyat\u0131n\u0131n r\u0259hb\u0259ri \u015eahbaz Xuduo\u011flu \u201cYeni M\u00fcsavat\u201da bildirdi ki, qanunun h\u0259l\u0259 d\u0259 i\u015f\u0259 d\u00fc\u015fm\u0259m\u0259si na\u015firl\u0259ri \u00e7\u0259tin duruma sal\u0131b: \u201c\u201cQanun\u201d n\u0259\u015friyyat\u0131 h\u0259r g\u00fcn bir kitab n\u0259\u015fr edir. Bu, t\u0259kc\u0259, sloqan deyil, real faktd\u0131r. B\u0259zi kitablar\u0131n \u00e7ap\u0131n\u0131 xarici \u00f6lk\u0259l\u0259rd\u0259 h\u0259yata ke\u00e7iririk. Bundan ba\u015fqa, b\u0259zi kitablar\u0131 xarici \u00f6lk\u0259l\u0259rd\u0259n al\u0131r\u0131q. B\u0259zi n\u0259\u015frl\u0259r \u00fc\u00e7\u00fcn laz\u0131mi materiallar\u0131 da xaricd\u0259n al\u0131r\u0131q. Ba\u015fqa \u00f6lk\u0259l\u0259rd\u0259n n\u0259 g\u0259lirs\u0259, ham\u0131s\u0131na \u018fDV t\u0259tbiq olunur. Kitab sat\u0131\u015f\u0131 il\u0259 m\u0259\u015f\u011ful olan \u015firk\u0259tl\u0259r, d\u00fckanlar b\u0131\u00e7aq s\u00fcm\u00fcy\u0259 dir\u0259nmi\u015f kimi f\u0259aliyy\u0259t g\u00f6st\u0259rirl\u0259r. Vergi sistemi el\u0259 qurulub ki, art\u0131q h\u0259r k\u0259s \u201ca\u011f m\u00fchasibatl\u0131q\u201d rejimi il\u0259 i\u015fl\u0259m\u0259y\u0259 ba\u015flay\u0131b. N\u0259\u015friyyatlar \u00e7\u0259tin v\u0259ziyy\u0259td\u0259dir. \u018fn pisi d\u0259 odur ki, qanun yanvar\u0131n 1-d\u0259n q\u00fcvv\u0259y\u0259 minm\u0259li oldu\u011fu halda, biz h\u0259l\u0259 d\u0259 \u018fDV \u00f6d\u0259yirik. Dig\u0259r bir m\u0259s\u0259l\u0259 yaln\u0131z Nazirl\u0259r Kabineti t\u0259r\u0259find\u0259n t\u0259sdiq olunmu\u015f siyah\u0131dak\u0131 kitablar\u0131n \u018fDV-d\u0259n azad olunmas\u0131 il\u0259 ba\u011fl\u0131d\u0131r. Hans\u0131 n\u0259\u015frl\u0259rin \u018fDV-d\u0259n azad olunaca\u011f\u0131 bilinmir. Bu siyah\u0131 h\u0259l\u0259 d\u0259 m\u00fc\u0259yy\u0259n edilm\u0259yib&#8221;.<\/p>\n<p><img src=\"https:\/\/qaynarinfo.az\/file\/pic\/xeber\/2020-07\/1596188354_untitled-1.jpg\" alt=\"Nigar K\u00f6\u00e7\u0259rli: &amp;quot;Bu, Az\u0259rbaycan\u0131n g\u00f6mr\u00fck tarixind\u0259 qara s\u0259hif\u0259dir&amp;quot;\" \/><\/p>\n<p><strong>Nigar K\u00f6\u00e7\u0259rli: \u201cYanvar ay\u0131nda 20 min manat\u00a0 \u00f6d\u0259mi\u015fik\u201d<\/strong><\/p>\n<p>\u201c\u018fli v\u0259 Nino\u201d kitab ma\u011fazalar\u0131 \u015f\u0259b\u0259k\u0259sinin m\u00fcdiri Nigar K\u00f6\u00e7\u0259rli \u201cYeni M\u00fcsavat\u201da bildirdi ki,\u00a0 h\u0259m idxal olunan, h\u0259m d\u0259 \u00f6lk\u0259daxili n\u0259\u015fr olunan kitablara g\u00f6r\u0259 \u018fDV \u00f6d\u0259nilir: \u201cYanvar\u0131n 1-d\u0259n Vergi M\u0259c\u0259ll\u0259sin\u0259 d\u0259yi\u015fiklik edilib. Buna baxmayaraq, biz na\u015firl\u0259r h\u0259l\u0259 d\u0259 \u018fDV \u00f6d\u0259yirik.\u00a0 Vergil\u0259r Nazirliyind\u0259n biz\u0259 bildirilib ki, n\u0259\u015frl\u0259rin siyah\u0131s\u0131 Nazirl\u0259r Kabineti t\u0259r\u0259find\u0259n t\u0259sdiq olunduqdan sonra \u018fDV l\u0259\u011fv olunacaq. Anormal v\u0259ziyy\u0259tdir, \u00e7\u00fcnki siyah\u0131n\u0131n t\u0259sdiq olunmas\u0131 \u00fc\u00e7\u00fcn 3 ay zaman laz\u0131md\u0131r. Bu is\u0259 o dem\u0259kdir ki, biz na\u015firl\u0259r bu m\u00fcdd\u0259td\u0259 \u018fDV \u00f6d\u0259m\u0259y\u0259 m\u0259cburuq. M\u00fc\u015ft\u0259ril\u0259r prosesl\u0259ri bilm\u0259diyin\u0259 g\u00f6r\u0259 naraz\u0131l\u0131qlar olur. H\u0259tta m\u00fc\u015ft\u0259ril\u0259rd\u0259n biri Az\u0259rbaycan Respublikas\u0131n\u0131n \u0130qtisadiyyat Nazirliyi yan\u0131nda Antiinhisar Siyas\u0259ti v\u0259 \u0130stehlak\u00e7\u0131lar\u0131n H\u00fcquqlar\u0131n\u0131n M\u00fcdafi\u0259si D\u00f6vl\u0259t Xidm\u0259tin\u0259 bizd\u0259n \u015fikay\u0259t edib. Qanunda yaz\u0131l\u0131b ki, yanvar\u0131n 1-d\u0259n \u018fDV l\u0259\u011fv olunur, lakin biz yanvar ay\u0131nda astronomik m\u0259bl\u0259\u011f &#8211; 20 min manat\u00a0 \u00f6d\u0259mi\u015fik. N\u0259\u015fr olunan kitablara 18% \u018fDV t\u0259tbiq olunur. Bundan \u0259lav\u0259, idxal olunan n\u0259\u015frl\u0259r\u0259 g\u00f6r\u0259 \u0259lav\u0259 15% g\u00f6mr\u00fck r\u00fcsumu \u00f6d\u0259nilir. Bununla ba\u011fl\u0131 Nazirl\u0259r Kabinetin\u0259 m\u00fcraci\u0259t etmi\u015fik, lakin n\u0259tic\u0259 yoxdur. Na\u015firl\u0259r d\u0259 naraz\u0131d\u0131r. Bundan ba\u015fqa, o siyah\u0131n\u0131n hans\u0131 kriteriyalarla t\u0259rtib olunaca\u011f\u0131na dair konkret cavab ala bilmirik. B\u0259lk\u0259 sonrak\u0131 m\u0259rh\u0259l\u0259d\u0259 daha bir ne\u00e7\u0259 ay zaman laz\u0131m olacaq?\u201d<\/p>\n<p><strong>Kitab bazar\u0131na h\u0259r g\u00fcn minl\u0259rl\u0259 kitab daxil olur. T\u0259kc\u0259 \u201c\u018fli v\u0259 Nino\u201d n\u0259\u015friyyat\u0131 bir ay \u0259rzind\u0259 5-6 min manatl\u0131q kitab n\u0259\u015fr edir. \u0130dxal olunan kitablar\u0131n \u00fcmumi m\u0259bl\u0259\u011fi \u00f6t\u0259n ilin dekabr ay\u0131nda 50-60 min manat,yanvar ay\u0131nda is\u0259 maksimum 5-6 min manat olub. Kitablar \u0259sas\u0259n Rusiyadan, T\u00fcrkiy\u0259d\u0259n, B\u00f6y\u00fck Britaniya, AB\u015e, Fransa v\u0259 Almaniyadan idxal olunur. Na\u015firl\u0259rin n\u0259y\u0259 g\u00f6r\u0259 bu q\u0259d\u0259r t\u0259\u015fvi\u015f ke\u00e7irdiyi el\u0259 r\u0259q\u0259ml\u0259rd\u0259n d\u0259 b\u0259lli olur.<\/strong><\/p>\n<p>Nazirl\u0259r Kabinetind\u0259n is\u0259 \u201cYeni M\u00fcsavat\u201d\u0131n sor\u011fusuna cavab olaraq bildirildi ki,&#8221;Az\u0259rbaycan Respublikas\u0131n\u0131n Vergi M\u0259c\u0259ll\u0259sind\u0259 d\u0259yi\u015fiklik edilm\u0259si haqq\u0131nda&#8221; Az\u0259rbaycan Respublikas\u0131 Prezidentinin 2021-ci il 29 dekabr tarixli F\u0259rman\u0131na uy\u011fun olaraq Az\u0259rbaycan Respublikas\u0131n\u0131n T\u0259hsil Nazirliyi Az\u0259rbaycan Respublikas\u0131n\u0131n \u0130qtisadiyyat Nazirliyi, Az\u0259rbaycan Respublikas\u0131n\u0131n D\u00f6vl\u0259t G\u00f6mr\u00fck Komit\u0259si v\u0259 icra prosesind\u0259 m\u00fc\u0259yy\u0259n edil\u0259c\u0259k dig\u0259r aidiyy\u0259ti d\u00f6vl\u0259t orqanlar\u0131 (d\u00f6vl\u0259tin h\u00fcquqi \u015f\u0259xsl\u0259ri) il\u0259 raz\u0131la\u015fd\u0131rmaqla, k\u00fctl\u0259vi informasiya vasit\u0259l\u0259ri m\u0259hsullar\u0131n\u0131n v\u0259 kitablar\u0131n (elektron kitablar istisna olmaqla), habel\u0259 d\u0259rslik komplektl\u0259rinin siyah\u0131s\u0131 il\u0259 ba\u011fl\u0131 t\u0259klifl\u0259rini iki ay m\u00fcdd\u0259tind\u0259 Az\u0259rbaycan Respublikas\u0131n\u0131n Nazirl\u0259r Kabinetin\u0259 t\u0259qdim etm\u0259lidir. \u201cHaz\u0131rda proses davam edir\u201d, &#8211; dey\u0259 cavabda qeyd olunub.<\/p>\n","protected":false},"excerpt":{"rendered":"<p>Qanunun yanvar\u0131n 1-d\u0259n q\u00fcvv\u0259y\u0259 minm\u0259si n\u0259z\u0259rd\u0259 tutulsa da, ayd\u0131nla\u015fd\u0131r\u0131lmayan bir \u00e7ox n\u00fcanslar var 2019-cu ilin \u0259vv\u0259lind\u0259 T\u00fcrkiy\u0259d\u0259 kitablar v\u0259 jurnallar \u00fcz\u0259rind\u0259n \u018fDV g\u00f6t\u00fcr\u00fcld\u00fc. El\u0259 h\u0259min d\u00f6n\u0259md\u0259 analoji add\u0131m\u0131n Az\u0259rbaycanda da t\u0259tbiq edilm\u0259si t\u0259klif olundu. \u00d6lk\u0259mizd\u0259 kitablar \u00fcz\u0259rind\u0259 \u018fDV 18%-dir. Na\u015firl\u0259r daim bu m\u0259s\u0259l\u0259ni g\u00fcnd\u0259md\u0259 saxlama\u011fa \u00e7al\u0131\u015f\u0131blar. N\u0259hay\u0259t, \u00f6t\u0259n il\u00a0 dekabr\u0131n 3-d\u0259 g\u00f6zl\u0259nil\u0259n q\u0259rar verildi.\u00a0 Milli M\u0259clisin iclas\u0131nda Vergi M\u0259c\u0259ll\u0259sin\u0259 d\u0259yi\u015fiklik layih\u0259si III oxunu\u015fda m\u00fczakir\u0259y\u0259 \u00e7\u0131xar\u0131laraq q\u0259bul edildi. D\u0259yi\u015fiklikl\u0259 siyah\u0131s\u0131 m\u00fcvafiq icra hakimiyy\u0259ti orqan\u0131n\u0131n m\u00fc\u0259yy\u0259n etdiyi orqan (qurum) t\u0259r\u0259find\u0259n t\u0259sdiql\u0259n\u0259n k\u00fctl\u0259vi informasiya vasit\u0259l\u0259ri m\u0259hsullar\u0131n\u0131n v\u0259 kitablar\u0131n, (elektron kitablar istisna olmaqla) habel\u0259&hellip;<\/p>\n","protected":false},"author":2,"featured_media":439570,"comment_status":"closed","ping_status":"closed","sticky":false,"template":"","format":"standard","meta":{"om_disable_all_campaigns":false,"_monsterinsights_skip_tracking":false,"_monsterinsights_sitenote_active":false,"_monsterinsights_sitenote_note":"","_monsterinsights_sitenote_category":0},"categories":[19],"tags":[],"aioseo_notices":[],"gutentor_comment":0,"rttpg_featured_image_url":{"full":["https:\/\/arantv.az\/wp-content\/uploads\/2022\/02\/f094e02fb31a0dfa0e7141ae6882c6a4.jpg",450,300,false],"landscape":["https:\/\/arantv.az\/wp-content\/uploads\/2022\/02\/f094e02fb31a0dfa0e7141ae6882c6a4.jpg",450,300,false],"portraits":["https:\/\/arantv.az\/wp-content\/uploads\/2022\/02\/f094e02fb31a0dfa0e7141ae6882c6a4.jpg",450,300,false],"thumbnail":["https:\/\/arantv.az\/wp-content\/uploads\/2022\/02\/f094e02fb31a0dfa0e7141ae6882c6a4-450x280.jpg",450,280,true],"medium":["https:\/\/arantv.az\/wp-content\/uploads\/2022\/02\/f094e02fb31a0dfa0e7141ae6882c6a4.jpg",450,300,false],"large":["https:\/\/arantv.az\/wp-content\/uploads\/2022\/02\/f094e02fb31a0dfa0e7141ae6882c6a4.jpg",450,300,false],"1536x1536":["https:\/\/arantv.az\/wp-content\/uploads\/2022\/02\/f094e02fb31a0dfa0e7141ae6882c6a4.jpg",450,300,false],"2048x2048":["https:\/\/arantv.az\/wp-content\/uploads\/2022\/02\/f094e02fb31a0dfa0e7141ae6882c6a4.jpg",450,300,false],"post-thumbnail":["https:\/\/arantv.az\/wp-content\/uploads\/2022\/02\/f094e02fb31a0dfa0e7141ae6882c6a4-240x172.jpg",240,172,true],"advps-thumb-one":["https:\/\/arantv.az\/wp-content\/uploads\/2022\/02\/f094e02fb31a0dfa0e7141ae6882c6a4.jpg",450,300,false]},"rttpg_author":{"display_name":"V\u00fcsal Rafiqo\u011flu","author_link":"https:\/\/arantv.az\/?author=2"},"rttpg_comment":0,"rttpg_category":"<a href=\"https:\/\/arantv.az\/?cat=19\" rel=\"category\">G\u00fcnd\u0259m<\/a>","rttpg_excerpt":"Qanunun yanvar\u0131n 1-d\u0259n q\u00fcvv\u0259y\u0259 minm\u0259si n\u0259z\u0259rd\u0259 tutulsa da, ayd\u0131nla\u015fd\u0131r\u0131lmayan bir \u00e7ox n\u00fcanslar var 2019-cu ilin \u0259vv\u0259lind\u0259 T\u00fcrkiy\u0259d\u0259 kitablar v\u0259 jurnallar \u00fcz\u0259rind\u0259n \u018fDV g\u00f6t\u00fcr\u00fcld\u00fc. El\u0259 h\u0259min d\u00f6n\u0259md\u0259 analoji add\u0131m\u0131n Az\u0259rbaycanda da t\u0259tbiq edilm\u0259si t\u0259klif olundu. \u00d6lk\u0259mizd\u0259 kitablar \u00fcz\u0259rind\u0259 \u018fDV 18%-dir. Na\u015firl\u0259r daim bu m\u0259s\u0259l\u0259ni g\u00fcnd\u0259md\u0259 saxlama\u011fa \u00e7al\u0131\u015f\u0131blar. N\u0259hay\u0259t, \u00f6t\u0259n il\u00a0 dekabr\u0131n 3-d\u0259 g\u00f6zl\u0259nil\u0259n q\u0259rar verildi.\u00a0 Milli&hellip;","_links":{"self":[{"href":"https:\/\/arantv.az\/index.php?rest_route=\/wp\/v2\/posts\/439569"}],"collection":[{"href":"https:\/\/arantv.az\/index.php?rest_route=\/wp\/v2\/posts"}],"about":[{"href":"https:\/\/arantv.az\/index.php?rest_route=\/wp\/v2\/types\/post"}],"author":[{"embeddable":true,"href":"https:\/\/arantv.az\/index.php?rest_route=\/wp\/v2\/users\/2"}],"replies":[{"embeddable":true,"href":"https:\/\/arantv.az\/index.php?rest_route=%2Fwp%2Fv2%2Fcomments&post=439569"}],"version-history":[{"count":0,"href":"https:\/\/arantv.az\/index.php?rest_route=\/wp\/v2\/posts\/439569\/revisions"}],"wp:featuredmedia":[{"embeddable":true,"href":"https:\/\/arantv.az\/index.php?rest_route=\/wp\/v2\/media\/439570"}],"wp:attachment":[{"href":"https:\/\/arantv.az\/index.php?rest_route=%2Fwp%2Fv2%2Fmedia&parent=439569"}],"wp:term":[{"taxonomy":"category","embeddable":true,"href":"https:\/\/arantv.az\/index.php?rest_route=%2Fwp%2Fv2%2Fcategories&post=439569"},{"taxonomy":"post_tag","embeddable":true,"href":"https:\/\/arantv.az\/index.php?rest_route=%2Fwp%2Fv2%2Ftags&post=439569"}],"curies":[{"name":"wp","href":"https:\/\/api.w.org\/{rel}","templated":true}]}}