{"id":439572,"date":"2022-02-16T07:40:38","date_gmt":"2022-02-16T04:40:38","guid":{"rendered":"http:\/\/arantv.az\/?p=439572"},"modified":"2022-02-16T07:40:38","modified_gmt":"2022-02-16T04:40:38","slug":"az%c9%99rbaycanda-esim-texnologiyasina-t%c9%99l%c9%99bat-artir-nazir-muavini","status":"publish","type":"post","link":"https:\/\/arantv.az\/?p=439572","title":{"rendered":"Az\u0259rbaycanda eSIM texnologiyas\u0131na t\u0259l\u0259bat art\u0131r &#8211; nazir m\u00fcavini"},"content":{"rendered":"<p>Az\u0259rbaycanda eSIM texnologiyas\u0131na t\u0259l\u0259bat art\u0131r.<\/p>\n<p><strong>ARANTV.AZ<\/strong>\u00a0 bildirir ki, bunu <a href=\"https:\/\/az.trend.az\/\" target=\"_blank\" rel=\"noopener\">Trend<\/a>-\u0259 r\u0259q\u0259msal inki\u015faf v\u0259 n\u0259qliyyat nazirinin m\u00fcavini R\u00f6v\u015f\u0259n R\u00fcst\u0259mov deyib.<\/p>\n<p>Onun s\u00f6zl\u0259rin\u0259 g\u00f6r\u0259, Az\u0259rbaycan\u0131n mobil operatorlar\u0131 t\u0259r\u0259find\u0259n elektron S\u0130M kartlar\u0131n (eSIM) t\u0259tbiqi sah\u0259sind\u0259 layih\u0259 daxili bazar\u0131n t\u0259l\u0259bl\u0259rin\u0259 uy\u011fun olaraq h\u0259yata ke\u00e7iril\u0259c\u0259k.<\/p>\n<p>&#8220;Bu g\u00fcn g\u00f6r\u00fcr\u00fck ki, bu texnologiyalara bizim bazarda t\u0259l\u0259bat var v\u0259 bu istiqam\u0259td\u0259 i\u015fl\u0259r apar\u0131l\u0131r&#8221;, &#8211; dey\u0259 nazir m\u00fcavini bildirib.<\/p>\n<p>R.R\u00fcst\u0259mov qeyd edib ki, Az\u0259rbaycanda 5G \u015f\u0259b\u0259k\u0259sinin t\u0259tbiqi sah\u0259sind\u0259 art\u0131q konseptual s\u0259n\u0259d haz\u0131rlan\u0131b. Bu s\u0259n\u0259d\u0259 \u015f\u0259b\u0259k\u0259nin t\u0259tbiqi, standartlar\u0131, tezlikl\u0259rin paylanmas\u0131 il\u0259 ba\u011fl\u0131 b\u00fct\u00fcn m\u0259s\u0259l\u0259l\u0259r daxil edilib.<\/p>\n<p>&#8220;Bundan \u0259lav\u0259, bu s\u0259n\u0259dd\u0259 texnologiyan\u0131n t\u0259tbiqi bar\u0259d\u0259 m\u0259s\u0259l\u0259l\u0259r d\u0259 \u0259ks etdirilir. Bu \u015f\u0259b\u0259k\u0259d\u0259 hans\u0131 cihazlar\u0131n istifad\u0259 oluna bil\u0259c\u0259yi g\u00f6st\u0259rilir, b\u0259zi dig\u0259r m\u0259s\u0259l\u0259l\u0259ri \u0259ks etdirilir&#8221;, &#8211; dey\u0259 nazir m\u00fcavini \u0259lav\u0259 edib.<\/p>\n<p>Qeyd ed\u0259k ki, eSIM texnologiyas\u0131 fiziki S\u0130M kartlara alternativdir. Bu, istehsal m\u0259rh\u0259l\u0259sind\u0259 telefona qura\u015fd\u0131r\u0131lm\u0131\u015f miniat\u00fcr \u00e7ipdir. Onun yadda\u015f\u0131nda saxlan\u0131lan m\u0259lumatlar\u0131 yeni yazmaq m\u00fcmk\u00fcnd\u00fcr.<\/p>\n","protected":false},"excerpt":{"rendered":"<p>Az\u0259rbaycanda eSIM texnologiyas\u0131na t\u0259l\u0259bat art\u0131r. ARANTV.AZ\u00a0 bildirir ki, bunu Trend-\u0259 r\u0259q\u0259msal inki\u015faf v\u0259 n\u0259qliyyat nazirinin m\u00fcavini R\u00f6v\u015f\u0259n R\u00fcst\u0259mov deyib. Onun s\u00f6zl\u0259rin\u0259 g\u00f6r\u0259, Az\u0259rbaycan\u0131n mobil operatorlar\u0131 t\u0259r\u0259find\u0259n elektron S\u0130M kartlar\u0131n (eSIM) t\u0259tbiqi sah\u0259sind\u0259 layih\u0259 daxili bazar\u0131n t\u0259l\u0259bl\u0259rin\u0259 uy\u011fun olaraq h\u0259yata ke\u00e7iril\u0259c\u0259k. &#8220;Bu g\u00fcn g\u00f6r\u00fcr\u00fck ki, bu texnologiyalara bizim bazarda t\u0259l\u0259bat var v\u0259 bu istiqam\u0259td\u0259 i\u015fl\u0259r apar\u0131l\u0131r&#8221;, &#8211; dey\u0259 nazir m\u00fcavini bildirib. R.R\u00fcst\u0259mov qeyd edib ki, Az\u0259rbaycanda 5G \u015f\u0259b\u0259k\u0259sinin t\u0259tbiqi sah\u0259sind\u0259 art\u0131q konseptual s\u0259n\u0259d haz\u0131rlan\u0131b. Bu s\u0259n\u0259d\u0259 \u015f\u0259b\u0259k\u0259nin t\u0259tbiqi, standartlar\u0131, tezlikl\u0259rin paylanmas\u0131 il\u0259 ba\u011fl\u0131 b\u00fct\u00fcn m\u0259s\u0259l\u0259l\u0259r daxil edilib. &#8220;Bundan \u0259lav\u0259, bu s\u0259n\u0259dd\u0259&hellip;<\/p>\n","protected":false},"author":2,"featured_media":439573,"comment_status":"closed","ping_status":"closed","sticky":false,"template":"","format":"standard","meta":{"om_disable_all_campaigns":false,"_monsterinsights_skip_tracking":false,"_monsterinsights_sitenote_active":false,"_monsterinsights_sitenote_note":"","_monsterinsights_sitenote_category":0},"categories":[19],"tags":[],"aioseo_notices":[],"gutentor_comment":0,"rttpg_featured_image_url":{"full":["https:\/\/arantv.az\/wp-content\/uploads\/2022\/02\/1019920.jpg",750,500,false],"landscape":["https:\/\/arantv.az\/wp-content\/uploads\/2022\/02\/1019920.jpg",750,500,false],"portraits":["https:\/\/arantv.az\/wp-content\/uploads\/2022\/02\/1019920.jpg",750,500,false],"thumbnail":["https:\/\/arantv.az\/wp-content\/uploads\/2022\/02\/1019920-500x280.jpg",500,280,true],"medium":["https:\/\/arantv.az\/wp-content\/uploads\/2022\/02\/1019920-548x365.jpg",548,365,true],"large":["https:\/\/arantv.az\/wp-content\/uploads\/2022\/02\/1019920.jpg",640,427,false],"1536x1536":["https:\/\/arantv.az\/wp-content\/uploads\/2022\/02\/1019920.jpg",750,500,false],"2048x2048":["https:\/\/arantv.az\/wp-content\/uploads\/2022\/02\/1019920.jpg",750,500,false],"post-thumbnail":["https:\/\/arantv.az\/wp-content\/uploads\/2022\/02\/1019920-240x172.jpg",240,172,true],"advps-thumb-one":["https:\/\/arantv.az\/wp-content\/uploads\/2022\/02\/1019920.jpg",750,500,false]},"rttpg_author":{"display_name":"V\u00fcsal Rafiqo\u011flu","author_link":"https:\/\/arantv.az\/?author=2"},"rttpg_comment":0,"rttpg_category":"<a href=\"https:\/\/arantv.az\/?cat=19\" rel=\"category\">G\u00fcnd\u0259m<\/a>","rttpg_excerpt":"Az\u0259rbaycanda eSIM texnologiyas\u0131na t\u0259l\u0259bat art\u0131r. ARANTV.AZ\u00a0 bildirir ki, bunu Trend-\u0259 r\u0259q\u0259msal inki\u015faf v\u0259 n\u0259qliyyat nazirinin m\u00fcavini R\u00f6v\u015f\u0259n R\u00fcst\u0259mov deyib. Onun s\u00f6zl\u0259rin\u0259 g\u00f6r\u0259, Az\u0259rbaycan\u0131n mobil operatorlar\u0131 t\u0259r\u0259find\u0259n elektron S\u0130M kartlar\u0131n (eSIM) t\u0259tbiqi sah\u0259sind\u0259 layih\u0259 daxili bazar\u0131n t\u0259l\u0259bl\u0259rin\u0259 uy\u011fun olaraq h\u0259yata ke\u00e7iril\u0259c\u0259k. &#8220;Bu g\u00fcn g\u00f6r\u00fcr\u00fck ki, bu texnologiyalara bizim bazarda t\u0259l\u0259bat var v\u0259 bu istiqam\u0259td\u0259 i\u015fl\u0259r apar\u0131l\u0131r&#8221;,&hellip;","_links":{"self":[{"href":"https:\/\/arantv.az\/index.php?rest_route=\/wp\/v2\/posts\/439572"}],"collection":[{"href":"https:\/\/arantv.az\/index.php?rest_route=\/wp\/v2\/posts"}],"about":[{"href":"https:\/\/arantv.az\/index.php?rest_route=\/wp\/v2\/types\/post"}],"author":[{"embeddable":true,"href":"https:\/\/arantv.az\/index.php?rest_route=\/wp\/v2\/users\/2"}],"replies":[{"embeddable":true,"href":"https:\/\/arantv.az\/index.php?rest_route=%2Fwp%2Fv2%2Fcomments&post=439572"}],"version-history":[{"count":0,"href":"https:\/\/arantv.az\/index.php?rest_route=\/wp\/v2\/posts\/439572\/revisions"}],"wp:featuredmedia":[{"embeddable":true,"href":"https:\/\/arantv.az\/index.php?rest_route=\/wp\/v2\/media\/439573"}],"wp:attachment":[{"href":"https:\/\/arantv.az\/index.php?rest_route=%2Fwp%2Fv2%2Fmedia&parent=439572"}],"wp:term":[{"taxonomy":"category","embeddable":true,"href":"https:\/\/arantv.az\/index.php?rest_route=%2Fwp%2Fv2%2Fcategories&post=439572"},{"taxonomy":"post_tag","embeddable":true,"href":"https:\/\/arantv.az\/index.php?rest_route=%2Fwp%2Fv2%2Ftags&post=439572"}],"curies":[{"name":"wp","href":"https:\/\/api.w.org\/{rel}","templated":true}]}}