{"id":439578,"date":"2022-02-16T07:51:04","date_gmt":"2022-02-16T04:51:04","guid":{"rendered":"http:\/\/arantv.az\/?p=439578"},"modified":"2022-02-16T07:51:04","modified_gmt":"2022-02-16T04:51:04","slug":"ramiz-mehdiyevl%c9%99-bagli-mu%c9%99mma","status":"publish","type":"post","link":"https:\/\/arantv.az\/?p=439578","title":{"rendered":"Ramiz Mehdiyevl\u0259 ba\u011fl\u0131 m\u00fc\u0259mma"},"content":{"rendered":"<h3><strong>\u00d6z\u00fc kabinetin\u0259 qay\u0131d\u0131b, akademikin istefas\u0131n\u0131 t\u0259l\u0259b ed\u0259n deputatlar is\u0259 susub&#8230;<\/strong><\/h3>\n<p><em>Ramiz Mehdiyev Az\u0259rbaycan Milli Elml\u0259r Akademiyas\u0131n\u0131n (AMEA) prezidenti v\u0259zif\u0259sind\u0259n istefa verdikd\u0259n sonra bel\u0259, bu y\u00f6nd\u0259ki m\u00fczakir\u0259l\u0259r s\u0259ngim\u0259yib. Eyni zamanda m\u00fc\u0259yy\u0259n qeyri-m\u00fc\u0259yy\u0259nlikl\u0259r d\u0259 h\u0259l\u0259 qalmaqdad\u0131r. Xat\u0131rladaq ki, sabiq AMEA prezidenti qurumun R\u0259yas\u0259t Hey\u0259tinin iclas\u0131nda istefas\u0131na son g\u00fcnl\u0259r akademiya v\u0259 \u015f\u0259xs\u0259n onun \u00f6z\u00fc haqda yay\u0131lan m\u0259lumatlar\u0131n he\u00e7 bir t\u0259siri olmad\u0131\u011f\u0131n\u0131, postunu ya\u015f\u0131 il\u0259 \u0259laq\u0259dar t\u0259rk etdiyini bildirib.<\/em><\/p>\n<p><strong>\u0130\u015f ota\u011f\u0131na niy\u0259 qay\u0131d\u0131b?<\/strong><\/p>\n<p>Qeyri-m\u00fc\u0259yy\u0259nlikl\u0259rd\u0259n biri fevral\u0131n 15-d\u0259 Ramiz Mehdiyevin h\u0259l\u0259 d\u0259 AMEA-da kabinetind\u0259 oldu\u011fu v\u0259 i\u015fin\u0259 davam etdiyinin m\u0259lum olmas\u0131d\u0131r. AMEA-n\u0131n m\u0259tbuat xidm\u0259tinin r\u0259hb\u0259ri Azad\u0259 Balayeva TV.Musavat-a v\u0259 Musavat.com-a a\u00e7\u0131qlamas\u0131nda bildirib ki, Ramiz Mehdiyevin istefa \u0259riz\u0259si \u00f6lk\u0259 Prezidentin\u0259 t\u0259qdim olunduqdan v\u0259 d\u00f6vl\u0259t ba\u015f\u00e7\u0131s\u0131 istefa \u0259riz\u0259sini q\u0259bul etdikd\u0259n sonra R\u0259yas\u0259t Hey\u0259ti toplana v\u0259 AMEA-n\u0131n yeni prezidenti se\u00e7il\u0259 bil\u0259r. H\u0259l\u0259 bu ba\u015f verm\u0259yib v\u0259 istefa \u0259riz\u0259si yazmas\u0131na baxmayaraq,\u00a0 Ramiz Mehdiyev AMEA-da i\u015f ota\u011f\u0131nda f\u0259aliyy\u0259tin\u0259 davam edir.<\/p>\n<p><strong>T\u0259hl\u00fck\u0259sizlik \u015euras\u0131n\u0131n \u00fczv\u00fc kimi qalacaqm\u0131?<\/strong><\/p>\n<p>Ya\u015f\u0131 il\u0259 \u0259laq\u0259dar AMEA-dak\u0131 postunu t\u0259rk etdiyini b\u0259yan el\u0259y\u0259n Ramiz Mehdiyev h\u0259l\u0259 d\u0259 dig\u0259r v\u0259zif\u0259l\u0259r tutur. Mehdiyev h\u0259l\u0259 d\u0259 Az\u0259rbaycan Respublikas\u0131n\u0131n T\u0259hl\u00fck\u0259sizlik \u015euras\u0131n\u0131n \u00fczv\u00fcd\u00fcr.\u00a0 Mehdiyev \u00f6lk\u0259 ba\u015f\u00e7\u0131s\u0131n\u0131n 23 oktyabr 2019-cu il tarixli f\u0259rman\u0131 il\u0259 T\u0259hl\u00fck\u0259sizlik \u015euras\u0131n\u0131n \u00fczv\u00fc t\u0259yin edilib.<\/p>\n<p><img loading=\"lazy\" src=\"http:\/\/azadses.az\/uploads\/posts\/2021-01\/1611292772_ramizmehdi.jpg\" alt=\"Rusiyan\u0131n hans\u0131sa kadrlar\u0131 m\u00fcdafi\u0259 etm\u0259si t\u0259biidir\u201d \u2013 Ramiz Mehdiyevl\u0259  ba\u011fl\u0131 A\u00c7IQLAMA \u00bb AzadS\u0259s\" width=\"842\" height=\"532\" \/><\/p>\n<p>\u018fg\u0259r 84 ya\u015fl\u0131 akademik bundan sonrak\u0131 f\u0259aliyy\u0259tini s\u0131rf kitab yazma\u011fa ba\u011flayacaqsa, o halda onun T\u0259hl\u00fck\u0259sizlik \u015euras\u0131n\u0131n \u00fczvl\u00fcy\u00fcnd\u0259n d\u0259 azad edil\u0259c\u0259yi istisna deyil.<\/p>\n<p><strong>N\u0259 kitab\u0131 yazmaq ist\u0259yir?<\/strong><\/p>\n<p>Maraql\u0131d\u0131r, kitablar yazaca\u011f\u0131n\u0131 dey\u0259n Ramiz Mehdiyev n\u0259yi n\u0259z\u0259rd\u0259 tutur? Akademik elmi kitablar yazacaq, yoxsa siyasi memuar? D\u00fcnya siyasi tarixind\u0259n m\u0259lumdur ki, bir \u00e7ox siyas\u0259t\u00e7il\u0259r, m\u0259murlar h\u0259m siyasi prosesl\u0259rd\u0259ki aktiv d\u00f6vrl\u0259rind\u0259, h\u0259m d\u0259 karyeralar\u0131n\u0131 ba\u015fa vurandan sonra memuar-xatir\u0259 yaz\u0131rlar. Amma xarici \u00f6lk\u0259l\u0259rd\u0259n f\u0259rqli olaraq Az\u0259rbaycanda siyasi xadiml\u0259r, eks-nazirl\u0259r, dig\u0259r ke\u00e7mi\u015f m\u0259murlar siyasi janrda memuar yazma\u011fa h\u0259v\u0259sli olmurlar. Do\u011frudur, bunu yazma\u011fa h\u0259m d\u0259 istedad, qabiliyy\u0259t laz\u0131md\u0131r. T\u0259bii ki, v\u0259zif\u0259d\u0259n ged\u0259n sabiql\u0259rin dem\u0259k olar ki, \u0259ks\u0259riyy\u0259tind\u0259 bu qabiliyy\u0259t olmay\u0131b.<\/p>\n<p>M\u00fcst\u0259qillik d\u00f6n\u0259mind\u0259 Az\u0259rbaycanda o q\u0259d\u0259r t\u0259lat\u00fcml\u00fc hadis\u0259l\u0259r ba\u015f verib ki, h\u0259min olaylardan yaz\u0131lan xatir\u0259l\u0259r kifay\u0259t q\u0259d\u0259r oxucu c\u0259lb ed\u0259 bil\u0259r. Az\u0259rbaycanda siyasi janrda memuar yazan ke\u00e7mi\u015f m\u0259mur \u00e7ox az olub. Az\u0259rbaycan\u0131n sabiq r\u0259hb\u0259rl\u0259ri \u018fbd\u00fcrr\u0259hman V\u0259zirov, Ayaz M\u00fct\u0259llibov, ke\u00e7mi\u015f d\u00f6vl\u0259t m\u00fc\u015faviri V\u0259fa Quluzad\u0259, prezidentin eks-m\u0259tbuat katibi Rasim A\u011fayevin bu istiqam\u0259td\u0259 b\u0259zi yaz\u0131lar\u0131- kitablar\u0131 var.<\/p>\n<p><strong>Bu bax\u0131mdan 1995-2019-cu ill\u0259rd\u0259 Prezident Administrasiyas\u0131n\u0131n r\u0259hb\u0259ri, 2019-2022-ci ill\u0259rd\u0259 AMEA prezidenti olmu\u015f Ramiz Mehdiyevin n\u0259 yazaca\u011f\u0131 maraq do\u011furur&#8230; (modern.az)<\/strong><\/p>\n<p>Sfera.az-\u0131n m\u0259lumat\u0131na g\u00f6r\u0259 is\u0259 Mehdiyevin qohumlar\u0131 h\u0259l\u0259 d\u0259 v\u0259zif\u0259d\u0259dir.\u00a0 AMEA r\u0259hb\u0259rinin o\u011flu Teymur Mehdiyev 5 may 2014-c\u00fc il tarixind\u0259n f\u00f6vq\u0259lad\u0259 hallar nazirinin m\u00fcavini t\u0259yin edilib v\u0259 general-mayor ali h\u0259rbi r\u00fctb\u0259si da\u015f\u0131y\u0131r. Mehdiyevin dig\u0259r v\u0259zif\u0259li qohumlar\u0131 da var:<\/p>\n<p>Mehdiyev Telman H\u00fcseynqulu o\u011flu &#8211; Enerji Resurslar\u0131 v\u0259 D\u0259niz N\u0259qliyyat\u0131nda Ba\u015f G\u00f6mr\u00fck \u0130dar\u0259sinin r\u0259isidir. Uzun m\u00fcdd\u0259t D\u00f6vl\u0259t G\u00f6mr\u00fck Komit\u0259sind\u0259 \u00e7al\u0131\u015f\u0131b. O, 2017-ci ild\u0259 bu sah\u0259d\u0259 f\u0259aliyy\u0259tin\u0259 g\u00f6r\u0259 3-c\u00fc d\u0259r\u0259c\u0259li \u201cV\u0259t\u0259n\u0259 xidm\u0259t\u0259 g\u00f6r\u0259\u201d ordeni il\u0259 t\u0259ltif edilib. O, Ramiz Mehdiyevin qarda\u015f\u0131 o\u011fludur.<\/p>\n<p><img src=\"https:\/\/aktualtv.az\/wp-content\/uploads\/sites\/37\/2022\/02\/1644915573_hgg.jpg\" alt=\"Ramiz Mehdiyevin haz\u0131rda v\u0259zif\u0259d\u0259 olan qohumlar\u0131n\u0131n S\u0130YAHISI \u2013 Kiml\u0259r hans\u0131  v\u0259zif\u0259d\u0259dir? - Aktual TV\" \/><\/p>\n<p><strong>Mehdiyev N\u0259riman H\u00fcseynqulu o\u011flu &#8211; Bak\u0131 \u015e\u0259h\u0259ri Nizami Rayon M\u0259hk\u0259m\u0259sinin hakimi v\u0259 R.Mehdiyevin qarda\u015f\u0131 o\u011fludur.<\/strong><\/p>\n<p><strong>Mehdiyev M\u0259rdan H\u00fcseynqulu o\u011flu &#8211; Bak\u0131 D\u00f6vl\u0259t Yol Polis \u0130dar\u0259sinin Ekoloji N\u0259zar\u0259t B\u00f6l\u00fcy\u00fcn\u00fcn komandiri.<\/strong><\/p>\n<p><strong>Mehdiyev Elvin Xanlar o\u011flu &#8211; G\u00f6mr\u00fck Komit\u0259sind\u0259 daxili xidm\u0259t polkovnik-leytenant\u0131, r\u0259is.<\/strong><\/p>\n<p><strong>\u00a0Mehdiyev Zahid Arif o\u011flu &#8211; Az\u0259rbaycan Respublikas\u0131n\u0131n Rabit\u0259, N\u0259qliyyat v\u0259 Y\u00fcks\u0259k Texnologiyalar Nazirliyind\u0259 \u015f\u00f6b\u0259 m\u00fcdiri.<\/strong><\/p>\n<p>H\u0259m\u00e7inin son m\u0259lumatlara g\u00f6r\u0259, Ramiz Mehdiyev AMEA-da oldu\u011fu m\u00fcdd\u0259td\u0259 k\u00fcr\u0259k\u0259ninin qarda\u015f\u0131na da v\u0259zif\u0259 vermi\u015fdi. O, \u00f6t\u0259n il k\u00fcr\u0259k\u0259ni \u0130lham \u018fliyevin qarda\u015f\u0131 Fikr\u0259t \u018fliyevi AMEA-n\u0131n \u0130\u015fl\u0259r \u0130dar\u0259sin\u0259 m\u00fcv\u0259qq\u0259ti olaraq m\u00fcdir t\u0259yin etmi\u015fdi.<\/p>\n<p>\u0130.\u018fliyevin xalas\u0131 o\u011flu Seymur Qurban o\u011flu M\u0259rd\u0259liyev is\u0259 prezidentin 26 dekabr 2019-cu il s\u0259r\u0259ncam\u0131 il\u0259 Az\u0259rbaycan Respublikas\u0131n\u0131n Birl\u0259\u015fmi\u015f Mill\u0259tl\u0259r T\u0259\u015fkilat\u0131n\u0131n Cenevr\u0259 \u015f\u0259h\u0259rind\u0259ki b\u00f6lm\u0259si v\u0259 dig\u0259r beyn\u0259lxalq t\u0259\u015fkilatlar yan\u0131nda daimi n\u00fcmay\u0259nd\u0259sinin m\u00fcavini t\u0259yin edilib.<\/p>\n<p>Ramiz Mehdiyevin yax\u0131n qohumu &#8211; bald\u0131z\u0131 o\u011flu, polis polkovniki Levan Qurskayan\u0131n Daxili \u0130\u015fl\u0259r Nazirliyinin Ba\u015f M\u00fchafiz\u0259 \u0130dar\u0259sinin r\u0259is m\u00fcavini v\u0259zif\u0259sind\u0259n azad edilm\u0259si haqda m\u0259lumat yay\u0131lsa da, haz\u0131rda i\u015finin ba\u015f\u0131nda oldu\u011fu deyilir.<\/p>\n<p>Eyni zamanda Ramiz Mehdiyevin h\u00fcquq-m\u00fchafiz\u0259 orqanlar\u0131na yerl\u0259\u015fdirdiyi v\u0259 say\u0131 bilinm\u0259y\u0259n qohumlar\u0131n\u0131n az\u00a0 olmad\u0131\u011f\u0131 haqq\u0131nda m\u0259lumatlar var.<\/p>\n<p>\u201cRamiz Mehdiyevin k\u00fcr\u0259k\u0259ni, sabiq deputat \u0130lham \u018fliyevin h\u0259bsi g\u00f6zl\u0259nilir\u201d. Bu bar\u0259d\u0259 Gununsesi.info-ya m\u0259lumatl\u0131 m\u0259nb\u0259l\u0259rd\u0259n daxil olan x\u0259b\u0259rd\u0259 bildirilir. M\u0259lumata g\u00f6r\u0259, Ba\u015f Prokurorlu\u011fun Korrupsiyaya Qar\u015f\u0131 Ba\u015f M\u00fcbariz\u0259 \u0130dar\u0259sind\u0259 sabiq deputatla ba\u011fl\u0131 ill\u0259r \u0259vv\u0259l edilmi\u015f \u015fikay\u0259tl\u0259r\u0259 bax\u0131lmas\u0131 bar\u0259d\u0259 siyasi q\u0259rar verilib. Deputata d\u0259l\u0259duzluq v\u0259 m\u0259nims\u0259m\u0259 ittiham\u0131n\u0131n veril\u0259c\u0259yi g\u00f6zl\u0259nilir.<\/p>\n<p>M\u0259lumatda o da bildirilir ki, \u0130lham \u018fliyevd\u0259n \u015fikay\u0259t\u00e7i olanlar ke\u00e7mi\u015f biznes \u015f\u0259rikl\u0259ri v\u0259 vaxtil\u0259 in\u015faat material\u0131 alan zaman borclu qald\u0131\u011f\u0131 \u015f\u0259xsl\u0259rdir.<\/p>\n<p><img src=\"https:\/\/sfera.az\/file\/pic\/xeber\/2020-11\/1606138868_amea.jpg\" alt=\"\u0130nan\u0131lmaz o\u011furluq: AMEA-da 4 milyon kitab yoxa \u00e7\u0131x\u0131b \u00bb Sfera.az  Az\u0259rbaycanda \u00f6z\u0259l x\u0259b\u0259rl\u0259r, ara\u015fd\u0131rmalar, t\u0259hlill\u0259r v\u0259 m\u00fcsahib\u0259l\u0259rin t\u0259k  \u00fcnvan\u0131\" \/><\/p>\n<p><strong>Mehdiyevin m\u0259qal\u0259si AMEA-n\u0131n sayt\u0131ndan silindi<\/strong><\/p>\n<p>Ramiz Mehdiyev v\u0259zif\u0259d\u0259n istefa verdikd\u0259n d\u0259rhal sonra onun aliml\u0259ri v\u0259 deputatlar\u0131 t\u0259hqir, siyasi hakimiyy\u0259ti \u015fantaj ed\u0259n yaz\u0131s\u0131 akademiyan\u0131n r\u0259smi sayt\u0131ndan silinib.<\/p>\n<p>Qurumun m\u0259tbuat xidm\u0259tinin r\u0259hb\u0259ri Azad\u0259 Balayeva Azpolitika.info-nun sor\u011fusuna cavab olaraq sayta baxmad\u0131\u011f\u0131n\u0131, bu bar\u0259d\u0259 m\u0259lumats\u0131z oldu\u011funu bildirib.<\/p>\n<p>Xat\u0131rladaq ki, \u201cAMEA m\u0259tbuat xidm\u0259tinin m\u0259lumat\u0131\u201d ba\u015fl\u0131ql\u0131 geni\u015f yaz\u0131da R.Mehdiyevin dilind\u0259n onu t\u0259nqid ed\u0259n aliml\u0259r v\u0259 deputatlar t\u0259hqir edilmi\u015fdi.<\/p>\n<p>Bundan ba\u015fqa, Mehdiyev h\u0259min yaz\u0131da \u00f6z\u00fcn\u00fc rus dilinin, m\u0259d\u0259niyy\u0259tinin hamisi kimi t\u0259qdim edib, milli t\u0259hsil sistemini, bu sah\u0259d\u0259 son ill\u0259r apar\u0131lan islahatlar\u0131 a\u015fa\u011f\u0131lama\u011fa c\u0259hd etmi\u015fdi.<\/p>\n<p>Mehdiyevin diqt\u0259si il\u0259 haz\u0131rlanan bu m\u0259qal\u0259 ciddi naraz\u0131l\u0131\u011fa s\u0259b\u0259b olub. Deputatlar, elm adamlar\u0131, siyas\u0259t\u00e7il\u0259r Mehdiyevin \u00fcnvan\u0131na s\u0259rt ifad\u0259l\u0259r s\u0259sl\u0259ndirib, onu m\u00fcxt\u0259lif cinay\u0259tl\u0259rd\u0259, d\u00f6vl\u0259t\u0259 x\u0259yan\u0259td\u0259 ittiham edirl\u0259r.<\/p>\n<p>Yeni Az\u0259rbaycan Partiyas\u0131 is\u0259 onun bu h\u0259r\u0259k\u0259tl\u0259rini \u0259sas g\u00f6t\u00fcr\u0259r\u0259k Ramiz Mehdiyevin hakim siyasi t\u0259\u015fkilat\u0131n s\u0131ralar\u0131ndan xaric edilm\u0259si il\u0259 ba\u011fl\u0131 haz\u0131rl\u0131qlara ba\u015flay\u0131b.<\/p>\n<p>M\u0259lumatda qeyd olunur ki, R.Mehdiyevin \u00f6t\u0259n h\u0259ft\u0259 AMEA-n\u0131n r\u0259smi sayt\u0131nda d\u0259rc etdiyi geni\u015f m\u0259qal\u0259 YAP-da ciddi naraz\u0131l\u0131qla qar\u015f\u0131lan\u0131b. \u00c7\u00fcnki akademik h\u0259min m\u0259qal\u0259d\u0259 hakimiyy\u0259tl\u0259 dialoqa ged\u0259n siyasi partiyalar\u0131 a\u015fa\u011f\u0131lay\u0131b, onlara qar\u015f\u0131 radikal m\u00fcxalif\u0259tin apard\u0131\u011f\u0131 kampaniyalardan istifad\u0259 etdiyi epitetl\u0259rd\u0259n yararlan\u0131b. M\u0259nb\u0259 bildirib ki, AMEA prezidentinin m\u00fcxalif\u0259t ritorikas\u0131ndan istifad\u0259 etm\u0259si, mill\u0259t v\u0259kill\u0259rini a\u015fa\u011f\u0131lamas\u0131 YAP \u00fczvl\u0259ri t\u0259r\u0259find\u0259n d\u0259 naraz\u0131l\u0131qla qar\u015f\u0131lan\u0131b, q\u0259buledilm\u0259z hesab olunub. Ona g\u00f6r\u0259 d\u0259, onun partiya s\u0131ralar\u0131ndan xaric edilm\u0259si m\u0259s\u0259l\u0259si ortaya qoyulacaq. Lakin d\u00fcn\u0259n g\u00fcn \u0259rzind\u0259 b\u00fct\u00fcn c\u0259hdl\u0259rimiz\u0259 baxmayaraq YAP-dan bu bar\u0259d\u0259 he\u00e7 bir a\u00e7\u0131qlama, fikir almaq m\u00fcmk\u00fcn olmad\u0131.<\/p>\n<p>B\u0259s maraql\u0131d\u0131r, Ramiz Mehdiyevin AMEA-dan istefas\u0131n\u0131 t\u0259l\u0259b ed\u0259n m\u0259\u015fhurlar, deputatlar akademikin istefas\u0131ndan raz\u0131 qal\u0131blarm\u0131? Ramiz Mehdiyev Respublikan\u0131n T\u0259hl\u00fck\u0259sizlik \u015euras\u0131ndan v\u0259 YAP-dan da ged\u0259c\u0259kmi, yaxud \u00e7\u0131xar\u0131lacaqm\u0131?<\/p>\n<p>Mehdiyevl\u0259 ba\u011fl\u0131 sual\u0131 dinl\u0259y\u0259n deputatlar, onun istefas\u0131n\u0131 t\u0259l\u0259b ed\u0259n \u015f\u0259xsl\u0259rin indi d\u0259 susmaq m\u00f6vqeyin\u0259 \u00e7\u0259kildiyi m\u0259lum oldu. He\u00e7 kims\u0259 Mehdiyevin ad\u0131 \u00e7\u0259kil\u0259n suallara cavab verm\u0259k ist\u0259mir. Adamlar\u0131n q\u0259fild\u0259n bu c\u00fcr \u00e7\u0259king\u0259nlik n\u00fcmayi\u015f etdirm\u0259si d\u0259 akademik bar\u0259d\u0259 h\u0259l\u0259 h\u0259r \u015feyin ayd\u0131n olmad\u0131\u011f\u0131 m\u0259nz\u0259r\u0259sini yarad\u0131r.<\/p>\n","protected":false},"excerpt":{"rendered":"<p>\u00d6z\u00fc kabinetin\u0259 qay\u0131d\u0131b, akademikin istefas\u0131n\u0131 t\u0259l\u0259b ed\u0259n deputatlar is\u0259 susub&#8230; Ramiz Mehdiyev Az\u0259rbaycan Milli Elml\u0259r Akademiyas\u0131n\u0131n (AMEA) prezidenti v\u0259zif\u0259sind\u0259n istefa verdikd\u0259n sonra bel\u0259, bu y\u00f6nd\u0259ki m\u00fczakir\u0259l\u0259r s\u0259ngim\u0259yib. Eyni zamanda m\u00fc\u0259yy\u0259n qeyri-m\u00fc\u0259yy\u0259nlikl\u0259r d\u0259 h\u0259l\u0259 qalmaqdad\u0131r. Xat\u0131rladaq ki, sabiq AMEA prezidenti qurumun R\u0259yas\u0259t Hey\u0259tinin iclas\u0131nda istefas\u0131na son g\u00fcnl\u0259r akademiya v\u0259 \u015f\u0259xs\u0259n onun \u00f6z\u00fc haqda yay\u0131lan m\u0259lumatlar\u0131n he\u00e7 bir t\u0259siri olmad\u0131\u011f\u0131n\u0131, postunu ya\u015f\u0131 il\u0259 \u0259laq\u0259dar t\u0259rk etdiyini bildirib. \u0130\u015f ota\u011f\u0131na niy\u0259 qay\u0131d\u0131b? Qeyri-m\u00fc\u0259yy\u0259nlikl\u0259rd\u0259n biri fevral\u0131n 15-d\u0259 Ramiz Mehdiyevin h\u0259l\u0259 d\u0259 AMEA-da kabinetind\u0259 oldu\u011fu v\u0259 i\u015fin\u0259 davam etdiyinin m\u0259lum olmas\u0131d\u0131r. AMEA-n\u0131n m\u0259tbuat xidm\u0259tinin r\u0259hb\u0259ri&hellip;<\/p>\n","protected":false},"author":2,"featured_media":439579,"comment_status":"closed","ping_status":"closed","sticky":false,"template":"","format":"standard","meta":{"om_disable_all_campaigns":false,"_monsterinsights_skip_tracking":false,"_monsterinsights_sitenote_active":false,"_monsterinsights_sitenote_note":"","_monsterinsights_sitenote_category":0},"categories":[19],"tags":[],"aioseo_notices":[],"gutentor_comment":0,"rttpg_featured_image_url":{"full":["https:\/\/arantv.az\/wp-content\/uploads\/2022\/02\/cf9132c11c391bce22cd4435b95b785a.jpg",450,300,false],"landscape":["https:\/\/arantv.az\/wp-content\/uploads\/2022\/02\/cf9132c11c391bce22cd4435b95b785a.jpg",450,300,false],"portraits":["https:\/\/arantv.az\/wp-content\/uploads\/2022\/02\/cf9132c11c391bce22cd4435b95b785a.jpg",450,300,false],"thumbnail":["https:\/\/arantv.az\/wp-content\/uploads\/2022\/02\/cf9132c11c391bce22cd4435b95b785a-450x280.jpg",450,280,true],"medium":["https:\/\/arantv.az\/wp-content\/uploads\/2022\/02\/cf9132c11c391bce22cd4435b95b785a.jpg",450,300,false],"large":["https:\/\/arantv.az\/wp-content\/uploads\/2022\/02\/cf9132c11c391bce22cd4435b95b785a.jpg",450,300,false],"1536x1536":["https:\/\/arantv.az\/wp-content\/uploads\/2022\/02\/cf9132c11c391bce22cd4435b95b785a.jpg",450,300,false],"2048x2048":["https:\/\/arantv.az\/wp-content\/uploads\/2022\/02\/cf9132c11c391bce22cd4435b95b785a.jpg",450,300,false],"post-thumbnail":["https:\/\/arantv.az\/wp-content\/uploads\/2022\/02\/cf9132c11c391bce22cd4435b95b785a-240x172.jpg",240,172,true],"advps-thumb-one":["https:\/\/arantv.az\/wp-content\/uploads\/2022\/02\/cf9132c11c391bce22cd4435b95b785a.jpg",450,300,false]},"rttpg_author":{"display_name":"V\u00fcsal Rafiqo\u011flu","author_link":"https:\/\/arantv.az\/?author=2"},"rttpg_comment":0,"rttpg_category":"<a href=\"https:\/\/arantv.az\/?cat=19\" rel=\"category\">G\u00fcnd\u0259m<\/a>","rttpg_excerpt":"\u00d6z\u00fc kabinetin\u0259 qay\u0131d\u0131b, akademikin istefas\u0131n\u0131 t\u0259l\u0259b ed\u0259n deputatlar is\u0259 susub&#8230; Ramiz Mehdiyev Az\u0259rbaycan Milli Elml\u0259r Akademiyas\u0131n\u0131n (AMEA) prezidenti v\u0259zif\u0259sind\u0259n istefa verdikd\u0259n sonra bel\u0259, bu y\u00f6nd\u0259ki m\u00fczakir\u0259l\u0259r s\u0259ngim\u0259yib. Eyni zamanda m\u00fc\u0259yy\u0259n qeyri-m\u00fc\u0259yy\u0259nlikl\u0259r d\u0259 h\u0259l\u0259 qalmaqdad\u0131r. Xat\u0131rladaq ki, sabiq AMEA prezidenti qurumun R\u0259yas\u0259t Hey\u0259tinin iclas\u0131nda istefas\u0131na son g\u00fcnl\u0259r akademiya v\u0259 \u015f\u0259xs\u0259n onun \u00f6z\u00fc haqda yay\u0131lan m\u0259lumatlar\u0131n he\u00e7&hellip;","_links":{"self":[{"href":"https:\/\/arantv.az\/index.php?rest_route=\/wp\/v2\/posts\/439578"}],"collection":[{"href":"https:\/\/arantv.az\/index.php?rest_route=\/wp\/v2\/posts"}],"about":[{"href":"https:\/\/arantv.az\/index.php?rest_route=\/wp\/v2\/types\/post"}],"author":[{"embeddable":true,"href":"https:\/\/arantv.az\/index.php?rest_route=\/wp\/v2\/users\/2"}],"replies":[{"embeddable":true,"href":"https:\/\/arantv.az\/index.php?rest_route=%2Fwp%2Fv2%2Fcomments&post=439578"}],"version-history":[{"count":0,"href":"https:\/\/arantv.az\/index.php?rest_route=\/wp\/v2\/posts\/439578\/revisions"}],"wp:featuredmedia":[{"embeddable":true,"href":"https:\/\/arantv.az\/index.php?rest_route=\/wp\/v2\/media\/439579"}],"wp:attachment":[{"href":"https:\/\/arantv.az\/index.php?rest_route=%2Fwp%2Fv2%2Fmedia&parent=439578"}],"wp:term":[{"taxonomy":"category","embeddable":true,"href":"https:\/\/arantv.az\/index.php?rest_route=%2Fwp%2Fv2%2Fcategories&post=439578"},{"taxonomy":"post_tag","embeddable":true,"href":"https:\/\/arantv.az\/index.php?rest_route=%2Fwp%2Fv2%2Ftags&post=439578"}],"curies":[{"name":"wp","href":"https:\/\/api.w.org\/{rel}","templated":true}]}}