{"id":439611,"date":"2022-02-16T08:35:13","date_gmt":"2022-02-16T05:35:13","guid":{"rendered":"http:\/\/arantv.az\/?p=439611"},"modified":"2022-02-16T08:35:13","modified_gmt":"2022-02-16T05:35:13","slug":"erm%c9%99nistan-parlamentind%c9%99-44-gunluk-m%c9%99glubiyy%c9%99t-muzakir%c9%99l%c9%99ri-pasinyanin-niyy%c9%99ti","status":"publish","type":"post","link":"https:\/\/arantv.az\/?p=439611","title":{"rendered":"Erm\u0259nistan parlamentind\u0259 44 g\u00fcnl\u00fck m\u0259\u011flubiyy\u0259t m\u00fczakir\u0259l\u0259ri &#8211; Pa\u015finyan\u0131n niyy\u0259ti&#8230;"},"content":{"rendered":"<h3><strong>Oktay Qas\u0131mov: \u201cHe\u00e7 bir t\u0259r\u0259f prosesin obyektiv ara\u015fd\u0131r\u0131lmas\u0131nda maraql\u0131 deyil\u201d<\/strong><\/h3>\n<p><em>Fevral\u0131n 14-d\u0259 \u0130r\u0259vanda 44 g\u00fcnl\u00fck m\u00fcharib\u0259ni ara\u015fd\u0131rmaq \u00fc\u00e7\u00fcn erm\u0259ni parlamentinin \u0130stintaq Komissiyas\u0131n\u0131n ilk iclas\u0131 ke\u00e7irilib. Yada salaq ki, s\u00f6z\u00fcged\u0259n komissiya 44 g\u00fcnl\u00fck II Qaraba\u011f m\u00fcharib\u0259sini ara\u015fd\u0131rmaq \u00fc\u00e7\u00fcn yarad\u0131l\u0131b.<\/em><\/p>\n<p>\u201cM\u0259nim \u015f\u0259r\u0259fim\u201d m\u00fcxalif\u0259t blokundan olan deputat Tiqran Abramyan bildirib ki, m\u00fcxalif\u0259t komissiyan\u0131n i\u015find\u0259 i\u015ftirak etm\u0259y\u0259c\u0259k. Onun s\u00f6zl\u0259rin\u0259 g\u00f6r\u0259, haz\u0131rk\u0131 hakimiyy\u0259t faktiki olaraq \u00f6z\u00fc d\u0259 etiraf edib ki, \u0130kinci Qaraba\u011f m\u00fcharib\u0259sinin n\u0259tic\u0259l\u0259rin\u0259 g\u00f6r\u0259 tam m\u0259suliyy\u0259t da\u015f\u0131y\u0131r. \u201cV\u0259 bel\u0259 bir \u015f\u0259raitd\u0259, h\u0259tta indiki h\u00f6kum\u0259t n\u00fcmay\u0259nd\u0259l\u0259rinin r\u0259hb\u0259rlik etdiyi komissiyan\u0131n i\u015finin h\u0259yata ke\u00e7irilm\u0259si obyektiv ola bilm\u0259z. 44 g\u00fcnl\u00fck m\u00fcharib\u0259nin \u015f\u0259rtl\u0259rinin \u00fcz\u0259 \u00e7\u0131xar\u0131lmas\u0131 bizim prioritetl\u0259rimizd\u0259n biri olaraq qal\u0131r. Lakin biz hesab edirik ki, onun i\u015fin\u0259 yaln\u0131z h\u00f6kum\u0259t istefa verdikd\u0259n sonra ba\u015flamaq laz\u0131md\u0131r\u201d dey\u0259, Abramyan izah edib.<\/p>\n<p><img loading=\"lazy\" src=\"http:\/\/ikisahil.az\/photo\/975x540_2\/upload\/2021\/10\/08\/-254eb3b516336946608061829281065581.jpg\" alt=\"Az\u0259rbaycan Z\u0259ng\u0259zurda f\u0259al \u015f\u0259kild\u0259 in\u015faat i\u015fl\u0259ri h\u0259yata ke\u00e7irir- Tiqran  Abramyan - &amp;quot;\u0130ki sahil&amp;quot;\" width=\"625\" height=\"346\" \/><\/p>\n<p><strong>Tiqran Abramyan<\/strong><\/p>\n<p>\u201cErm\u0259nistan\u201d adl\u0131 m\u00fcxalif\u0259t fraksiyas\u0131n\u0131n deputat\u0131 Qeqam Nazaryan da komissiyan\u0131n i\u015find\u0259 i\u015ftirak etm\u0259y\u0259c\u0259kl\u0259rini bildirib. Fraksiyan\u0131n dig\u0259r deputat\u0131 Qeqam Manukyan qeyd edib ki, obyektiv ara\u015fd\u0131rma yaln\u0131z bu m\u00fcharib\u0259nin ba\u015flanmas\u0131nda g\u00fcnahkar olan hakim siyasi q\u00fcvv\u0259y\u0259 deyil, m\u00fcxalif\u0259t\u0259 h\u0259val\u0259 edildikd\u0259 m\u00fcmk\u00fcnd\u00fcr. Bu s\u00f6zl\u0259rd\u0259n sonra m\u00fcxalif\u0259t aya\u011fa qalxaraq m\u00fczakir\u0259nin apar\u0131ld\u0131\u011f\u0131 ota\u011f\u0131 t\u0259rk edib. Bu c\u00fcr davran\u0131\u015f is\u0259 hakim \u201cM\u00fclki M\u00fcqavil\u0259\u201d partiyas\u0131n\u0131 t\u0259msil ed\u0259n komissiya \u00fczvl\u0259rini q\u0259z\u0259bl\u0259ndirib.<\/p>\n<p><img src=\"https:\/\/cdn.azerforum.com\/2021\/01\/23\/766733.jpg\" alt=\"Qeqam Nazaryan: &amp;quot;Nikol, Abqar\u0131m\u0131 v\u0259 dig\u0259r 5-7 min o\u011fullar\u0131m\u0131z\u0131 s\u0259n  \u00f6ld\u00fcrd\u00fcn&amp;quot;(V\u0130DEO)\" \/><\/p>\n<p><strong>Qeqam Nazaryan<\/strong><\/p>\n<p>Erm\u0259nistan\u0131n ba\u015f naziri Nikol Pa\u015finyan\u0131n parlament komissiyas\u0131n\u0131n yarad\u0131lmas\u0131nda v\u0259 m\u00fczakir\u0259l\u0259rd\u0259 mara\u011f\u0131n\u0131n n\u0259 oldu\u011fu ayd\u0131nd\u0131r. O, m\u0259\u011flubiyy\u0259t\u0259\u00a0 g\u00f6r\u0259 t\u0259kba\u015f\u0131na m\u0259suliyy\u0259t da\u015f\u0131maq ist\u0259mir v\u0259 bunu d\u0259f\u0259l\u0259rl\u0259\u00a0 b\u0259yan edib.\u00a0 Pa\u015finyan\u0131n h\u0259l\u0259 \u00f6t\u0259n il yazd\u0131\u011f\u0131\u00a0 \u201c44 g\u00fcnl\u00fck m\u00fcharib\u0259nin k\u00f6kl\u0259ri\u2019\u2019 adl\u0131 m\u0259qal\u0259d\u0259 Erm\u0259nistan diplomatiyas\u0131n\u0131n, h\u0259rbisinin m\u0259\u011flubiyy\u0259tinin s\u0259b\u0259bl\u0259ri,\u00a0 \u00f6lk\u0259nin haz\u0131rk\u0131 ac\u0131nacaql\u0131 v\u0259ziyy\u0259t\u0259 aparan yol bar\u0259d\u0259 geni\u015f b\u0259hs edib. Pa\u015finyan m\u00f6vcud v\u0259ziyy\u0259tin \u0259sas s\u0259b\u0259bkarlar\u0131n\u0131n K\u00f6\u00e7\u0259ryan-S\u0259rkisyan c\u00fctl\u00fcy\u00fc oldu\u011funu bildirib. Pa\u015finyan eyni zamanda uzun ill\u0259r dan\u0131\u015f\u0131qlar\u0131n imitasiya xatirin\u0259 apar\u0131ld\u0131\u011f\u0131n\u0131 da etiraf edib.<\/p>\n<p><strong>M\u0259qal\u0259d\u0259 Prezident \u0130lham \u018fliyevin r\u0259hb\u0259rliyi il\u0259 Az\u0259rbaycan\u0131n m\u0259qs\u0259dy\u00f6nl\u00fc diplomatiya h\u0259yata ke\u00e7irdiyi v\u0259 faktiki olaraq Erm\u0259nistan\u0131 v\u0259 onun t\u0259r\u0259fdarlar\u0131n\u0131 m\u00fcr\u0259kk\u0259b v\u0259ziyy\u0259t\u0259 sald\u0131\u011f\u0131 etiraf olunub.<\/strong><\/p>\n<p>Pa\u015finyan bildirib ki, at\u0259\u015fk\u0259sin q\u00fcvv\u0259y\u0259 mindiyi 1994-c\u00fc ilin may\u0131ndan bu yana apar\u0131lan b\u00fct\u00fcn dan\u0131\u015f\u0131qlar prosesind\u0259 Erm\u0259nistan bir d\u0259f\u0259 d\u0259 olsun u\u011fur qazana bilm\u0259yib.<\/p>\n<p>M\u00fcxalif\u0259t d\u0259\u00a0 bel\u0259 g\u00f6r\u00fcn\u00fcr ki, Pa\u015finyan\u0131n niyy\u0259tind\u0259n x\u0259b\u0259rdar oldu\u011fu \u00fc\u00e7\u00fcn parlament komissiyas\u0131n\u0131n iclas\u0131ndan yay\u0131nmaq kursu g\u00f6t\u00fcr\u00fcb. Bu m\u00fczakir\u0259l\u0259r Erm\u0259nistan\u0131n b\u00fct\u00fcn c\u0259bh\u0259l\u0259rd\u0259 m\u0259\u011flubiyy\u0259tinin daxili auditoriyaya etiraf\u0131 v\u0259 izah\u0131 kimi d\u0259 qiym\u0259tl\u0259ndiril\u0259 bil\u0259r. Pa\u015finyan bu c\u00fcr m\u00fczakir\u0259l\u0259rl\u0259 h\u0259l\u0259 d\u0259 revan\u015fist b\u0259yanatlar ver\u0259n m\u00fcxalif\u0259t\u0259 reall\u0131\u011f\u0131 n\u0259z\u0259r\u0259 alma\u011fa v\u0259 c\u0259miyy\u0259ti 44 g\u00fcnl\u00fck m\u00fcharib\u0259nin n\u0259tic\u0259l\u0259ri il\u0259 bar\u0131\u015fma\u011fa \u00e7a\u011f\u0131r\u0131r.<\/p>\n<p>Erm\u0259nistan g\u00fcnahkar axtar\u0131\u015f\u0131ndan n\u0259 qazanacaq? Pa\u015finyan onu hakimiyy\u0259td\u0259n a\u015f\u0131rmaqda israr ed\u0259n m\u00fcxalif\u0259ti bu c\u00fcr m\u00fczakir\u0259l\u0259rl\u0259 ram ed\u0259 bil\u0259c\u0259kmi? Erm\u0259nil\u0259r \u0259slind\u0259 bir xalq kimi m\u0259\u011flub olduqlar\u0131n\u0131\u00a0 niy\u0259 q\u0259bul ed\u0259 bilmirl\u0259r?<\/p>\n<p><img loading=\"lazy\" src=\"http:\/\/cdn.musavat.com\/news\/thumbnails\/98ced51ab221241fa60a68a95f954328.jpg\" alt=\"Oqtay Qas\u0131mov: \u201cEtibar M\u0259mm\u0259dov ba\u015f nazir olmaqdan imtina etdi\u201d\" width=\"701\" height=\"467\" \/><\/p>\n<p><strong>Oktay Qas\u0131mov<\/strong><\/p>\n<p><strong>Politoloq Oktay Qas\u0131mov \u201cYeni M\u00fcsavat\u201da bildirdi ki, Erm\u0259nistanda 44 g\u00fcnl\u00fck sava\u015f\u0131n s\u0259b\u0259bl\u0259ri v\u0259 n\u0259tic\u0259l\u0259rinin ara\u015fd\u0131r\u0131lmas\u0131 il\u0259 ba\u011fl\u0131 komissiyan\u0131n yarad\u0131lmas\u0131 h\u0259l\u0259 10 noyabr \u00fc\u00e7t\u0259r\u0259fli b\u0259yanat\u0131 imzalanandan d\u0259rhal sonra g\u00fcnd\u0259liy\u0259 g\u0259tirilmi\u015fdi. Bununla ba\u011fl\u0131 m\u00fcxt\u0259lif diskussiyalar apar\u0131l\u0131b v\u0259 b\u0259z\u0259n bu, t\u0259bli\u011fat predmetin\u0259 \u00e7evrilib:<\/strong>\u00a0\u201cB\u00fct\u00fcn bunlara baxmayaraq Pa\u015finyan ba\u015fda olmaqla, Erm\u0259nistan hakimiyy\u0259ti komissiyan\u0131n yarad\u0131lmas\u0131nda maraql\u0131 olduqlar\u0131n\u0131 n\u00fcmayi\u015f etdirir. Pa\u015finyan \u00f6z\u00fcn\u00fcn h\u0259l\u0259 10 noyabr b\u0259yanat\u0131ndan sonra verdiyi a\u00e7\u0131qlamalar\u0131nda m\u00fcharib\u0259nin s\u0259b\u0259bl\u0259rinin Erm\u0259nistan\u0131n yaln\u0131z haz\u0131rk\u0131 hakimiyy\u0259tinin \u00fcz\u0259rind\u0259 olmad\u0131\u011f\u0131n\u0131 v\u0259 bu m\u0259suliyy\u0259tin b\u00f6y\u00fck hiss\u0259sinin Erm\u0259nistanda 20 ild\u0259n art\u0131q m\u00fcdd\u0259td\u0259 hakimiyy\u0259td\u0259 olmu\u015f Qaraba\u011f klan\u0131n\u0131n-K\u00f6\u00e7\u0259ryan v\u0259 S\u0259rkisyan hakimiyy\u0259tinin \u00fcz\u0259rind\u0259 oldu\u011funu qeyd edib. Erm\u0259nistan m\u00fcxalif\u0259ti d\u0259 Pa\u015finyan\u0131n m\u00f6vqeyini bildiyind\u0259n, onun b\u0259yanatlar\u0131n\u0131n \u0259ks\u0259riyy\u0259tinin \u0259slind\u0259 h\u0259qiq\u0259tl\u0259ri v\u0259 reall\u0131qlar\u0131 \u0259ks etdirdiyini bildirdiyind\u0259n sava\u015fa aparan yolun t\u0259m\u0259linin m\u0259hz bu c\u00fctl\u00fck t\u0259r\u0259find\u0259n qoyuldu\u011fu ortaya \u00e7\u0131xaca\u011f\u0131 \u00fc\u00e7\u00fcn m\u00fczakir\u0259l\u0259rd\u0259 i\u015ftirak etm\u0259k ist\u0259mir. Dig\u0259r t\u0259r\u0259fd\u0259n, bu m\u00f6vzuda m\u00fczakir\u0259l\u0259r faktiki olaraq daxili \u00e7\u0259ki\u015fm\u0259 v\u0259 m\u00fcbariz\u0259nin bir n\u0259tic\u0259sidir. Burada r\u0259qibl\u0259r bir-birini ittiham etm\u0259k \u00fc\u00e7\u00fcn bu m\u0259s\u0259l\u0259d\u0259n istifad\u0259 etm\u0259k ist\u0259yirl\u0259r. Ona g\u00f6r\u0259 d\u0259 haz\u0131rk\u0131 revan\u015fist q\u00fcvv\u0259l\u0259rin t\u0259msil\u00e7il\u0259ri olan parlament m\u00fcxalif\u0259ti Pa\u015finyan hakimiyy\u0259tinin olmad\u0131\u011f\u0131 d\u00f6vrd\u0259 komissiyan\u0131n yarad\u0131lmas\u0131n\u0131n t\u0259r\u0259find\u0259dir. Yaln\u0131z K\u00f6\u00e7\u0259ryan v\u0259 S\u0259rkisyan c\u00fctl\u00fcy\u00fcn\u00fcn r\u0259hbr\u0259lik etdiyi klan\u0131n t\u0259msil\u00e7il\u0259rinin aparaca\u011f\u0131 ara\u015fd\u0131rman\u0131n is\u0259 \u201dn\u0259tic\u0259si&#8221; b\u0259ri ba\u015fdan b\u0259llidir. Ona g\u00f6r\u0259 d\u0259 bunu Pa\u015finyan\u0131n partiyas\u0131 q\u0259bul etmir. Hesab edir\u0259m ki, bel\u0259 bir v\u0259ziyy\u0259td\u0259 apar\u0131lan m\u00fczakir\u0259l\u0259rin n\u0259tic\u0259si olmayacaq. \u00c7\u00fcnki burada he\u00e7 bir t\u0259r\u0259f prosesin obyektiv ara\u015fd\u0131r\u0131lmas\u0131nda maraql\u0131 deyil. H\u0259r biri bundan \u00f6z\u00fcn\u00fcn siyasi m\u0259qs\u0259dl\u0259ri \u00fc\u00e7\u00fcn istifad\u0259 etm\u0259y\u0259 \u00e7al\u0131\u015f\u0131r. Ona g\u00f6r\u0259 d\u0259 normal ara\u015fd\u0131rma apar\u0131lmas\u0131 m\u00fcmk\u00fcn olmayacaq&#8221;.<\/p>\n<p><strong>Erm\u0259nistan c\u0259miyy\u0259tinin g\u00fcnahkar axtar\u0131\u015f\u0131ndan n\u0259 qazanaca\u011f\u0131na, erm\u0259nil\u0259rin reall\u0131qlar\u0131 niy\u0259 q\u0259bul ed\u0259 bilm\u0259diyin\u0259 g\u0259linc\u0259, ekspertin s\u00f6zl\u0259rin\u0259 g\u00f6r\u0259, bunun \u00fc\u00e7\u00fcn Erm\u0259nistan c\u0259miyy\u0259tinin durumunu inc\u0259l\u0259m\u0259k laz\u0131m:<\/strong>\u00a0\u201cM\u0259s\u0259l\u0259 bundan ibar\u0259tdir ki, Erm\u0259nistanda, \u00fcmumiyy\u0259tl\u0259, siyas\u0259tin m\u00fc\u0259yy\u0259nl\u0259\u015fm\u0259sin\u0259 t\u0259sir el\u0259y\u0259n bir ne\u00e7\u0259 ciddi faktor var. Bu faktorlar\u0131n ba\u015f\u0131nda t\u0259bii ki, Erm\u0259nistan c\u0259miyy\u0259tinin \u0259hval-ruhiyy\u0259si, dig\u0259r t\u0259r\u0259fd\u0259n, erm\u0259ni Apastol kils\u0259si v\u0259 erm\u0259ni diasporudur. Bu faktorlar Erm\u0259nistan c\u0259miyy\u0259tin\u0259, xalq\u0131na t\u0259sir ed\u0259n amill\u0259rdir. 44 g\u00fcnl\u00fck sava\u015fdan v\u0259 Erm\u0259nistan\u0131n m\u0259\u011flubiyy\u0259tind\u0259n sonra bel\u0259, bu faktorlar\u0131n \u00f6z\u00fcnd\u0259, m\u00fcharib\u0259y\u0259 bax\u0131\u015fda, yeni reall\u0131qlara m\u00fcnasib\u0259td\u0259 ciddi d\u0259yi\u015fiklikl\u0259r yoxdur. Onlar\u0131n m\u00f6vqeyi yen\u0259 d\u0259 i\u015f\u011fal\u00e7\u0131l\u0131q, Az\u0259rbaycana, T\u00fcrkiy\u0259y\u0259 qar\u015f\u0131 m\u00fcbariz\u0259, m\u00fcharib\u0259 \u00e7a\u011f\u0131r\u0131\u015flar\u0131 il\u0259 m\u00fc\u015fayi\u0259t olunur. Bu da erm\u0259ni xalq\u0131n\u0131n yeni reall\u0131qlar\u0131 q\u0259bul etm\u0259sin\u0259 mane olan amildir\u201d.<\/p>\n","protected":false},"excerpt":{"rendered":"<p>Oktay Qas\u0131mov: \u201cHe\u00e7 bir t\u0259r\u0259f prosesin obyektiv ara\u015fd\u0131r\u0131lmas\u0131nda maraql\u0131 deyil\u201d Fevral\u0131n 14-d\u0259 \u0130r\u0259vanda 44 g\u00fcnl\u00fck m\u00fcharib\u0259ni ara\u015fd\u0131rmaq \u00fc\u00e7\u00fcn erm\u0259ni parlamentinin \u0130stintaq Komissiyas\u0131n\u0131n ilk iclas\u0131 ke\u00e7irilib. Yada salaq ki, s\u00f6z\u00fcged\u0259n komissiya 44 g\u00fcnl\u00fck II Qaraba\u011f m\u00fcharib\u0259sini ara\u015fd\u0131rmaq \u00fc\u00e7\u00fcn yarad\u0131l\u0131b. \u201cM\u0259nim \u015f\u0259r\u0259fim\u201d m\u00fcxalif\u0259t blokundan olan deputat Tiqran Abramyan bildirib ki, m\u00fcxalif\u0259t komissiyan\u0131n i\u015find\u0259 i\u015ftirak etm\u0259y\u0259c\u0259k. Onun s\u00f6zl\u0259rin\u0259 g\u00f6r\u0259, haz\u0131rk\u0131 hakimiyy\u0259t faktiki olaraq \u00f6z\u00fc d\u0259 etiraf edib ki, \u0130kinci Qaraba\u011f m\u00fcharib\u0259sinin n\u0259tic\u0259l\u0259rin\u0259 g\u00f6r\u0259 tam m\u0259suliyy\u0259t da\u015f\u0131y\u0131r. \u201cV\u0259 bel\u0259 bir \u015f\u0259raitd\u0259, h\u0259tta indiki h\u00f6kum\u0259t n\u00fcmay\u0259nd\u0259l\u0259rinin r\u0259hb\u0259rlik etdiyi komissiyan\u0131n i\u015finin h\u0259yata ke\u00e7irilm\u0259si obyektiv ola bilm\u0259z.&hellip;<\/p>\n","protected":false},"author":2,"featured_media":439612,"comment_status":"closed","ping_status":"closed","sticky":false,"template":"","format":"standard","meta":{"om_disable_all_campaigns":false,"_monsterinsights_skip_tracking":false,"_monsterinsights_sitenote_active":false,"_monsterinsights_sitenote_note":"","_monsterinsights_sitenote_category":0},"categories":[4],"tags":[],"aioseo_notices":[],"gutentor_comment":0,"rttpg_featured_image_url":{"full":["https:\/\/arantv.az\/wp-content\/uploads\/2022\/02\/5ab1d9745a75e6b9cccc07637f34ff5e.jpg",450,300,false],"landscape":["https:\/\/arantv.az\/wp-content\/uploads\/2022\/02\/5ab1d9745a75e6b9cccc07637f34ff5e.jpg",450,300,false],"portraits":["https:\/\/arantv.az\/wp-content\/uploads\/2022\/02\/5ab1d9745a75e6b9cccc07637f34ff5e.jpg",450,300,false],"thumbnail":["https:\/\/arantv.az\/wp-content\/uploads\/2022\/02\/5ab1d9745a75e6b9cccc07637f34ff5e-450x280.jpg",450,280,true],"medium":["https:\/\/arantv.az\/wp-content\/uploads\/2022\/02\/5ab1d9745a75e6b9cccc07637f34ff5e.jpg",450,300,false],"large":["https:\/\/arantv.az\/wp-content\/uploads\/2022\/02\/5ab1d9745a75e6b9cccc07637f34ff5e.jpg",450,300,false],"1536x1536":["https:\/\/arantv.az\/wp-content\/uploads\/2022\/02\/5ab1d9745a75e6b9cccc07637f34ff5e.jpg",450,300,false],"2048x2048":["https:\/\/arantv.az\/wp-content\/uploads\/2022\/02\/5ab1d9745a75e6b9cccc07637f34ff5e.jpg",450,300,false],"post-thumbnail":["https:\/\/arantv.az\/wp-content\/uploads\/2022\/02\/5ab1d9745a75e6b9cccc07637f34ff5e-240x172.jpg",240,172,true],"advps-thumb-one":["https:\/\/arantv.az\/wp-content\/uploads\/2022\/02\/5ab1d9745a75e6b9cccc07637f34ff5e.jpg",450,300,false]},"rttpg_author":{"display_name":"V\u00fcsal Rafiqo\u011flu","author_link":"https:\/\/arantv.az\/?author=2"},"rttpg_comment":0,"rttpg_category":"<a href=\"https:\/\/arantv.az\/?cat=4\" rel=\"category\">Siyas\u0259t<\/a>","rttpg_excerpt":"Oktay Qas\u0131mov: \u201cHe\u00e7 bir t\u0259r\u0259f prosesin obyektiv ara\u015fd\u0131r\u0131lmas\u0131nda maraql\u0131 deyil\u201d Fevral\u0131n 14-d\u0259 \u0130r\u0259vanda 44 g\u00fcnl\u00fck m\u00fcharib\u0259ni ara\u015fd\u0131rmaq \u00fc\u00e7\u00fcn erm\u0259ni parlamentinin \u0130stintaq Komissiyas\u0131n\u0131n ilk iclas\u0131 ke\u00e7irilib. Yada salaq ki, s\u00f6z\u00fcged\u0259n komissiya 44 g\u00fcnl\u00fck II Qaraba\u011f m\u00fcharib\u0259sini ara\u015fd\u0131rmaq \u00fc\u00e7\u00fcn yarad\u0131l\u0131b. \u201cM\u0259nim \u015f\u0259r\u0259fim\u201d m\u00fcxalif\u0259t blokundan olan deputat Tiqran Abramyan bildirib ki, m\u00fcxalif\u0259t komissiyan\u0131n i\u015find\u0259 i\u015ftirak etm\u0259y\u0259c\u0259k. Onun s\u00f6zl\u0259rin\u0259&hellip;","_links":{"self":[{"href":"https:\/\/arantv.az\/index.php?rest_route=\/wp\/v2\/posts\/439611"}],"collection":[{"href":"https:\/\/arantv.az\/index.php?rest_route=\/wp\/v2\/posts"}],"about":[{"href":"https:\/\/arantv.az\/index.php?rest_route=\/wp\/v2\/types\/post"}],"author":[{"embeddable":true,"href":"https:\/\/arantv.az\/index.php?rest_route=\/wp\/v2\/users\/2"}],"replies":[{"embeddable":true,"href":"https:\/\/arantv.az\/index.php?rest_route=%2Fwp%2Fv2%2Fcomments&post=439611"}],"version-history":[{"count":0,"href":"https:\/\/arantv.az\/index.php?rest_route=\/wp\/v2\/posts\/439611\/revisions"}],"wp:featuredmedia":[{"embeddable":true,"href":"https:\/\/arantv.az\/index.php?rest_route=\/wp\/v2\/media\/439612"}],"wp:attachment":[{"href":"https:\/\/arantv.az\/index.php?rest_route=%2Fwp%2Fv2%2Fmedia&parent=439611"}],"wp:term":[{"taxonomy":"category","embeddable":true,"href":"https:\/\/arantv.az\/index.php?rest_route=%2Fwp%2Fv2%2Fcategories&post=439611"},{"taxonomy":"post_tag","embeddable":true,"href":"https:\/\/arantv.az\/index.php?rest_route=%2Fwp%2Fv2%2Ftags&post=439611"}],"curies":[{"name":"wp","href":"https:\/\/api.w.org\/{rel}","templated":true}]}}