{"id":439649,"date":"2022-02-16T12:51:12","date_gmt":"2022-02-16T09:51:12","guid":{"rendered":"http:\/\/arantv.az\/?p=439649"},"modified":"2022-02-16T12:51:12","modified_gmt":"2022-02-16T09:51:12","slug":"xocali-soyqiriminin-30-cu-ildonumu-il%c9%99-bagli-hazirliq-isl%c9%99ri-aparilir","status":"publish","type":"post","link":"https:\/\/arantv.az\/?p=439649","title":{"rendered":"Xocal\u0131 soyq\u0131r\u0131m\u0131n\u0131n 30-cu ild\u00f6n\u00fcm\u00fc il\u0259 ba\u011fl\u0131 haz\u0131rl\u0131q i\u015fl\u0259ri apar\u0131l\u0131r"},"content":{"rendered":"<p>Bak\u0131n\u0131n X\u0259tai rayonunda &#8220;Ana f\u0259ryad\u0131&#8221; abid\u0259sinin yerl\u0259\u015fdiyi parkda Xocal\u0131 soyq\u0131r\u0131m\u0131n\u0131n 30-cu ild\u00f6n\u00fcm\u00fc il\u0259 ba\u011fl\u0131 haz\u0131rl\u0131q i\u015fl\u0259ri apar\u0131l\u0131r.<\/p>\n<p><strong>ARANTV.AZ\u00a0 x\u0259b\u0259r verir ki,<\/strong>\u00a0bunu\u00a0a\u00e7\u0131qlamas\u0131nda X\u0259tai Rayon \u0130cra Hakimiyy\u0259tinin ictimai-siyasi v\u0259 humanitar m\u0259s\u0259l\u0259l\u0259r \u015f\u00f6b\u0259sinin m\u00fcdiri P\u0259nah \u0130manov bildirib.<\/p>\n<p>Onun s\u00f6zl\u0259rin\u0259 g\u00f6r\u0259, parkda abadl\u0131q, t\u0259mizlik i\u015fl\u0259ri g\u00f6r\u00fcl\u00fcr, yeni g\u00fcll\u0259r \u0259kilir.<\/p>\n<p>&#8220;H\u0259r il oldu\u011fu kimi bu il d\u0259 Xocal\u0131 prospekti boyu binalar\u0131n fasadlar\u0131na, hasarlara soyq\u0131r\u0131m\u0131na aid bannerl\u0259rin vurulmas\u0131 n\u0259z\u0259rd\u0259 tutulur. Haz\u0131rda \u00e7at\u0131\u015fmazl\u0131qlar aradan qald\u0131r\u0131l\u0131r. \u0130\u015fl\u0259r yax\u0131n zamanda yekunla\u015facaq&#8221;, &#8211; dey\u0259 P.\u0130manov qeyd edib.<\/p>\n<p>Qeyd ed\u0259k ki, 1992-ci il fevral\u0131n 25-d\u0259n 26-na ke\u00e7\u0259n gec\u0259 erm\u0259ni h\u0259rbi birl\u0259\u015fm\u0259l\u0259ri Rusiyan\u0131n 366-c\u0131 motoat\u0131c\u0131 alay\u0131n\u0131n k\u00f6m\u0259yi il\u0259 Xocal\u0131 \u015f\u0259h\u0259rin\u0259 h\u00fccum edib. Xocal\u0131 soyq\u0131r\u0131m\u0131 zaman\u0131 \u015f\u0259h\u0259rin 5379 n\u0259f\u0259r \u0259halisi deportasiya olundu, 1275 insan \u0259sir v\u0259 girov g\u00f6t\u00fcr\u00fcl\u0259r\u0259k i\u015fg\u0259nc\u0259l\u0259r\u0259 m\u0259ruz qald\u0131 (onlardan 150 n\u0259f\u0259rin, o c\u00fcml\u0259d\u0259n 68 qad\u0131n v\u0259 26 u\u015fa\u011f\u0131n taleyi bu g\u00fcn\u0259d\u0259k m\u0259lum deyil), 487 n\u0259f\u0259r m\u00fcxt\u0259lif d\u0259r\u0259c\u0259li b\u0259d\u0259n x\u0259sar\u0259tl\u0259ri ald\u0131, 1000 n\u0259f\u0259r m\u00fcxt\u0259lif ya\u015fl\u0131 dinc sakin ald\u0131\u011f\u0131 g\u00fcll\u0259 yaras\u0131ndan \u0259lil oldu, 8 ail\u0259 tamamil\u0259 m\u0259hv edildi, 130 u\u015faq valideynl\u0259rd\u0259n birini, 25 u\u015faq is\u0259 valideynl\u0259rd\u0259n h\u0259r ikisini itirdi, 613 n\u0259f\u0259r, o c\u00fcml\u0259d\u0259n 63 u\u015faq, 70 qoca, 106 qad\u0131n i\u015fg\u0259nc\u0259 verilm\u0259kl\u0259 v\u0259h\u015fic\u0259sin\u0259 \u00f6ld\u00fcr\u00fcld\u00fc.<\/p>\n","protected":false},"excerpt":{"rendered":"<p>Bak\u0131n\u0131n X\u0259tai rayonunda &#8220;Ana f\u0259ryad\u0131&#8221; abid\u0259sinin yerl\u0259\u015fdiyi parkda Xocal\u0131 soyq\u0131r\u0131m\u0131n\u0131n 30-cu ild\u00f6n\u00fcm\u00fc il\u0259 ba\u011fl\u0131 haz\u0131rl\u0131q i\u015fl\u0259ri apar\u0131l\u0131r. ARANTV.AZ\u00a0 x\u0259b\u0259r verir ki,\u00a0bunu\u00a0a\u00e7\u0131qlamas\u0131nda X\u0259tai Rayon \u0130cra Hakimiyy\u0259tinin ictimai-siyasi v\u0259 humanitar m\u0259s\u0259l\u0259l\u0259r \u015f\u00f6b\u0259sinin m\u00fcdiri P\u0259nah \u0130manov bildirib. Onun s\u00f6zl\u0259rin\u0259 g\u00f6r\u0259, parkda abadl\u0131q, t\u0259mizlik i\u015fl\u0259ri g\u00f6r\u00fcl\u00fcr, yeni g\u00fcll\u0259r \u0259kilir. &#8220;H\u0259r il oldu\u011fu kimi bu il d\u0259 Xocal\u0131 prospekti boyu binalar\u0131n fasadlar\u0131na, hasarlara soyq\u0131r\u0131m\u0131na aid bannerl\u0259rin vurulmas\u0131 n\u0259z\u0259rd\u0259 tutulur. Haz\u0131rda \u00e7at\u0131\u015fmazl\u0131qlar aradan qald\u0131r\u0131l\u0131r. \u0130\u015fl\u0259r yax\u0131n zamanda yekunla\u015facaq&#8221;, &#8211; dey\u0259 P.\u0130manov qeyd edib. Qeyd ed\u0259k ki, 1992-ci il fevral\u0131n 25-d\u0259n 26-na ke\u00e7\u0259n gec\u0259 erm\u0259ni h\u0259rbi birl\u0259\u015fm\u0259l\u0259ri&hellip;<\/p>\n","protected":false},"author":2,"featured_media":439650,"comment_status":"closed","ping_status":"closed","sticky":false,"template":"","format":"standard","meta":{"om_disable_all_campaigns":false,"_monsterinsights_skip_tracking":false,"_monsterinsights_sitenote_active":false,"_monsterinsights_sitenote_note":"","_monsterinsights_sitenote_category":0},"categories":[26],"tags":[],"aioseo_notices":[],"gutentor_comment":0,"rttpg_featured_image_url":{"full":["https:\/\/arantv.az\/wp-content\/uploads\/2022\/02\/202ed379155116220287394218310866053.jpg",975,540,false],"landscape":["https:\/\/arantv.az\/wp-content\/uploads\/2022\/02\/202ed379155116220287394218310866053.jpg",975,540,false],"portraits":["https:\/\/arantv.az\/wp-content\/uploads\/2022\/02\/202ed379155116220287394218310866053.jpg",975,540,false],"thumbnail":["https:\/\/arantv.az\/wp-content\/uploads\/2022\/02\/202ed379155116220287394218310866053-500x280.jpg",500,280,true],"medium":["https:\/\/arantv.az\/wp-content\/uploads\/2022\/02\/202ed379155116220287394218310866053-660x365.jpg",660,365,true],"large":["https:\/\/arantv.az\/wp-content\/uploads\/2022\/02\/202ed379155116220287394218310866053-840x465.jpg",640,354,true],"1536x1536":["https:\/\/arantv.az\/wp-content\/uploads\/2022\/02\/202ed379155116220287394218310866053.jpg",975,540,false],"2048x2048":["https:\/\/arantv.az\/wp-content\/uploads\/2022\/02\/202ed379155116220287394218310866053.jpg",975,540,false],"post-thumbnail":["https:\/\/arantv.az\/wp-content\/uploads\/2022\/02\/202ed379155116220287394218310866053-240x172.jpg",240,172,true],"advps-thumb-one":["https:\/\/arantv.az\/wp-content\/uploads\/2022\/02\/202ed379155116220287394218310866053.jpg",975,540,false]},"rttpg_author":{"display_name":"V\u00fcsal Rafiqo\u011flu","author_link":"https:\/\/arantv.az\/?author=2"},"rttpg_comment":0,"rttpg_category":"<a href=\"https:\/\/arantv.az\/?cat=26\" rel=\"category\">Sosial<\/a>","rttpg_excerpt":"Bak\u0131n\u0131n X\u0259tai rayonunda &#8220;Ana f\u0259ryad\u0131&#8221; abid\u0259sinin yerl\u0259\u015fdiyi parkda Xocal\u0131 soyq\u0131r\u0131m\u0131n\u0131n 30-cu ild\u00f6n\u00fcm\u00fc il\u0259 ba\u011fl\u0131 haz\u0131rl\u0131q i\u015fl\u0259ri apar\u0131l\u0131r. ARANTV.AZ\u00a0 x\u0259b\u0259r verir ki,\u00a0bunu\u00a0a\u00e7\u0131qlamas\u0131nda X\u0259tai Rayon \u0130cra Hakimiyy\u0259tinin ictimai-siyasi v\u0259 humanitar m\u0259s\u0259l\u0259l\u0259r \u015f\u00f6b\u0259sinin m\u00fcdiri P\u0259nah \u0130manov bildirib. Onun s\u00f6zl\u0259rin\u0259 g\u00f6r\u0259, parkda abadl\u0131q, t\u0259mizlik i\u015fl\u0259ri g\u00f6r\u00fcl\u00fcr, yeni g\u00fcll\u0259r \u0259kilir. &#8220;H\u0259r il oldu\u011fu kimi bu il d\u0259 Xocal\u0131 prospekti boyu&hellip;","_links":{"self":[{"href":"https:\/\/arantv.az\/index.php?rest_route=\/wp\/v2\/posts\/439649"}],"collection":[{"href":"https:\/\/arantv.az\/index.php?rest_route=\/wp\/v2\/posts"}],"about":[{"href":"https:\/\/arantv.az\/index.php?rest_route=\/wp\/v2\/types\/post"}],"author":[{"embeddable":true,"href":"https:\/\/arantv.az\/index.php?rest_route=\/wp\/v2\/users\/2"}],"replies":[{"embeddable":true,"href":"https:\/\/arantv.az\/index.php?rest_route=%2Fwp%2Fv2%2Fcomments&post=439649"}],"version-history":[{"count":0,"href":"https:\/\/arantv.az\/index.php?rest_route=\/wp\/v2\/posts\/439649\/revisions"}],"wp:featuredmedia":[{"embeddable":true,"href":"https:\/\/arantv.az\/index.php?rest_route=\/wp\/v2\/media\/439650"}],"wp:attachment":[{"href":"https:\/\/arantv.az\/index.php?rest_route=%2Fwp%2Fv2%2Fmedia&parent=439649"}],"wp:term":[{"taxonomy":"category","embeddable":true,"href":"https:\/\/arantv.az\/index.php?rest_route=%2Fwp%2Fv2%2Fcategories&post=439649"},{"taxonomy":"post_tag","embeddable":true,"href":"https:\/\/arantv.az\/index.php?rest_route=%2Fwp%2Fv2%2Ftags&post=439649"}],"curies":[{"name":"wp","href":"https:\/\/api.w.org\/{rel}","templated":true}]}}