{"id":439652,"date":"2022-02-16T12:52:08","date_gmt":"2022-02-16T09:52:08","guid":{"rendered":"http:\/\/arantv.az\/?p=439652"},"modified":"2022-02-16T12:52:08","modified_gmt":"2022-02-16T09:52:08","slug":"3000-%c9%99-yaxin-mu%c9%99llim-mudd%c9%99tli-%c9%99saslarla-is%c9%99-q%c9%99bul-edilib","status":"publish","type":"post","link":"https:\/\/arantv.az\/?p=439652","title":{"rendered":"3000-\u0259 yax\u0131n m\u00fc\u0259llim m\u00fcdd\u0259tli \u0259saslarla i\u015f\u0259 q\u0259bul edilib"},"content":{"rendered":"<p>T\u0259hsil Nazirliyinin \u0130nsan resurslar\u0131 \u015f\u00f6b\u0259sinin m\u00fcdiri E\u015fqi Ba\u011f\u0131rov m\u00fc\u0259lliml\u0259rin daimil\u0259\u015fm\u0259 m\u00fcsabiq\u0259si il\u0259 ba\u011fl\u0131 m\u0259s\u0259l\u0259y\u0259 ayd\u0131nl\u0131q g\u0259tirib.<\/p>\n<p><strong>ARANTV.AZ\u00a0 x\u0259b\u0259r verir ki,<\/strong>\u00a0\u00a0&#8220;M\u00fc\u0259lliml\u0259rin i\u015f\u0259 q\u0259bulu v\u0259 yerd\u0259yi\u015fm\u0259si qaydalar\u0131nda yenilikl\u0259r&#8221; m\u00f6vzusunda ke\u00e7iril\u0259n onlayn brifinqd\u0259 E\u015fqi Ba\u011f\u0131rov deyib ki, \u00f6t\u0259n ilin yay\u0131nda m\u00fc\u0259lliml\u0259rin i\u015f\u0259 q\u0259bul m\u00fcsabiq\u0259sinin \u0259sas turundan sonra il \u0259rzind\u0259 yaranan yerl\u0259r\u0259 3000-\u0259 yax\u0131n m\u00fc\u0259llim m\u00fcdd\u0259tli \u0259saslarla i\u015f\u0259 q\u0259bul edilib.<\/p>\n<p>\u201cBu ilin yanvar\u0131n 31-n\u0259 q\u0259d\u0259r m\u00fcdd\u0259tli \u0259saslarla i\u015f\u0259 q\u0259bul edil\u0259n m\u00fc\u0259lliml\u0259r \u00fc\u00e7\u00fcn daimil\u0259\u015fm\u0259 mart-aprel ay\u0131nda m\u00fcsahib\u0259 format\u0131nda ke\u00e7iril\u0259c\u0259k. Yanvar\u0131n 31-d\u0259n sonra m\u00fcdd\u0259tli \u0259saslarla i\u015f\u0259 q\u0259bul olunan m\u00fc\u0259lliml\u0259rin daimil\u0259\u015fm\u0259si \u00fc\u00e7\u00fcn M\u0130Q m\u00fcsabiq\u0259si vasit\u0259sil\u0259 t\u0259\u015fkil edil\u0259c\u0259k\u201d \u2013 Nazirlik r\u0259smisi deyib.<\/p>\n<p>E. Ba\u011f\u0131rov \u0259lav\u0259 edib ki, m\u00fcdd\u0259tli m\u00fcqavil\u0259 il\u0259 \u00e7al\u0131\u015fan m\u00fc\u0259lliml\u0259rin daimil\u0259\u015fm\u0259si \u00fc\u00e7\u00fcn m\u00fcsabiq\u0259 bu il sonuncu d\u0259f\u0259 ke\u00e7iril\u0259c\u0259k. N\u00f6vb\u0259ti ild\u0259n is\u0259 h\u0259min kateqoriyadan olan m\u00fc\u0259lliml\u0259r daimil\u0259\u015fm\u0259 \u00fc\u00e7\u00fcn M\u0130Q imtahan\u0131nda i\u015ftirak ed\u0259c\u0259kl\u0259r.<\/p>\n","protected":false},"excerpt":{"rendered":"<p>T\u0259hsil Nazirliyinin \u0130nsan resurslar\u0131 \u015f\u00f6b\u0259sinin m\u00fcdiri E\u015fqi Ba\u011f\u0131rov m\u00fc\u0259lliml\u0259rin daimil\u0259\u015fm\u0259 m\u00fcsabiq\u0259si il\u0259 ba\u011fl\u0131 m\u0259s\u0259l\u0259y\u0259 ayd\u0131nl\u0131q g\u0259tirib. ARANTV.AZ\u00a0 x\u0259b\u0259r verir ki,\u00a0\u00a0&#8220;M\u00fc\u0259lliml\u0259rin i\u015f\u0259 q\u0259bulu v\u0259 yerd\u0259yi\u015fm\u0259si qaydalar\u0131nda yenilikl\u0259r&#8221; m\u00f6vzusunda ke\u00e7iril\u0259n onlayn brifinqd\u0259 E\u015fqi Ba\u011f\u0131rov deyib ki, \u00f6t\u0259n ilin yay\u0131nda m\u00fc\u0259lliml\u0259rin i\u015f\u0259 q\u0259bul m\u00fcsabiq\u0259sinin \u0259sas turundan sonra il \u0259rzind\u0259 yaranan yerl\u0259r\u0259 3000-\u0259 yax\u0131n m\u00fc\u0259llim m\u00fcdd\u0259tli \u0259saslarla i\u015f\u0259 q\u0259bul edilib. \u201cBu ilin yanvar\u0131n 31-n\u0259 q\u0259d\u0259r m\u00fcdd\u0259tli \u0259saslarla i\u015f\u0259 q\u0259bul edil\u0259n m\u00fc\u0259lliml\u0259r \u00fc\u00e7\u00fcn daimil\u0259\u015fm\u0259 mart-aprel ay\u0131nda m\u00fcsahib\u0259 format\u0131nda ke\u00e7iril\u0259c\u0259k. Yanvar\u0131n 31-d\u0259n sonra m\u00fcdd\u0259tli \u0259saslarla i\u015f\u0259 q\u0259bul olunan m\u00fc\u0259lliml\u0259rin daimil\u0259\u015fm\u0259si \u00fc\u00e7\u00fcn M\u0130Q m\u00fcsabiq\u0259si vasit\u0259sil\u0259 t\u0259\u015fkil edil\u0259c\u0259k\u201d&hellip;<\/p>\n","protected":false},"author":2,"featured_media":439653,"comment_status":"closed","ping_status":"closed","sticky":false,"template":"","format":"standard","meta":{"om_disable_all_campaigns":false,"_monsterinsights_skip_tracking":false,"_monsterinsights_sitenote_active":false,"_monsterinsights_sitenote_note":"","_monsterinsights_sitenote_category":0},"categories":[23],"tags":[],"aioseo_notices":[],"gutentor_comment":0,"rttpg_featured_image_url":{"full":["https:\/\/arantv.az\/wp-content\/uploads\/2022\/02\/a1b65d1563d757e36c9cf50c7e05b113_31230_6.jpg",975,540,false],"landscape":["https:\/\/arantv.az\/wp-content\/uploads\/2022\/02\/a1b65d1563d757e36c9cf50c7e05b113_31230_6.jpg",975,540,false],"portraits":["https:\/\/arantv.az\/wp-content\/uploads\/2022\/02\/a1b65d1563d757e36c9cf50c7e05b113_31230_6.jpg",975,540,false],"thumbnail":["https:\/\/arantv.az\/wp-content\/uploads\/2022\/02\/a1b65d1563d757e36c9cf50c7e05b113_31230_6-500x280.jpg",500,280,true],"medium":["https:\/\/arantv.az\/wp-content\/uploads\/2022\/02\/a1b65d1563d757e36c9cf50c7e05b113_31230_6-660x365.jpg",660,365,true],"large":["https:\/\/arantv.az\/wp-content\/uploads\/2022\/02\/a1b65d1563d757e36c9cf50c7e05b113_31230_6-840x465.jpg",640,354,true],"1536x1536":["https:\/\/arantv.az\/wp-content\/uploads\/2022\/02\/a1b65d1563d757e36c9cf50c7e05b113_31230_6.jpg",975,540,false],"2048x2048":["https:\/\/arantv.az\/wp-content\/uploads\/2022\/02\/a1b65d1563d757e36c9cf50c7e05b113_31230_6.jpg",975,540,false],"post-thumbnail":["https:\/\/arantv.az\/wp-content\/uploads\/2022\/02\/a1b65d1563d757e36c9cf50c7e05b113_31230_6-240x172.jpg",240,172,true],"advps-thumb-one":["https:\/\/arantv.az\/wp-content\/uploads\/2022\/02\/a1b65d1563d757e36c9cf50c7e05b113_31230_6.jpg",975,540,false]},"rttpg_author":{"display_name":"V\u00fcsal Rafiqo\u011flu","author_link":"https:\/\/arantv.az\/?author=2"},"rttpg_comment":0,"rttpg_category":"<a href=\"https:\/\/arantv.az\/?cat=23\" rel=\"category\">T\u0259hsil<\/a>","rttpg_excerpt":"T\u0259hsil Nazirliyinin \u0130nsan resurslar\u0131 \u015f\u00f6b\u0259sinin m\u00fcdiri E\u015fqi Ba\u011f\u0131rov m\u00fc\u0259lliml\u0259rin daimil\u0259\u015fm\u0259 m\u00fcsabiq\u0259si il\u0259 ba\u011fl\u0131 m\u0259s\u0259l\u0259y\u0259 ayd\u0131nl\u0131q g\u0259tirib. ARANTV.AZ\u00a0 x\u0259b\u0259r verir ki,\u00a0\u00a0&#8220;M\u00fc\u0259lliml\u0259rin i\u015f\u0259 q\u0259bulu v\u0259 yerd\u0259yi\u015fm\u0259si qaydalar\u0131nda yenilikl\u0259r&#8221; m\u00f6vzusunda ke\u00e7iril\u0259n onlayn brifinqd\u0259 E\u015fqi Ba\u011f\u0131rov deyib ki, \u00f6t\u0259n ilin yay\u0131nda m\u00fc\u0259lliml\u0259rin i\u015f\u0259 q\u0259bul m\u00fcsabiq\u0259sinin \u0259sas turundan sonra il \u0259rzind\u0259 yaranan yerl\u0259r\u0259 3000-\u0259 yax\u0131n m\u00fc\u0259llim m\u00fcdd\u0259tli \u0259saslarla i\u015f\u0259 q\u0259bul&hellip;","_links":{"self":[{"href":"https:\/\/arantv.az\/index.php?rest_route=\/wp\/v2\/posts\/439652"}],"collection":[{"href":"https:\/\/arantv.az\/index.php?rest_route=\/wp\/v2\/posts"}],"about":[{"href":"https:\/\/arantv.az\/index.php?rest_route=\/wp\/v2\/types\/post"}],"author":[{"embeddable":true,"href":"https:\/\/arantv.az\/index.php?rest_route=\/wp\/v2\/users\/2"}],"replies":[{"embeddable":true,"href":"https:\/\/arantv.az\/index.php?rest_route=%2Fwp%2Fv2%2Fcomments&post=439652"}],"version-history":[{"count":0,"href":"https:\/\/arantv.az\/index.php?rest_route=\/wp\/v2\/posts\/439652\/revisions"}],"wp:featuredmedia":[{"embeddable":true,"href":"https:\/\/arantv.az\/index.php?rest_route=\/wp\/v2\/media\/439653"}],"wp:attachment":[{"href":"https:\/\/arantv.az\/index.php?rest_route=%2Fwp%2Fv2%2Fmedia&parent=439652"}],"wp:term":[{"taxonomy":"category","embeddable":true,"href":"https:\/\/arantv.az\/index.php?rest_route=%2Fwp%2Fv2%2Fcategories&post=439652"},{"taxonomy":"post_tag","embeddable":true,"href":"https:\/\/arantv.az\/index.php?rest_route=%2Fwp%2Fv2%2Ftags&post=439652"}],"curies":[{"name":"wp","href":"https:\/\/api.w.org\/{rel}","templated":true}]}}