{"id":439765,"date":"2022-02-16T14:45:55","date_gmt":"2022-02-16T11:45:55","guid":{"rendered":"http:\/\/arantv.az\/?p=439765"},"modified":"2022-02-16T14:45:55","modified_gmt":"2022-02-16T11:45:55","slug":"g%c9%99l%c9%99n-ay-ucun-umr%c9%99-ziyar%c9%99tinin-tarixl%c9%99ri-m%c9%99lum-oldu","status":"publish","type":"post","link":"https:\/\/arantv.az\/?p=439765","title":{"rendered":"G\u0259l\u0259n ay \u00fc\u00e7\u00fcn \u00dcmr\u0259 ziyar\u0259tinin tarixl\u0259ri m\u0259lum oldu"},"content":{"rendered":"<p>Fevral\u0131n 17-d\u0259 n\u00f6vb\u0259ti \u00dcmr\u0259 ziyar\u0259ti ba\u015f tutacaq.<\/p>\n<p>Bunu APA-ya a\u00e7\u0131qlamas\u0131nda Qafqaz M\u00fcs\u0259lmanlar\u0131 \u0130dar\u0259sinin Xarici \u0259laq\u0259l\u0259r \u015f\u00f6b\u0259sinin m\u00fcdiri V\u00fcsal Cahangiri bildirib. Onun s\u00f6zl\u0259rin\u0259 g\u00f6r\u0259, ziyar\u0259t fevral\u0131n 24-n\u0259 q\u0259d\u0259r davam ed\u0259c\u0259k.<\/p>\n<p>\u015e\u00f6b\u0259 m\u00fcdiri mart ay\u0131nda n\u0259z\u0259rd\u0259 tutulan \u00dcmr\u0259 ziyar\u0259tl\u0259rinin d\u0259 tarixini a\u00e7\u0131qlay\u0131b. O qeyd edib ki, g\u0259l\u0259n ay 10-17, 19-26 v\u0259 24-31 mart tarixl\u0259rind\u0259 \u00dcmr\u0259 ziyar\u0259tl\u0259rinin h\u0259yata ke\u00e7irilm\u0259si n\u0259z\u0259rd\u0259 tutulub.<\/p>\n<p>Qeyd ed\u0259k ki, pandemiyadan sonra Az\u0259rbaycandan ilk z\u0259vvar qrupu \u00dcmr\u0259 ziyar\u0259tini 2021-ci il dekabr\u0131n 2-d\u0259n 9-na q\u0259d\u0259r h\u0259yata ke\u00e7irib. Bundan \u0259lav\u0259, yanvar\u0131n 13-d\u0259n 20-n\u0259 q\u0259d\u0259r, fevral\u0131n 3-9 v\u0259 10-16-da \u00dcmr\u0259 ziyar\u0259tl\u0259ri ba\u015f tutub.<\/p>\n","protected":false},"excerpt":{"rendered":"<p>Fevral\u0131n 17-d\u0259 n\u00f6vb\u0259ti \u00dcmr\u0259 ziyar\u0259ti ba\u015f tutacaq. Bunu APA-ya a\u00e7\u0131qlamas\u0131nda Qafqaz M\u00fcs\u0259lmanlar\u0131 \u0130dar\u0259sinin Xarici \u0259laq\u0259l\u0259r \u015f\u00f6b\u0259sinin m\u00fcdiri V\u00fcsal Cahangiri bildirib. Onun s\u00f6zl\u0259rin\u0259 g\u00f6r\u0259, ziyar\u0259t fevral\u0131n 24-n\u0259 q\u0259d\u0259r davam ed\u0259c\u0259k. \u015e\u00f6b\u0259 m\u00fcdiri mart ay\u0131nda n\u0259z\u0259rd\u0259 tutulan \u00dcmr\u0259 ziyar\u0259tl\u0259rinin d\u0259 tarixini a\u00e7\u0131qlay\u0131b. O qeyd edib ki, g\u0259l\u0259n ay 10-17, 19-26 v\u0259 24-31 mart tarixl\u0259rind\u0259 \u00dcmr\u0259 ziyar\u0259tl\u0259rinin h\u0259yata ke\u00e7irilm\u0259si n\u0259z\u0259rd\u0259 tutulub. Qeyd ed\u0259k ki, pandemiyadan sonra Az\u0259rbaycandan ilk z\u0259vvar qrupu \u00dcmr\u0259 ziyar\u0259tini 2021-ci il dekabr\u0131n 2-d\u0259n 9-na q\u0259d\u0259r h\u0259yata ke\u00e7irib. Bundan \u0259lav\u0259, yanvar\u0131n 13-d\u0259n 20-n\u0259 q\u0259d\u0259r, fevral\u0131n 3-9 v\u0259 10-16-da \u00dcmr\u0259 ziyar\u0259tl\u0259ri ba\u015f&hellip;<\/p>\n","protected":false},"author":2,"featured_media":439766,"comment_status":"closed","ping_status":"closed","sticky":false,"template":"","format":"standard","meta":{"om_disable_all_campaigns":false,"_monsterinsights_skip_tracking":false,"_monsterinsights_sitenote_active":false,"_monsterinsights_sitenote_note":"","_monsterinsights_sitenote_category":0},"categories":[1],"tags":[],"aioseo_notices":[],"gutentor_comment":0,"rttpg_featured_image_url":{"full":["https:\/\/arantv.az\/wp-content\/uploads\/2022\/02\/kebe_0289.jpg",800,600,false],"landscape":["https:\/\/arantv.az\/wp-content\/uploads\/2022\/02\/kebe_0289.jpg",800,600,false],"portraits":["https:\/\/arantv.az\/wp-content\/uploads\/2022\/02\/kebe_0289.jpg",800,600,false],"thumbnail":["https:\/\/arantv.az\/wp-content\/uploads\/2022\/02\/kebe_0289-500x280.jpg",500,280,true],"medium":["https:\/\/arantv.az\/wp-content\/uploads\/2022\/02\/kebe_0289-487x365.jpg",487,365,true],"large":["https:\/\/arantv.az\/wp-content\/uploads\/2022\/02\/kebe_0289.jpg",640,480,false],"1536x1536":["https:\/\/arantv.az\/wp-content\/uploads\/2022\/02\/kebe_0289.jpg",800,600,false],"2048x2048":["https:\/\/arantv.az\/wp-content\/uploads\/2022\/02\/kebe_0289.jpg",800,600,false],"post-thumbnail":["https:\/\/arantv.az\/wp-content\/uploads\/2022\/02\/kebe_0289-240x172.jpg",240,172,true],"advps-thumb-one":["https:\/\/arantv.az\/wp-content\/uploads\/2022\/02\/kebe_0289.jpg",800,600,false]},"rttpg_author":{"display_name":"V\u00fcsal Rafiqo\u011flu","author_link":"https:\/\/arantv.az\/?author=2"},"rttpg_comment":0,"rttpg_category":"<a href=\"https:\/\/arantv.az\/?cat=1\" rel=\"category\">C\u0259miyy\u0259t<\/a>","rttpg_excerpt":"Fevral\u0131n 17-d\u0259 n\u00f6vb\u0259ti \u00dcmr\u0259 ziyar\u0259ti ba\u015f tutacaq. Bunu APA-ya a\u00e7\u0131qlamas\u0131nda Qafqaz M\u00fcs\u0259lmanlar\u0131 \u0130dar\u0259sinin Xarici \u0259laq\u0259l\u0259r \u015f\u00f6b\u0259sinin m\u00fcdiri V\u00fcsal Cahangiri bildirib. Onun s\u00f6zl\u0259rin\u0259 g\u00f6r\u0259, ziyar\u0259t fevral\u0131n 24-n\u0259 q\u0259d\u0259r davam ed\u0259c\u0259k. \u015e\u00f6b\u0259 m\u00fcdiri mart ay\u0131nda n\u0259z\u0259rd\u0259 tutulan \u00dcmr\u0259 ziyar\u0259tl\u0259rinin d\u0259 tarixini a\u00e7\u0131qlay\u0131b. O qeyd edib ki, g\u0259l\u0259n ay 10-17, 19-26 v\u0259 24-31 mart tarixl\u0259rind\u0259 \u00dcmr\u0259 ziyar\u0259tl\u0259rinin h\u0259yata&hellip;","_links":{"self":[{"href":"https:\/\/arantv.az\/index.php?rest_route=\/wp\/v2\/posts\/439765"}],"collection":[{"href":"https:\/\/arantv.az\/index.php?rest_route=\/wp\/v2\/posts"}],"about":[{"href":"https:\/\/arantv.az\/index.php?rest_route=\/wp\/v2\/types\/post"}],"author":[{"embeddable":true,"href":"https:\/\/arantv.az\/index.php?rest_route=\/wp\/v2\/users\/2"}],"replies":[{"embeddable":true,"href":"https:\/\/arantv.az\/index.php?rest_route=%2Fwp%2Fv2%2Fcomments&post=439765"}],"version-history":[{"count":0,"href":"https:\/\/arantv.az\/index.php?rest_route=\/wp\/v2\/posts\/439765\/revisions"}],"wp:featuredmedia":[{"embeddable":true,"href":"https:\/\/arantv.az\/index.php?rest_route=\/wp\/v2\/media\/439766"}],"wp:attachment":[{"href":"https:\/\/arantv.az\/index.php?rest_route=%2Fwp%2Fv2%2Fmedia&parent=439765"}],"wp:term":[{"taxonomy":"category","embeddable":true,"href":"https:\/\/arantv.az\/index.php?rest_route=%2Fwp%2Fv2%2Fcategories&post=439765"},{"taxonomy":"post_tag","embeddable":true,"href":"https:\/\/arantv.az\/index.php?rest_route=%2Fwp%2Fv2%2Ftags&post=439765"}],"curies":[{"name":"wp","href":"https:\/\/api.w.org\/{rel}","templated":true}]}}