{"id":439768,"date":"2022-02-16T14:55:45","date_gmt":"2022-02-16T11:55:45","guid":{"rendered":"http:\/\/arantv.az\/?p=439768"},"modified":"2022-02-16T14:55:45","modified_gmt":"2022-02-16T11:55:45","slug":"qht-t%c9%99r%c9%99find%c9%99n-beyl%c9%99qan-v%c9%99-fuzulid%c9%99-s%c9%99hid-v%c9%99-qazi-ail%c9%99l%c9%99rin%c9%99-d%c9%99st%c9%99k-gost%c9%99ril%c9%99c%c9%99kdir","status":"publish","type":"post","link":"https:\/\/arantv.az\/?p=439768","title":{"rendered":"QHT t\u0259r\u0259find\u0259n Beyl\u0259qan v\u0259 F\u00fczulid\u0259 \u015f\u0259hid v\u0259 qazi ail\u0259l\u0259rin\u0259 d\u0259st\u0259k g\u00f6st\u0259ril\u0259c\u0259kdir"},"content":{"rendered":"<p>\u201cBeyl\u0259qan G\u0259ncl\u0259rinin Maarifl\u0259ndirilm\u0259si v\u0259\u00a0 Sosial \u0130nki\u015faf\u0131\u201d \u0130ctimai Birliyi \u201cErm\u0259nistan\u0131n i\u015f\u011fal\u0131n\u0131n t\u0259sirin\u0259 m\u0259ruz qalan b\u00f6lg\u0259l\u0259rd\u0259 \u015f\u0259hid v\u0259 qazi ail\u0259l\u0259rin\u0259 d\u0259st\u0259k g\u00f6st\u0259rilm\u0259si\u201d layih\u0259sinin icras\u0131na ba\u015flay\u0131b. Az\u0259rbaycan Respublikas\u0131n\u0131n Qeyri-H\u00f6kum\u0259t T\u0259\u015fkilatlar\u0131na D\u00f6vl\u0259t D\u0259st\u0259yi Agentliyinin maliyy\u0259 d\u0259st\u0259yi il\u0259 icra olunan \u00a0layih\u0259nin 4 ay m\u00fcdd\u0259tind\u0259 h\u0259yata ke\u00e7irilm\u0259si n\u0259z\u0259rd\u0259\u00a0 tutulub.<\/p>\n<p><strong>\u201cBeyl\u0259qan G\u0259ncl\u0259rinin Maarifl\u0259ndirilm\u0259si v\u0259\u00a0 Sosial \u0130nki\u015faf\u0131\u201d \u0130ctimai Birliyinin \u0130ctimaiyy\u0259tl\u0259 \u0259laq\u0259l\u0259r departamnetiind\u0259n<span class=\"has-inline-color has-vivid-red-color\">\u00a0<\/span><\/strong><span class=\"has-inline-color has-vivid-red-color\"><strong>Media1.az<\/strong><\/span><strong>-a bildirildiyin\u0259 g\u00f6r\u0259 layih\u0259nin \u0259sas m\u0259qs\u0259di \u00a0Beyl\u0259qan v\u0259 F\u00fczuli rayonlar\u0131nda V\u0259t\u0259n m\u00fcharib\u0259si zaman\u0131 \u0259razi b\u00fct\u00f6vl\u00fcy\u00fcm\u00fcz u\u011frunda \u015f\u0259hid olmu\u015f v\u0259\u00a0 yaralanm\u0131\u015f qazil\u0259rimizin \u00f6vladlar\u0131n\u0131n f\u0259rdi inki\u015faf\u0131na y\u00f6n\u0259lmi\u015f m\u00fcxt\u0259lif \u00a0f\u0259aliyy\u0259tl\u0259rin \u00a0t\u0259\u015fkil edilm\u0259sind\u0259n ibar\u0259tdir.\u00a0\u00a0\u00a0\u00a0\u00a0\u00a0<\/strong><\/p>\n<p>Layih\u0259\u00a0 \u00e7\u0259r\u00e7iv\u0259sind\u0259\u00a0 Beyl\u0259qan v\u0259\u00a0 F\u00fczuli rayonlar\u0131nda \u015f\u0259hid v\u0259\u00a0 qazi ail\u0259l\u0259rin\u0259, onlar\u0131n \u00f6vladlar\u0131na psixoloji, loqopedik v\u0259\u00a0 sosial xidm\u0259t \u00a0d\u0259st\u0259kl\u0259ri g\u00f6st\u0259ril\u0259c\u0259kdir. Layih\u0259y\u0259 \u0259sas\u0259n\u00a0 c\u0259lb olunacaq \u00a0\u015f\u0259hid v\u0259\u00a0 qazi ail\u0259l\u0259rinin \u00f6vladlar\u0131 v\u0259 ail\u0259l\u0259rinin sosial ehtiyaclar\u0131n\u0131n m\u00fc\u0259yy\u0259n olunub v\u0259 onlar\u0131n \u00f6vladlar\u0131na \u00a0m\u00fcxt\u0259lif f\u0259rdi inki\u015faf xidm\u0259tl\u0259rin g\u00f6st\u0259rilm\u0259si \u00fc\u00e7\u00fcn f\u0259rdi qay\u011f\u0131 planlar\u0131 haz\u0131rlanaraq, onlara xidm\u0259t g\u00f6st\u0259ril\u0259c\u0259kdir. Layih\u0259 \u0259m\u0259kda\u015flar\u0131 t\u0259r\u0259find\u0259n s\u0259yyar xidm\u0259tl\u0259r d\u0259 g\u00f6st\u0259rilm\u0259si n\u0259z\u0259rd\u0259 tutulur.<\/p>\n<p>Eyni zamanda layih\u0259nin f\u0259aliyy\u0259t plan\u0131na uy\u011fun olaraq, Beyl\u0259qan v\u0259 F\u00fczuli rayonlar\u0131nda \u015f\u0259hid ail\u0259l\u0259rinin v\u0259\u00a0 qaz\u0131l\u0259rin \u00f6vladlar\u0131n\u0131n c\u0259miyy\u0259t\u0259 inteqrasiyas\u0131n\u0131 s\u00fcr\u0259tl\u0259ndir\u0259n m\u00fcxt\u0259lif \u00a0inki\u015fafetdirici\u00a0 v\u0259\u00a0 bayram \u00a0t\u0259dbirl\u0259ri il\u0259\u00a0 yana\u015f\u0131, \u00f6lk\u0259nin tarixi v\u0259 turizm b\u00f6lg\u0259l\u0259rin\u0259\u00a0 30 n\u0259f\u0259r \u015f\u0259hid v\u0259\u00a0 qazi \u00f6vladlar\u0131n\u0131n i\u015ftirak etdiyi s\u0259f\u0259r v\u0259 ekskursiyan\u0131n da h\u0259yata ke\u00e7irilm\u0259s\u0131 n\u0259z\u0259rd\u0259 tutulur.<\/p>\n","protected":false},"excerpt":{"rendered":"<p>\u201cBeyl\u0259qan G\u0259ncl\u0259rinin Maarifl\u0259ndirilm\u0259si v\u0259\u00a0 Sosial \u0130nki\u015faf\u0131\u201d \u0130ctimai Birliyi \u201cErm\u0259nistan\u0131n i\u015f\u011fal\u0131n\u0131n t\u0259sirin\u0259 m\u0259ruz qalan b\u00f6lg\u0259l\u0259rd\u0259 \u015f\u0259hid v\u0259 qazi ail\u0259l\u0259rin\u0259 d\u0259st\u0259k g\u00f6st\u0259rilm\u0259si\u201d layih\u0259sinin icras\u0131na ba\u015flay\u0131b. Az\u0259rbaycan Respublikas\u0131n\u0131n Qeyri-H\u00f6kum\u0259t T\u0259\u015fkilatlar\u0131na D\u00f6vl\u0259t D\u0259st\u0259yi Agentliyinin maliyy\u0259 d\u0259st\u0259yi il\u0259 icra olunan \u00a0layih\u0259nin 4 ay m\u00fcdd\u0259tind\u0259 h\u0259yata ke\u00e7irilm\u0259si n\u0259z\u0259rd\u0259\u00a0 tutulub. \u201cBeyl\u0259qan G\u0259ncl\u0259rinin Maarifl\u0259ndirilm\u0259si v\u0259\u00a0 Sosial \u0130nki\u015faf\u0131\u201d \u0130ctimai Birliyinin \u0130ctimaiyy\u0259tl\u0259 \u0259laq\u0259l\u0259r departamnetiind\u0259n\u00a0Media1.az-a bildirildiyin\u0259 g\u00f6r\u0259 layih\u0259nin \u0259sas m\u0259qs\u0259di \u00a0Beyl\u0259qan v\u0259 F\u00fczuli rayonlar\u0131nda V\u0259t\u0259n m\u00fcharib\u0259si zaman\u0131 \u0259razi b\u00fct\u00f6vl\u00fcy\u00fcm\u00fcz u\u011frunda \u015f\u0259hid olmu\u015f v\u0259\u00a0 yaralanm\u0131\u015f qazil\u0259rimizin \u00f6vladlar\u0131n\u0131n f\u0259rdi inki\u015faf\u0131na y\u00f6n\u0259lmi\u015f m\u00fcxt\u0259lif \u00a0f\u0259aliyy\u0259tl\u0259rin \u00a0t\u0259\u015fkil edilm\u0259sind\u0259n ibar\u0259tdir.\u00a0\u00a0\u00a0\u00a0\u00a0\u00a0 Layih\u0259\u00a0 \u00e7\u0259r\u00e7iv\u0259sind\u0259\u00a0 Beyl\u0259qan v\u0259\u00a0 F\u00fczuli rayonlar\u0131nda \u015f\u0259hid&hellip;<\/p>\n","protected":false},"author":2,"featured_media":439769,"comment_status":"closed","ping_status":"closed","sticky":false,"template":"","format":"standard","meta":{"om_disable_all_campaigns":false,"_monsterinsights_skip_tracking":false,"_monsterinsights_sitenote_active":false,"_monsterinsights_sitenote_note":"","_monsterinsights_sitenote_category":0},"categories":[19],"tags":[],"aioseo_notices":[],"gutentor_comment":0,"rttpg_featured_image_url":{"full":["https:\/\/arantv.az\/wp-content\/uploads\/2022\/02\/Baner-BGMSI-2022-1-1024x2410-1.jpg",1024,2410,false],"landscape":["https:\/\/arantv.az\/wp-content\/uploads\/2022\/02\/Baner-BGMSI-2022-1-1024x2410-1.jpg",1024,2410,false],"portraits":["https:\/\/arantv.az\/wp-content\/uploads\/2022\/02\/Baner-BGMSI-2022-1-1024x2410-1.jpg",1024,2410,false],"thumbnail":["https:\/\/arantv.az\/wp-content\/uploads\/2022\/02\/Baner-BGMSI-2022-1-1024x2410-1-500x280.jpg",500,280,true],"medium":["https:\/\/arantv.az\/wp-content\/uploads\/2022\/02\/Baner-BGMSI-2022-1-1024x2410-1-155x365.jpg",155,365,true],"large":["https:\/\/arantv.az\/wp-content\/uploads\/2022\/02\/Baner-BGMSI-2022-1-1024x2410-1-357x840.jpg",357,840,true],"1536x1536":["https:\/\/arantv.az\/wp-content\/uploads\/2022\/02\/Baner-BGMSI-2022-1-1024x2410-1-653x1536.jpg",653,1536,true],"2048x2048":["https:\/\/arantv.az\/wp-content\/uploads\/2022\/02\/Baner-BGMSI-2022-1-1024x2410-1-870x2048.jpg",870,2048,true],"post-thumbnail":["https:\/\/arantv.az\/wp-content\/uploads\/2022\/02\/Baner-BGMSI-2022-1-1024x2410-1-240x172.jpg",240,172,true],"advps-thumb-one":["https:\/\/arantv.az\/wp-content\/uploads\/2022\/02\/Baner-BGMSI-2022-1-1024x2410-1-1024x620.jpg",1024,620,true]},"rttpg_author":{"display_name":"V\u00fcsal Rafiqo\u011flu","author_link":"https:\/\/arantv.az\/?author=2"},"rttpg_comment":0,"rttpg_category":"<a href=\"https:\/\/arantv.az\/?cat=19\" rel=\"category\">G\u00fcnd\u0259m<\/a>","rttpg_excerpt":"\u201cBeyl\u0259qan G\u0259ncl\u0259rinin Maarifl\u0259ndirilm\u0259si v\u0259\u00a0 Sosial \u0130nki\u015faf\u0131\u201d \u0130ctimai Birliyi \u201cErm\u0259nistan\u0131n i\u015f\u011fal\u0131n\u0131n t\u0259sirin\u0259 m\u0259ruz qalan b\u00f6lg\u0259l\u0259rd\u0259 \u015f\u0259hid v\u0259 qazi ail\u0259l\u0259rin\u0259 d\u0259st\u0259k g\u00f6st\u0259rilm\u0259si\u201d layih\u0259sinin icras\u0131na ba\u015flay\u0131b. Az\u0259rbaycan Respublikas\u0131n\u0131n Qeyri-H\u00f6kum\u0259t T\u0259\u015fkilatlar\u0131na D\u00f6vl\u0259t D\u0259st\u0259yi Agentliyinin maliyy\u0259 d\u0259st\u0259yi il\u0259 icra olunan \u00a0layih\u0259nin 4 ay m\u00fcdd\u0259tind\u0259 h\u0259yata ke\u00e7irilm\u0259si n\u0259z\u0259rd\u0259\u00a0 tutulub. \u201cBeyl\u0259qan G\u0259ncl\u0259rinin Maarifl\u0259ndirilm\u0259si v\u0259\u00a0 Sosial \u0130nki\u015faf\u0131\u201d \u0130ctimai Birliyinin \u0130ctimaiyy\u0259tl\u0259 \u0259laq\u0259l\u0259r departamnetiind\u0259n\u00a0Media1.az-a bildirildiyin\u0259&hellip;","_links":{"self":[{"href":"https:\/\/arantv.az\/index.php?rest_route=\/wp\/v2\/posts\/439768"}],"collection":[{"href":"https:\/\/arantv.az\/index.php?rest_route=\/wp\/v2\/posts"}],"about":[{"href":"https:\/\/arantv.az\/index.php?rest_route=\/wp\/v2\/types\/post"}],"author":[{"embeddable":true,"href":"https:\/\/arantv.az\/index.php?rest_route=\/wp\/v2\/users\/2"}],"replies":[{"embeddable":true,"href":"https:\/\/arantv.az\/index.php?rest_route=%2Fwp%2Fv2%2Fcomments&post=439768"}],"version-history":[{"count":0,"href":"https:\/\/arantv.az\/index.php?rest_route=\/wp\/v2\/posts\/439768\/revisions"}],"wp:featuredmedia":[{"embeddable":true,"href":"https:\/\/arantv.az\/index.php?rest_route=\/wp\/v2\/media\/439769"}],"wp:attachment":[{"href":"https:\/\/arantv.az\/index.php?rest_route=%2Fwp%2Fv2%2Fmedia&parent=439768"}],"wp:term":[{"taxonomy":"category","embeddable":true,"href":"https:\/\/arantv.az\/index.php?rest_route=%2Fwp%2Fv2%2Fcategories&post=439768"},{"taxonomy":"post_tag","embeddable":true,"href":"https:\/\/arantv.az\/index.php?rest_route=%2Fwp%2Fv2%2Ftags&post=439768"}],"curies":[{"name":"wp","href":"https:\/\/api.w.org\/{rel}","templated":true}]}}