{"id":439771,"date":"2022-02-16T14:57:53","date_gmt":"2022-02-16T11:57:53","guid":{"rendered":"http:\/\/arantv.az\/?p=439771"},"modified":"2022-02-16T14:57:53","modified_gmt":"2022-02-16T11:57:53","slug":"unesco-erm%c9%99nistanin-basina-suni-buynuz-%c9%99kir-t%c9%99hlil","status":"publish","type":"post","link":"https:\/\/arantv.az\/?p=439771","title":{"rendered":"UNESCO Erm\u0259nistan\u0131n ba\u015f\u0131na \u201cs\u00fcni buynuz\u201d \u0259kir &#8211; T\u018fHL\u0130L"},"content":{"rendered":"<p>Erm\u0259nistan UNESCO missiyas\u0131n\u0131n Az\u0259rbaycan\u0131n i\u015f\u011faldan azad edilmi\u015f \u0259razil\u0259rin\u0259 s\u0259f\u0259ri il\u0259 ba\u011fl\u0131 manipulyasiya ed\u0259r\u0259k yenid\u0259n \u201cbuynuz\u201d \u00e7\u0131xarma\u011fa \u00e7al\u0131\u015f\u0131r.<\/p>\n<p>Bu \u201cbuynuzu\u201d s\u00fcni yolla \u0259k\u0259n add\u0131mlara ke\u00e7m\u0259zd\u0259n \u00f6nc\u0259 xat\u0131rladaq ki, fevral\u0131n 4-d\u0259 Fransa Prezidenti Emmanuel Makronun t\u0259\u015f\u0259bb\u00fcs\u00fc il\u0259 Az\u0259rbaycan Prezidenti \u0130lham \u018fliyevin, Avropa \u0130ttifaq\u0131 \u015euras\u0131n\u0131n Prezidenti \u015earl Mi\u015felin v\u0259 Erm\u0259nistan ba\u015f naziri Nikol Pa\u015finyan\u0131n i\u015ftirak\u0131 il\u0259 videoformatda g\u00f6r\u00fc\u015f ke\u00e7irilib.<\/p>\n<div class=\"AdviadNativeVideo\"><\/div>\n<p>G\u00f6r\u00fc\u015fd\u0259 UNESCO missiyas\u0131n\u0131n Az\u0259rbaycana v\u0259 Erm\u0259nistana g\u00f6nd\u0259rilm\u0259sin\u0259 dair raz\u0131l\u0131q ifad\u0259 edilib.<\/p>\n<p>Ancaq UNESCO dey\u0259s\u0259n erm\u0259ni lobbisinin t\u0259sirin\u0259 d\u00fc\u015f\u0259r\u0259k h\u0259r yerd\u0259 \u201cm\u0259hv edilmi\u015f erm\u0259ni m\u0259d\u0259ni irsi\u201d axtarma\u011fa \u00e7al\u0131\u015f\u0131r. Bax, bu, Erm\u0259nistan\u0131n ba\u015f\u0131nda s\u00fcni \u015f\u0259kild\u0259 \u201cbuynuz \u0259km\u0259k\u201d c\u0259hdidir.<\/p>\n<p>UNESCO-nun s\u00f6z\u00e7\u00fcs\u00fc Tomas Mallard \u201cArmenpress\u201d\u0259 deyib ki, qurum Da\u011fl\u0131q Qaraba\u011fa m\u00fcst\u0259qil texniki missiya g\u00f6nd\u0259rm\u0259k \u00fcz\u0259rind\u0259 i\u015fl\u0259yir.<\/p>\n<p>\u0130\u015fl\u0259tdiyi \u201cDa\u011fl\u0131q Qaraba\u011f\u201d ifad\u0259si b\u00f6y\u00fck bir yanl\u0131\u015fd\u0131r. Bu s\u0259hvi\u00a0b\u0259lk\u0259 d\u0259 ba\u011f\u0131\u015flamaq olard\u0131, d\u00fc\u015f\u00fcn\u0259 bil\u0259rdik ki, c\u0259nab Mallard \u00f6z\u00fcn\u00fcn l\u00fc\u011f\u0259t leksikonunu C\u0259nubi Qafqazdak\u0131 yeni reall\u0131\u011fa uy\u011funla\u015fd\u0131ra bilm\u0259yib.<\/p>\n<p>Ancaq s\u0259b\u0259b n\u0259 olursa-olsun, d\u0259xli yoxdur, UNESCO Mallard\u0131n timsal\u0131nda Az\u0259rbaycan\u0131n haql\u0131 h\u0259d\u0259f tablosuna \u00e7\u0131x\u0131r.<\/p>\n<p>Birincisi, UNESCO-nun n\u00fcmay\u0259nd\u0259si Da\u011fl\u0131q Qaraba\u011f dedikd\u0259 n\u0259yi n\u0259z\u0259rd\u0259 tutur? Ax\u0131 bel\u0259 bir \u0259razi vahidi yoxdur. Onun dediyi Az\u0259rbaycan\u0131n suverenliyin\u0259 h\u00f6rm\u0259tsizlik, erm\u0259ni t\u0259bli\u011fat\u0131na xidm\u0259td\u0259n ba\u015fqa bir \u015fey deyil.<\/p>\n<p>\u0130kincisi, UNESCO n\u0259 vaxtdan siyasi b\u0259yanatlar verm\u0259y\u0259 ba\u015flay\u0131b? UNESCO \u00f6z\u00fcn\u00fc Fransa Xarici \u0130\u015fl\u0259r Nazirliyinin bir departamenti kimi apar\u0131r v\u0259 h\u0259min qurumun a\u00e7\u0131q-ayd\u0131n erm\u0259ni maraqlar\u0131na xidm\u0259t etdiyi\u00a0g\u00f6r\u00fcn\u00fcr.<\/p>\n<p>\u201cDa\u011fl\u0131q Qaraba\u011f\u201d ifad\u0259sini d\u0259 ke\u00e7dik. Mallard\u0131n dedikl\u0259rind\u0259 gizl\u0259n\u0259n dig\u0259r mahiyy\u0259ti d\u0259 \u0259fv etm\u0259k adekvat davran\u0131\u015f olmaz.<\/p>\n<p>Az\u0259rbaycan bel\u0259 bir missiyan\u0131n h\u0259yata ke\u00e7irilm\u0259si \u00fc\u00e7\u00fcn 20 ild\u0259n art\u0131q bir m\u00fcdd\u0259t \u0259rzind\u0259 israrl\u0131 \u015f\u0259kild\u0259 UNESCO-ya m\u00fcxt\u0259lif \u00e7a\u011f\u0131r\u0131\u015flar edib, bununla ba\u011fl\u0131 \u00e7oxsayl\u0131 m\u0259ktublar \u00fcnvanlay\u0131b.<\/p>\n<p>Ancaq UNESCO \u00f6z\u00fc 2005-ci il \u00fczr\u0259 hesabat\u0131nda etiraf edib ki, Erm\u0259nistan bu s\u0259f\u0259rin qar\u015f\u0131s\u0131na s\u0259dd \u00e7\u0259kib. Bel\u0259 \u0259sasland\u0131rma apar\u0131b ki, Az\u0259rbaycan torpaqlar\u0131 Erm\u0259nistan\u0131n i\u015f\u011fal\u0131 alt\u0131ndad\u0131r v\u0259 s\u0259f\u0259rin m\u0259hz Erm\u0259nistan t\u0259r\u0259find\u0259n qar\u015f\u0131s\u0131 al\u0131n\u0131b.<\/p>\n<p>Q\u0131sas\u0131, UNESCO Az\u0259rbaycan torpaqlar\u0131n\u0131n i\u015f\u011falda oldu\u011fu m\u00fcdd\u0259td\u0259 Bak\u0131n\u0131n m\u00fcraci\u0259tl\u0259rini qulaqard\u0131na vurub, indi is\u0259 fevral\u0131n 4-d\u0259 \u0259ld\u0259 edilmi\u015f raz\u0131l\u0131\u011f\u0131 saxta erm\u0259ni tarixinin xeyrin\u0259 y\u00f6n\u0259ld\u0259n birt\u0259r\u0259fli operativlik n\u00fcmayi\u015f etdirir.<\/p>\n<p>H\u0259min m\u00fcraci\u0259tl\u0259r\u0259 bigan\u0259 qalan UNESCO indi, tez bir \u015f\u0259kild\u0259 ilk olaraq Az\u0259rbaycan\u0131n i\u015f\u011faldan azad edilmi\u015f \u0259razil\u0259rind\u0259 \u201ctarixi erm\u0259ni izl\u0259ri\u201dni axtarma\u011fa \u00e7al\u0131\u015f\u0131r.<\/p>\n<p>C\u0259nab Mallard qeyd edir ki, m\u0259d\u0259ni irs m\u00f6vzusu siyasi al\u0259t\u0259 \u00e7evrilm\u0259m\u0259lidir, amma bel\u0259 q\u0259r\u0259zli operativlikl\u0259 m\u00f6vzunu erm\u0259nil\u0259rin xeyrin\u0259 calama\u011fa \u00e7al\u0131\u015f\u0131r ki, bunun \u00f6z\u00fc siyasi \u0259d\u0259bsizlikdir.<\/p>\n<p>XATIRLATMA: 1949-cu il\u00a0avqustun 12-d\u0259\u00a0\u0130sve\u00e7r\u0259nin Cenevr\u0259 \u015f\u0259h\u0259rind\u0259 ke\u00e7iril\u0259n konfransda d\u00f6rd Cenevr\u0259 Konvensiyas\u0131 q\u0259bul edilib.<\/p>\n<p>Cenevr\u0259 konvensiyalar\u0131 v\u0259 onlara \u0259lav\u0259 edilmi\u015f protokollar m\u00fclki \u0259haliy\u0259 k\u00f6m\u0259klik g\u00f6st\u0259rm\u0259k v\u0259 \u00fcmumilikd\u0259, humanitar h\u00fcquq il\u0259 m\u00fchafiz\u0259 edil\u0259n \u015f\u0259xsl\u0259r\u0259 qar\u015f\u0131 m\u00fcvafiq r\u0259ftar\u0131 t\u0259min etm\u0259k h\u00fcququnu m\u00fc\u0259yy\u0259n edir.<\/p>\n<p>Bunlar beyn\u0259lxalq humanitar h\u00fcququn \u0259sas s\u0259n\u0259dl\u0259ri say\u0131l\u0131r ki,\u00a0burada silahl\u0131 m\u00fcnaqi\u015f\u0259l\u0259rl\u0259 ba\u011fl\u0131 qayda v\u0259 h\u00fcquqlar yer al\u0131b.<\/p>\n<p>Cenevr\u0259 konvensiyalar\u0131na 1977 v\u0259 2005-ci ill\u0259rd\u0259 \u00fc\u00e7 protokol \u0259lav\u0259 edilib. Silahl\u0131 m\u00fcnaqi\u015f\u0259l\u0259r h\u00fcququ kimi tan\u0131nan beyn\u0259lxalq humanitar h\u00fcquq da, \u00f6z n\u00f6vb\u0259sind\u0259, iki qola ayr\u0131l\u0131r ki, bunlar Cenevr\u0259 h\u00fcququ v\u0259 Haaqa h\u00fcququdur.<\/p>\n<p>Cenevr\u0259 h\u00fcququ d\u00f6y\u00fc\u015fd\u0259 art\u0131q i\u015ftirak etm\u0259y\u0259n h\u0259rb\u00e7il\u0259rin v\u0259 d\u00f6y\u00fc\u015f \u0259m\u0259liyyatlar\u0131nda bilavasit\u0259 i\u015ftirak etm\u0259y\u0259n \u015f\u0259xsl\u0259rin, y\u0259ni m\u00fclki \u0259halinin m\u00fchafiz\u0259sin\u0259 y\u00f6n\u0259lir.<\/p>\n<p>Haaqa h\u00fcququ is\u0259 h\u0259rbi \u0259m\u0259liyyatlar zaman\u0131 d\u00f6y\u00fc\u015f\u0259n t\u0259r\u0259fl\u0259rin h\u00fcquq v\u0259 v\u0259zif\u0259l\u0259rini m\u00fc\u0259yy\u0259n edir v\u0259 d\u00fc\u015fm\u0259n\u0259 qar\u015f\u0131 istifad\u0259 edil\u0259n vasit\u0259l\u0259ri m\u0259hdudla\u015fd\u0131r\u0131r.<\/p>\n<p>Erm\u0259nistan is\u0259 1990-c\u0131 ill\u0259rd\u0259 t\u00fc\u011fyan ed\u0259n m\u00fcharib\u0259d\u0259 b\u00fct\u00fcn bu qaydalar\u0131 pozub, Az\u0259rbaycan\u0131n m\u0259d\u0259ni irsl\u0259rin\u0259 qar\u015f\u0131 vandall\u0131q h\u0259yata ke\u00e7irib, tarixi-dini abid\u0259l\u0259ri m\u0259hv edib. \u00dcst\u0259g\u0259l, 2020-ci ilin 44 g\u00fcnl\u00fck V\u0259t\u0259n m\u00fcharib\u0259sind\u0259 d\u0259 m\u00fclki \u0259halini at\u0259\u015f\u0259 tutub.<\/p>\n<p>G\u00f6r\u0259s\u0259n, UNESCO bunlar\u0131n \u00f6z\u00fcn\u0259 aid olan hiss\u0259l\u0259rini bilirmi? Bilir, g\u00f6r\u00fcr, amma Erm\u0259nistana qar\u015f\u0131 \u00e7\u0131x\u0131\u015f etm\u0259k c\u00fcr\u0259tin\u0259 sahib deyil. \u018fn az\u0131ndan indiki situasiyadak\u0131 davran\u0131\u015f\u0131 bel\u0259 dem\u0259y\u0259 \u0259sas verir.<\/p>\n","protected":false},"excerpt":{"rendered":"<p>Erm\u0259nistan UNESCO missiyas\u0131n\u0131n Az\u0259rbaycan\u0131n i\u015f\u011faldan azad edilmi\u015f \u0259razil\u0259rin\u0259 s\u0259f\u0259ri il\u0259 ba\u011fl\u0131 manipulyasiya ed\u0259r\u0259k yenid\u0259n \u201cbuynuz\u201d \u00e7\u0131xarma\u011fa \u00e7al\u0131\u015f\u0131r. Bu \u201cbuynuzu\u201d s\u00fcni yolla \u0259k\u0259n add\u0131mlara ke\u00e7m\u0259zd\u0259n \u00f6nc\u0259 xat\u0131rladaq ki, fevral\u0131n 4-d\u0259 Fransa Prezidenti Emmanuel Makronun t\u0259\u015f\u0259bb\u00fcs\u00fc il\u0259 Az\u0259rbaycan Prezidenti \u0130lham \u018fliyevin, Avropa \u0130ttifaq\u0131 \u015euras\u0131n\u0131n Prezidenti \u015earl Mi\u015felin v\u0259 Erm\u0259nistan ba\u015f naziri Nikol Pa\u015finyan\u0131n i\u015ftirak\u0131 il\u0259 videoformatda g\u00f6r\u00fc\u015f ke\u00e7irilib. G\u00f6r\u00fc\u015fd\u0259 UNESCO missiyas\u0131n\u0131n Az\u0259rbaycana v\u0259 Erm\u0259nistana g\u00f6nd\u0259rilm\u0259sin\u0259 dair raz\u0131l\u0131q ifad\u0259 edilib. Ancaq UNESCO dey\u0259s\u0259n erm\u0259ni lobbisinin t\u0259sirin\u0259 d\u00fc\u015f\u0259r\u0259k h\u0259r yerd\u0259 \u201cm\u0259hv edilmi\u015f erm\u0259ni m\u0259d\u0259ni irsi\u201d axtarma\u011fa \u00e7al\u0131\u015f\u0131r. Bax, bu, Erm\u0259nistan\u0131n ba\u015f\u0131nda s\u00fcni \u015f\u0259kild\u0259 \u201cbuynuz&hellip;<\/p>\n","protected":false},"author":2,"featured_media":439772,"comment_status":"closed","ping_status":"closed","sticky":false,"template":"","format":"standard","meta":{"om_disable_all_campaigns":false,"_monsterinsights_skip_tracking":false,"_monsterinsights_sitenote_active":false,"_monsterinsights_sitenote_note":"","_monsterinsights_sitenote_category":0},"categories":[4],"tags":[],"aioseo_notices":[],"gutentor_comment":0,"rttpg_featured_image_url":{"full":["https:\/\/arantv.az\/wp-content\/uploads\/2022\/02\/rfrfrf.jpg",620,413,false],"landscape":["https:\/\/arantv.az\/wp-content\/uploads\/2022\/02\/rfrfrf.jpg",620,413,false],"portraits":["https:\/\/arantv.az\/wp-content\/uploads\/2022\/02\/rfrfrf.jpg",620,413,false],"thumbnail":["https:\/\/arantv.az\/wp-content\/uploads\/2022\/02\/rfrfrf-500x280.jpg",500,280,true],"medium":["https:\/\/arantv.az\/wp-content\/uploads\/2022\/02\/rfrfrf-548x365.jpg",548,365,true],"large":["https:\/\/arantv.az\/wp-content\/uploads\/2022\/02\/rfrfrf.jpg",620,413,false],"1536x1536":["https:\/\/arantv.az\/wp-content\/uploads\/2022\/02\/rfrfrf.jpg",620,413,false],"2048x2048":["https:\/\/arantv.az\/wp-content\/uploads\/2022\/02\/rfrfrf.jpg",620,413,false],"post-thumbnail":["https:\/\/arantv.az\/wp-content\/uploads\/2022\/02\/rfrfrf-240x172.jpg",240,172,true],"advps-thumb-one":["https:\/\/arantv.az\/wp-content\/uploads\/2022\/02\/rfrfrf.jpg",620,413,false]},"rttpg_author":{"display_name":"V\u00fcsal Rafiqo\u011flu","author_link":"https:\/\/arantv.az\/?author=2"},"rttpg_comment":0,"rttpg_category":"<a href=\"https:\/\/arantv.az\/?cat=4\" rel=\"category\">Siyas\u0259t<\/a>","rttpg_excerpt":"Erm\u0259nistan UNESCO missiyas\u0131n\u0131n Az\u0259rbaycan\u0131n i\u015f\u011faldan azad edilmi\u015f \u0259razil\u0259rin\u0259 s\u0259f\u0259ri il\u0259 ba\u011fl\u0131 manipulyasiya ed\u0259r\u0259k yenid\u0259n \u201cbuynuz\u201d \u00e7\u0131xarma\u011fa \u00e7al\u0131\u015f\u0131r. Bu \u201cbuynuzu\u201d s\u00fcni yolla \u0259k\u0259n add\u0131mlara ke\u00e7m\u0259zd\u0259n \u00f6nc\u0259 xat\u0131rladaq ki, fevral\u0131n 4-d\u0259 Fransa Prezidenti Emmanuel Makronun t\u0259\u015f\u0259bb\u00fcs\u00fc il\u0259 Az\u0259rbaycan Prezidenti \u0130lham \u018fliyevin, Avropa \u0130ttifaq\u0131 \u015euras\u0131n\u0131n Prezidenti \u015earl Mi\u015felin v\u0259 Erm\u0259nistan ba\u015f naziri Nikol Pa\u015finyan\u0131n i\u015ftirak\u0131 il\u0259 videoformatda g\u00f6r\u00fc\u015f&hellip;","_links":{"self":[{"href":"https:\/\/arantv.az\/index.php?rest_route=\/wp\/v2\/posts\/439771"}],"collection":[{"href":"https:\/\/arantv.az\/index.php?rest_route=\/wp\/v2\/posts"}],"about":[{"href":"https:\/\/arantv.az\/index.php?rest_route=\/wp\/v2\/types\/post"}],"author":[{"embeddable":true,"href":"https:\/\/arantv.az\/index.php?rest_route=\/wp\/v2\/users\/2"}],"replies":[{"embeddable":true,"href":"https:\/\/arantv.az\/index.php?rest_route=%2Fwp%2Fv2%2Fcomments&post=439771"}],"version-history":[{"count":0,"href":"https:\/\/arantv.az\/index.php?rest_route=\/wp\/v2\/posts\/439771\/revisions"}],"wp:featuredmedia":[{"embeddable":true,"href":"https:\/\/arantv.az\/index.php?rest_route=\/wp\/v2\/media\/439772"}],"wp:attachment":[{"href":"https:\/\/arantv.az\/index.php?rest_route=%2Fwp%2Fv2%2Fmedia&parent=439771"}],"wp:term":[{"taxonomy":"category","embeddable":true,"href":"https:\/\/arantv.az\/index.php?rest_route=%2Fwp%2Fv2%2Fcategories&post=439771"},{"taxonomy":"post_tag","embeddable":true,"href":"https:\/\/arantv.az\/index.php?rest_route=%2Fwp%2Fv2%2Ftags&post=439771"}],"curies":[{"name":"wp","href":"https:\/\/api.w.org\/{rel}","templated":true}]}}