{"id":440032,"date":"2022-02-17T07:42:42","date_gmt":"2022-02-17T04:42:42","guid":{"rendered":"http:\/\/arantv.az\/?p=440032"},"modified":"2022-02-17T07:42:42","modified_gmt":"2022-02-17T04:42:42","slug":"ramiz-mehdiyevin-gedisi-gost%c9%99rdi-ki-deputatdan-m%c9%99murlara-mesaj","status":"publish","type":"post","link":"https:\/\/arantv.az\/?p=440032","title":{"rendered":"\u201cRamiz Mehdiyevin gedi\u015fi g\u00f6st\u0259rdi ki&#8230;\u201d &#8211; deputatdan m\u0259murlara mesaj"},"content":{"rendered":"<h3><strong>\u201cK\u00f6hn\u0259 \u0259yyamlar\u0131n d\u00fc\u015f\u00fcnc\u0259sind\u0259 olanlar fikirl\u0259\u015fm\u0259sinl\u0259r ki, onlara kims\u0259 toxuna bilm\u0259z\u201d<\/strong><\/h3>\n<p><em>AMEA prezidenti Ramiz Mehdiyevin karantin d\u00f6vr\u00fcnd\u0259 qaydalar\u0131 pozub n\u0259v\u0259sin\u0259 toy etm\u0259kl\u0259 ba\u015flam\u0131\u015f h\u0259ngam\u0259 onun akademiyadak\u0131 f\u0259aliyy\u0259tin\u0259 q\u0259d\u0259r uzanm\u0131\u015f bir proses oldu. N\u0259tic\u0259 etibar\u0131 il\u0259 deputatlar\u0131n, aliml\u0259rin \u00e7a\u011f\u0131r\u0131\u015flar\u0131na s\u0259s ver\u0259n Mehdiyev istefa q\u0259rar\u0131n\u0131 a\u00e7\u0131qlad\u0131. \u0130ndi AMEA r\u0259hb\u0259ri g\u00f6zl\u0259yir ki, prezident onun \u0259riz\u0259sini q\u0259bul ed\u0259r\u0259k t\u0259sdiql\u0259sin v\u0259 v\u0259zif\u0259si il\u0259 r\u0259smi \u015f\u0259kild\u0259 vidala\u015fs\u0131n. \u201cYeni M\u00fcsavat\u201d yaz\u0131r ki, o, buna q\u0259d\u0259r akademiyadak\u0131 kabinetind\u0259dir v\u0259 i\u015fini davam etdirir. Onun istefas\u0131n\u0131n q\u0259bul olunaca\u011f\u0131 ehtimal\u0131 y\u00fcks\u0259kdir v\u0259 b\u0259lk\u0259 d\u0259 saatlar qal\u0131b ki, Mehdiyev AMEA-dan, b\u00fct\u00f6vl\u00fckd\u0259 \u00f6lk\u0259nin siyasi s\u0259hn\u0259sind\u0259n bird\u0259f\u0259lik getsin.<\/em><\/p>\n<p>Amma Prezident Administrasiyas\u0131n\u0131n uzun ill\u0259r r\u0259hb\u0259ri olmu\u015f bir m\u0259murun bu \u015f\u0259kild\u0259 gedi\u015fi \u00e7oxlu suallar do\u011furdu, d\u00fc\u015f\u00fcnm\u0259k \u00fc\u00e7\u00fcn \u0259saslar yaratd\u0131. O \u0259saslar ki, haz\u0131rda y\u00fcks\u0259k v\u0259zif\u0259 tutan \u015f\u0259xsl\u0259r fikirl\u0259\u015fm\u0259li olacaqlar &#8211; Mehdiyev kimi iri fiqur bel\u0259 ba\u011f\u0131\u015flanmad\u0131sa, bu t\u0259rzd\u0259 yola sal\u0131nd\u0131sa, sabah biz\u0259 hans\u0131 m\u00fcnasib\u0259t s\u0259rgil\u0259n\u0259 bil\u0259r?! Bel\u0259 des\u0259k, \u201cMehdiyevi bir q\u0259l\u0259md\u0259 silib atan sistem g\u00f6r biz\u0259 n\u0259 ed\u0259r\u201d d\u00fc\u015f\u00fcnc\u0259si beyinl\u0259r\u0259 hakimdirmi, g\u00f6r\u0259s\u0259n, yoxsa sabiq PA r\u0259hb\u0259rinin m\u0259s\u0259l\u0259si tamamil\u0259 ba\u015fqad\u0131r, m\u00f6t\u0259riz\u0259d\u0259 qeyd olunmal\u0131d\u0131r?<\/p>\n<p><strong>Deputat Elman N\u0259sirov \u201cYeni M\u00fcsavat\u201da a\u00e7\u0131qlamas\u0131nda R. Mehdiyevin siyasi s\u0259hn\u0259ni t\u0259rk etm\u0259sinin 2019-cu ild\u0259 ba\u015f verdiyini vur\u011fulad\u0131. Onun s\u00f6zl\u0259rin\u0259 g\u00f6r\u0259, Mehdiyev \u00e7oxdan bu siyasi s\u0259hn\u0259d\u0259n gedib v\u0259 akademiyadan gedi\u015find\u0259 d\u0259 siyasi motiv axtarmaq laz\u0131m deyil:<\/strong>\u00a0\u201cSad\u0259c\u0259, tan\u0131nm\u0131\u015f ziyal\u0131lar\u0131n, elm adamlar\u0131n\u0131n, parlamentaril\u0259rin ortaq m\u00f6vqeyi ondan ibar\u0259t idi ki, AMEA-da elmi m\u00fchit yoxdur. Bu \u00e7a\u011f\u0131r\u0131\u015flar artd\u0131qca qar\u015f\u0131durma d\u0259rinl\u0259\u015firdi. Odur ki, situasiyan\u0131 d\u00fczg\u00fcn qiym\u0259tl\u0259ndirdi, qar\u015f\u0131durmaya getm\u0259d\u0259n istefa verdi. Onun xidm\u0259tl\u0259ri d\u0259 olub, h\u0259min xidm\u0259tl\u0259rin\u0259 g\u00f6r\u0259 v\u0259zif\u0259y\u0259 t\u0259yin olunmu\u015fdu. C\u0259nab \u0130lham \u018fliyevin bu fikrini he\u00e7 bir m\u0259mur unutmamal\u0131d\u0131r &#8211; vaxtil\u0259 xidm\u0259t g\u00f6st\u0259rmi\u015f \u015f\u0259xsl\u0259r d\u00fc\u015f\u00fcnm\u0259sinl\u0259r ki, x\u00fcsusi imtiyazlar\u0131, toxunulmazl\u0131qlar\u0131 var. Q\u0259tiyy\u0259n bel\u0259 deyil. Hans\u0131 xidm\u0259tl\u0259ri g\u00f6st\u0259ribl\u0259rs\u0259 m\u00fckafatlan\u0131blar, kiml\u0259rs\u0259 onlara borclu deyil\u201d.<\/p>\n<p><strong>E.N\u0259sirov hesab edir ki, h\u0259r g\u00fcn d\u00f6vl\u0259t\u0259 v\u0259 d\u00f6vl\u0259t\u00e7iliy\u0259, xalqa l\u0259yaq\u0259tl\u0259 xidm\u0259t etm\u0259k laz\u0131md\u0131r:<\/strong>\u00a0\u201cBu, prezidentin m\u0259murlar qar\u015f\u0131s\u0131nda qoydu\u011fu v\u0259zif\u0259dir. O bax\u0131mdan Ramiz Mehdiyevin gedi\u015fi g\u00f6st\u0259rdi ki, kims\u0259 ke\u00e7mi\u015f xidm\u0259tl\u0259rin\u0259 g\u00f6r\u0259 arxay\u0131n olmas\u0131n. Siyasi elitada k\u00f6hn\u0259 \u0259yyamlar\u0131n d\u00fc\u015f\u00fcnc\u0259sind\u0259 olanlar fikirl\u0259\u015fm\u0259sinl\u0259r ki, onlara kims\u0259 toxuna bilm\u0259z, tamamil\u0259 yanl\u0131\u015f yana\u015fmad\u0131r. \u018fksin\u0259, kiml\u0259r bu d\u00fc\u015f\u00fcnc\u0259y\u0259 qap\u0131l\u0131rsa, g\u0259l\u0259c\u0259k talel\u0259rini m\u00fc\u0259yy\u0259n edirl\u0259r. Bir daha c\u0259nab prezidentin m\u00f6vqeyini xat\u0131rlad\u0131ram ki, \u00e7irkin niyy\u0259tl\u0259ri olan \u00f6z xo\u015flu\u011fu il\u0259 istefa versin, \u00f6z\u00fcn\u00fc b\u0259db\u0259xt etm\u0259sin, d\u0259mirbarmaql\u0131qlar aras\u0131na d\u00fc\u015fm\u0259sin. O m\u0259murlar v\u0259zif\u0259d\u0259 qalacaqlar ki, ali r\u0259hb\u0259rliyin etimad\u0131n\u0131 do\u011fruldurlar. Etimad\u0131 do\u011frultmaq is\u0259 xalqa xidm\u0259tdir. Get, xalq\u0131n i\u00e7ind\u0259 ol, mill\u0259tin \u00fczl\u0259\u015fdiyi probleml\u0259ri h\u0259ll el\u0259. Y\u0259ni \u00e7ox ayd\u0131n mesajd\u0131r. G\u00f6r\u00fcn\u00fcr, b\u0259zi adamlar sa\u011flam m\u00fchakim\u0259 qabiliyy\u0259tini itirirl\u0259r. \u201dG\u00fcnahkar \u00f6z\u00fcm\u0259m&#8221; n\u0259tic\u0259sini hadis\u0259 olana q\u0259d\u0259r d\u0259rk etm\u0259k laz\u0131md\u0131r&#8221;.<\/p>\n","protected":false},"excerpt":{"rendered":"<p>\u201cK\u00f6hn\u0259 \u0259yyamlar\u0131n d\u00fc\u015f\u00fcnc\u0259sind\u0259 olanlar fikirl\u0259\u015fm\u0259sinl\u0259r ki, onlara kims\u0259 toxuna bilm\u0259z\u201d AMEA prezidenti Ramiz Mehdiyevin karantin d\u00f6vr\u00fcnd\u0259 qaydalar\u0131 pozub n\u0259v\u0259sin\u0259 toy etm\u0259kl\u0259 ba\u015flam\u0131\u015f h\u0259ngam\u0259 onun akademiyadak\u0131 f\u0259aliyy\u0259tin\u0259 q\u0259d\u0259r uzanm\u0131\u015f bir proses oldu. N\u0259tic\u0259 etibar\u0131 il\u0259 deputatlar\u0131n, aliml\u0259rin \u00e7a\u011f\u0131r\u0131\u015flar\u0131na s\u0259s ver\u0259n Mehdiyev istefa q\u0259rar\u0131n\u0131 a\u00e7\u0131qlad\u0131. \u0130ndi AMEA r\u0259hb\u0259ri g\u00f6zl\u0259yir ki, prezident onun \u0259riz\u0259sini q\u0259bul ed\u0259r\u0259k t\u0259sdiql\u0259sin v\u0259 v\u0259zif\u0259si il\u0259 r\u0259smi \u015f\u0259kild\u0259 vidala\u015fs\u0131n. \u201cYeni M\u00fcsavat\u201d yaz\u0131r ki, o, buna q\u0259d\u0259r akademiyadak\u0131 kabinetind\u0259dir v\u0259 i\u015fini davam etdirir. Onun istefas\u0131n\u0131n q\u0259bul olunaca\u011f\u0131 ehtimal\u0131 y\u00fcks\u0259kdir v\u0259 b\u0259lk\u0259 d\u0259 saatlar qal\u0131b ki, Mehdiyev AMEA-dan, b\u00fct\u00f6vl\u00fckd\u0259 \u00f6lk\u0259nin siyasi&hellip;<\/p>\n","protected":false},"author":2,"featured_media":440033,"comment_status":"closed","ping_status":"closed","sticky":false,"template":"","format":"standard","meta":{"om_disable_all_campaigns":false,"_monsterinsights_skip_tracking":false,"_monsterinsights_sitenote_active":false,"_monsterinsights_sitenote_note":"","_monsterinsights_sitenote_category":0},"categories":[4],"tags":[],"aioseo_notices":[],"gutentor_comment":0,"rttpg_featured_image_url":{"full":["https:\/\/arantv.az\/wp-content\/uploads\/2022\/02\/81c26a2bd7cf1e999ceb760a0beee00f.jpg",450,300,false],"landscape":["https:\/\/arantv.az\/wp-content\/uploads\/2022\/02\/81c26a2bd7cf1e999ceb760a0beee00f.jpg",450,300,false],"portraits":["https:\/\/arantv.az\/wp-content\/uploads\/2022\/02\/81c26a2bd7cf1e999ceb760a0beee00f.jpg",450,300,false],"thumbnail":["https:\/\/arantv.az\/wp-content\/uploads\/2022\/02\/81c26a2bd7cf1e999ceb760a0beee00f-450x280.jpg",450,280,true],"medium":["https:\/\/arantv.az\/wp-content\/uploads\/2022\/02\/81c26a2bd7cf1e999ceb760a0beee00f.jpg",450,300,false],"large":["https:\/\/arantv.az\/wp-content\/uploads\/2022\/02\/81c26a2bd7cf1e999ceb760a0beee00f.jpg",450,300,false],"1536x1536":["https:\/\/arantv.az\/wp-content\/uploads\/2022\/02\/81c26a2bd7cf1e999ceb760a0beee00f.jpg",450,300,false],"2048x2048":["https:\/\/arantv.az\/wp-content\/uploads\/2022\/02\/81c26a2bd7cf1e999ceb760a0beee00f.jpg",450,300,false],"post-thumbnail":["https:\/\/arantv.az\/wp-content\/uploads\/2022\/02\/81c26a2bd7cf1e999ceb760a0beee00f-240x172.jpg",240,172,true],"advps-thumb-one":["https:\/\/arantv.az\/wp-content\/uploads\/2022\/02\/81c26a2bd7cf1e999ceb760a0beee00f.jpg",450,300,false]},"rttpg_author":{"display_name":"V\u00fcsal Rafiqo\u011flu","author_link":"https:\/\/arantv.az\/?author=2"},"rttpg_comment":0,"rttpg_category":"<a href=\"https:\/\/arantv.az\/?cat=4\" rel=\"category\">Siyas\u0259t<\/a>","rttpg_excerpt":"\u201cK\u00f6hn\u0259 \u0259yyamlar\u0131n d\u00fc\u015f\u00fcnc\u0259sind\u0259 olanlar fikirl\u0259\u015fm\u0259sinl\u0259r ki, onlara kims\u0259 toxuna bilm\u0259z\u201d AMEA prezidenti Ramiz Mehdiyevin karantin d\u00f6vr\u00fcnd\u0259 qaydalar\u0131 pozub n\u0259v\u0259sin\u0259 toy etm\u0259kl\u0259 ba\u015flam\u0131\u015f h\u0259ngam\u0259 onun akademiyadak\u0131 f\u0259aliyy\u0259tin\u0259 q\u0259d\u0259r uzanm\u0131\u015f bir proses oldu. N\u0259tic\u0259 etibar\u0131 il\u0259 deputatlar\u0131n, aliml\u0259rin \u00e7a\u011f\u0131r\u0131\u015flar\u0131na s\u0259s ver\u0259n Mehdiyev istefa q\u0259rar\u0131n\u0131 a\u00e7\u0131qlad\u0131. \u0130ndi AMEA r\u0259hb\u0259ri g\u00f6zl\u0259yir ki, prezident onun \u0259riz\u0259sini q\u0259bul ed\u0259r\u0259k t\u0259sdiql\u0259sin v\u0259&hellip;","_links":{"self":[{"href":"https:\/\/arantv.az\/index.php?rest_route=\/wp\/v2\/posts\/440032"}],"collection":[{"href":"https:\/\/arantv.az\/index.php?rest_route=\/wp\/v2\/posts"}],"about":[{"href":"https:\/\/arantv.az\/index.php?rest_route=\/wp\/v2\/types\/post"}],"author":[{"embeddable":true,"href":"https:\/\/arantv.az\/index.php?rest_route=\/wp\/v2\/users\/2"}],"replies":[{"embeddable":true,"href":"https:\/\/arantv.az\/index.php?rest_route=%2Fwp%2Fv2%2Fcomments&post=440032"}],"version-history":[{"count":0,"href":"https:\/\/arantv.az\/index.php?rest_route=\/wp\/v2\/posts\/440032\/revisions"}],"wp:featuredmedia":[{"embeddable":true,"href":"https:\/\/arantv.az\/index.php?rest_route=\/wp\/v2\/media\/440033"}],"wp:attachment":[{"href":"https:\/\/arantv.az\/index.php?rest_route=%2Fwp%2Fv2%2Fmedia&parent=440032"}],"wp:term":[{"taxonomy":"category","embeddable":true,"href":"https:\/\/arantv.az\/index.php?rest_route=%2Fwp%2Fv2%2Fcategories&post=440032"},{"taxonomy":"post_tag","embeddable":true,"href":"https:\/\/arantv.az\/index.php?rest_route=%2Fwp%2Fv2%2Ftags&post=440032"}],"curies":[{"name":"wp","href":"https:\/\/api.w.org\/{rel}","templated":true}]}}