{"id":440047,"date":"2022-02-17T07:48:53","date_gmt":"2022-02-17T04:48:53","guid":{"rendered":"http:\/\/arantv.az\/?p=440047"},"modified":"2022-02-17T07:48:53","modified_gmt":"2022-02-17T04:48:53","slug":"xocali-soyqrimina-h%c9%99sr-olunmus-futbol-turnirin%c9%99-start-verildi","status":"publish","type":"post","link":"https:\/\/arantv.az\/?p=440047","title":{"rendered":"Xocal\u0131 soyqr\u0131m\u0131na h\u0259sr olunmu\u015f futbol turnirin\u0259 start verildi"},"content":{"rendered":"<p>\u015e\u0259mkir rayonunda Xocal\u0131 soyq\u0131r\u0131m\u0131n\u0131n 30-cu ild\u00f6n\u00fcm\u00fc il\u0259 \u0259laq\u0259dar silsil\u0259 t\u0259dbirl\u0259r \u00e7\u0259r\u00e7iv\u0259sind\u0259 rayon G\u0259ncl\u0259r v\u0259 \u0130dman \u0130dar\u0259sinin\u00a0 t\u0259\u015fkilat\u00e7\u0131l\u0131\u011f\u0131 il\u0259 \u0130deal Arenada ke\u00e7iril\u0259n futbol turnirin\u0259 start verilib.<\/p>\n<p>\u015e\u0259mkir Rayon \u0130cra Hakimiyy\u0259tinin ba\u015f\u00e7\u0131s\u0131 R\u0259\u015fad Ta\u011f\u0131yevin d\u0259 i\u015ftirak etdiyi turnirin a\u00e7\u0131l\u0131\u015f m\u0259rasimi D\u00f6vl\u0259t Himninin s\u0259sl\u0259ndirilm\u0259si v\u0259 \u015f\u0259hidl\u0259rimizin \u0259ziz xatir\u0259sinin bir d\u0259qiq\u0259lik s\u00fckutla yad edilm\u0259si il\u0259 ba\u015flay\u0131b.<\/p>\n<p>T\u0259dbird\u0259 \u015e\u0259mkir R\u0130H ba\u015f\u00e7\u0131s\u0131 R\u0259\u015fad Ta\u011f\u0131yev \u00e7\u0131x\u0131\u015f ed\u0259r\u0259k t\u0259kc\u0259 Az\u0259rbaycan tarixinin deyil, b\u0259\u015f\u0259r tarixinin \u0259n d\u0259h\u015f\u0259tli faci\u0259l\u0259rind\u0259n biri olan Xocal\u0131 soyq\u0131r\u0131m\u0131 haqq\u0131nda m\u0259lumat verib: \u201cYa\u015fl\u0131lar\u0131n, u\u015faqlar\u0131n, qad\u0131nlar\u0131n k\u00fctl\u0259vi sur\u0259td\u0259 q\u0259tl\u0259 yetirilm\u0259si Xocal\u0131da soyq\u0131r\u0131m akt\u0131 t\u00f6r\u0259dildiyini \u0259yani sur\u0259td\u0259 s\u00fcbut edir. Az\u0259rbaycan xalq\u0131 tarixi torpaqlar\u0131ndan qovulmu\u015f, qa\u00e7q\u0131na, m\u0259cburi k\u00f6\u00e7k\u00fcn\u0259 \u00e7evrilmi\u015f v\u0259 b\u00fct\u00fcn bunlar erm\u0259nil\u0259r t\u0259r\u0259find\u0259n k\u00fctl\u0259vi q\u0131r\u011f\u0131nlarla m\u00fc\u015fayi\u0259t olunmu\u015fdur.\u201d<\/p>\n<p>Xocal\u0131 haqq\u0131nda h\u0259qiq\u0259tin d\u00fcnyada bilinm\u0259si, bu faci\u0259nin xalq\u0131m\u0131za qar\u015f\u0131 soyq\u0131r\u0131m\u0131 akt\u0131 kimi tan\u0131nmas\u0131 \u00fc\u00e7\u00fcn Az\u0259rbaycan d\u00f6vl\u0259tinin b\u00fct\u00fcn z\u0259ruri add\u0131mlar\u0131 atd\u0131\u011f\u0131n\u0131 qeyd ed\u0259n R\u0259\u015fad Ta\u011f\u0131yev \u00dcmummilli Lider Heyd\u0259r \u018fliyevin \u00f6lk\u0259 r\u0259hb\u0259rliyin\u0259 qay\u0131d\u0131\u015f\u0131ndan sonra \u00f6lk\u0259mizin informasiya blokadas\u0131ndan \u00e7\u0131xaraq, Az\u0259rbaycan h\u0259qiq\u0259tl\u0259rinin, o c\u00fcml\u0259d\u0259n, Xocal\u0131 soyq\u0131r\u0131m\u0131n\u0131n d\u00fcnya ictimaiyy\u0259tin\u0259 \u00e7atd\u0131r\u0131lmas\u0131n\u0131 x\u00fcsusil\u0259 vur\u011fulay\u0131b: \u201c Haz\u0131rda da Az\u0259rbaycan Respublikas\u0131n\u0131n Prezidenti c\u0259nab \u0130lham \u018fliyevin r\u0259hb\u0259rliyi il\u0259 d\u00f6vl\u0259t qurumlar\u0131, v\u0259t\u0259nda\u015flar\u0131m\u0131z, xaricd\u0259ki soyda\u015flar\u0131m\u0131z t\u0259r\u0259find\u0259n Xocal\u0131 h\u0259qiq\u0259tl\u0259rinin d\u00fcnyaya \u00e7atd\u0131r\u0131lmas\u0131, onun \u0259sl soyq\u0131r\u0131m\u0131 akt\u0131 kimi tan\u0131d\u0131lmas\u0131 istiqam\u0259tind\u0259 m\u00fch\u00fcm add\u0131mlar\u00a0 at\u0131l\u0131r\u201d.<\/p>\n<p>T\u0259dbirin r\u0259smi hiss\u0259sind\u0259n sonra yar\u0131\u015flara start verilib, rayon G\u0259ncl\u0259r \u0130dman \u0130dar\u0259sinin r\u0259isi Emin \u0130smay\u0131lov turnirin m\u0259qs\u0259dind\u0259n dan\u0131\u015f\u0131b, qaydalar haqda m\u0259lumat verib.<\/p>\n<p>Bildirilib ki, \u015e\u0259mkir Rayon G\u0259ncl\u0259r v\u0259 \u0130dman \u0130dar\u0259sinin t\u0259\u015fkilat\u00e7\u0131l\u0131\u011f\u0131 il\u0259 ke\u00e7iril\u0259n yar\u0131\u015fda idar\u0259nin n\u0259zdind\u0259 f\u0259aliyy\u0259t g\u00f6st\u0259r\u0259n U\u015faq G\u0259ncl\u0259r \u0130dman M\u0259kt\u0259binin 12 komandas\u0131 iki qrupda m\u00fcbariz\u0259 apar\u0131r.<\/p>\n<p>Final m\u0259rh\u0259l\u0259si fevral ay\u0131n\u0131n 16-da ke\u00e7iril\u0259c\u0259k, qalib komandaya kubok, medal v\u0259 diplomlar t\u0259qdim edil\u0259c\u0259k.<\/p>\n<p><img loading=\"lazy\" src=\"http:\/\/shamkir-ih.gov.az\/userfiles\/images\/2296-2.jpg\" alt=\"\" width=\"650\" height=\"434\" \/><\/p>\n<p><img loading=\"lazy\" src=\"http:\/\/shamkir-ih.gov.az\/userfiles\/images\/2296-3.jpg\" alt=\"\" width=\"650\" height=\"434\" \/><\/p>\n<p><img loading=\"lazy\" src=\"http:\/\/shamkir-ih.gov.az\/userfiles\/images\/2296-4.jpg\" alt=\"\" width=\"650\" height=\"434\" \/><\/p>\n<p><img loading=\"lazy\" src=\"http:\/\/shamkir-ih.gov.az\/userfiles\/images\/2296-5.jpg\" alt=\"\" width=\"650\" height=\"434\" \/><\/p>\n<p><img loading=\"lazy\" src=\"http:\/\/shamkir-ih.gov.az\/userfiles\/images\/2296-6.jpg\" alt=\"\" width=\"650\" height=\"434\" \/><\/p>\n","protected":false},"excerpt":{"rendered":"<p>\u015e\u0259mkir rayonunda Xocal\u0131 soyq\u0131r\u0131m\u0131n\u0131n 30-cu ild\u00f6n\u00fcm\u00fc il\u0259 \u0259laq\u0259dar silsil\u0259 t\u0259dbirl\u0259r \u00e7\u0259r\u00e7iv\u0259sind\u0259 rayon G\u0259ncl\u0259r v\u0259 \u0130dman \u0130dar\u0259sinin\u00a0 t\u0259\u015fkilat\u00e7\u0131l\u0131\u011f\u0131 il\u0259 \u0130deal Arenada ke\u00e7iril\u0259n futbol turnirin\u0259 start verilib. \u015e\u0259mkir Rayon \u0130cra Hakimiyy\u0259tinin ba\u015f\u00e7\u0131s\u0131 R\u0259\u015fad Ta\u011f\u0131yevin d\u0259 i\u015ftirak etdiyi turnirin a\u00e7\u0131l\u0131\u015f m\u0259rasimi D\u00f6vl\u0259t Himninin s\u0259sl\u0259ndirilm\u0259si v\u0259 \u015f\u0259hidl\u0259rimizin \u0259ziz xatir\u0259sinin bir d\u0259qiq\u0259lik s\u00fckutla yad edilm\u0259si il\u0259 ba\u015flay\u0131b. T\u0259dbird\u0259 \u015e\u0259mkir R\u0130H ba\u015f\u00e7\u0131s\u0131 R\u0259\u015fad Ta\u011f\u0131yev \u00e7\u0131x\u0131\u015f ed\u0259r\u0259k t\u0259kc\u0259 Az\u0259rbaycan tarixinin deyil, b\u0259\u015f\u0259r tarixinin \u0259n d\u0259h\u015f\u0259tli faci\u0259l\u0259rind\u0259n biri olan Xocal\u0131 soyq\u0131r\u0131m\u0131 haqq\u0131nda m\u0259lumat verib: \u201cYa\u015fl\u0131lar\u0131n, u\u015faqlar\u0131n, qad\u0131nlar\u0131n k\u00fctl\u0259vi sur\u0259td\u0259 q\u0259tl\u0259 yetirilm\u0259si Xocal\u0131da soyq\u0131r\u0131m akt\u0131 t\u00f6r\u0259dildiyini \u0259yani sur\u0259td\u0259 s\u00fcbut&hellip;<\/p>\n","protected":false},"author":2,"featured_media":440048,"comment_status":"closed","ping_status":"closed","sticky":false,"template":"","format":"standard","meta":{"om_disable_all_campaigns":false,"_monsterinsights_skip_tracking":false,"_monsterinsights_sitenote_active":false,"_monsterinsights_sitenote_note":"","_monsterinsights_sitenote_category":0},"categories":[2],"tags":[],"aioseo_notices":[],"gutentor_comment":0,"rttpg_featured_image_url":{"full":["https:\/\/arantv.az\/wp-content\/uploads\/2022\/02\/2296-1.jpg",1024,683,false],"landscape":["https:\/\/arantv.az\/wp-content\/uploads\/2022\/02\/2296-1.jpg",1024,683,false],"portraits":["https:\/\/arantv.az\/wp-content\/uploads\/2022\/02\/2296-1.jpg",1024,683,false],"thumbnail":["https:\/\/arantv.az\/wp-content\/uploads\/2022\/02\/2296-1-500x280.jpg",500,280,true],"medium":["https:\/\/arantv.az\/wp-content\/uploads\/2022\/02\/2296-1-547x365.jpg",547,365,true],"large":["https:\/\/arantv.az\/wp-content\/uploads\/2022\/02\/2296-1-840x560.jpg",640,427,true],"1536x1536":["https:\/\/arantv.az\/wp-content\/uploads\/2022\/02\/2296-1.jpg",1024,683,false],"2048x2048":["https:\/\/arantv.az\/wp-content\/uploads\/2022\/02\/2296-1.jpg",1024,683,false],"post-thumbnail":["https:\/\/arantv.az\/wp-content\/uploads\/2022\/02\/2296-1-240x172.jpg",240,172,true],"advps-thumb-one":["https:\/\/arantv.az\/wp-content\/uploads\/2022\/02\/2296-1-1024x620.jpg",1024,620,true]},"rttpg_author":{"display_name":"V\u00fcsal Rafiqo\u011flu","author_link":"https:\/\/arantv.az\/?author=2"},"rttpg_comment":0,"rttpg_category":"<a href=\"https:\/\/arantv.az\/?cat=2\" rel=\"category\">Region X\u0259b\u0259rl\u0259ri<\/a>","rttpg_excerpt":"\u015e\u0259mkir rayonunda Xocal\u0131 soyq\u0131r\u0131m\u0131n\u0131n 30-cu ild\u00f6n\u00fcm\u00fc il\u0259 \u0259laq\u0259dar silsil\u0259 t\u0259dbirl\u0259r \u00e7\u0259r\u00e7iv\u0259sind\u0259 rayon G\u0259ncl\u0259r v\u0259 \u0130dman \u0130dar\u0259sinin\u00a0 t\u0259\u015fkilat\u00e7\u0131l\u0131\u011f\u0131 il\u0259 \u0130deal Arenada ke\u00e7iril\u0259n futbol turnirin\u0259 start verilib. \u015e\u0259mkir Rayon \u0130cra Hakimiyy\u0259tinin ba\u015f\u00e7\u0131s\u0131 R\u0259\u015fad Ta\u011f\u0131yevin d\u0259 i\u015ftirak etdiyi turnirin a\u00e7\u0131l\u0131\u015f m\u0259rasimi D\u00f6vl\u0259t Himninin s\u0259sl\u0259ndirilm\u0259si v\u0259 \u015f\u0259hidl\u0259rimizin \u0259ziz xatir\u0259sinin bir d\u0259qiq\u0259lik s\u00fckutla yad edilm\u0259si il\u0259 ba\u015flay\u0131b. T\u0259dbird\u0259 \u015e\u0259mkir R\u0130H&hellip;","_links":{"self":[{"href":"https:\/\/arantv.az\/index.php?rest_route=\/wp\/v2\/posts\/440047"}],"collection":[{"href":"https:\/\/arantv.az\/index.php?rest_route=\/wp\/v2\/posts"}],"about":[{"href":"https:\/\/arantv.az\/index.php?rest_route=\/wp\/v2\/types\/post"}],"author":[{"embeddable":true,"href":"https:\/\/arantv.az\/index.php?rest_route=\/wp\/v2\/users\/2"}],"replies":[{"embeddable":true,"href":"https:\/\/arantv.az\/index.php?rest_route=%2Fwp%2Fv2%2Fcomments&post=440047"}],"version-history":[{"count":0,"href":"https:\/\/arantv.az\/index.php?rest_route=\/wp\/v2\/posts\/440047\/revisions"}],"wp:featuredmedia":[{"embeddable":true,"href":"https:\/\/arantv.az\/index.php?rest_route=\/wp\/v2\/media\/440048"}],"wp:attachment":[{"href":"https:\/\/arantv.az\/index.php?rest_route=%2Fwp%2Fv2%2Fmedia&parent=440047"}],"wp:term":[{"taxonomy":"category","embeddable":true,"href":"https:\/\/arantv.az\/index.php?rest_route=%2Fwp%2Fv2%2Fcategories&post=440047"},{"taxonomy":"post_tag","embeddable":true,"href":"https:\/\/arantv.az\/index.php?rest_route=%2Fwp%2Fv2%2Ftags&post=440047"}],"curies":[{"name":"wp","href":"https:\/\/api.w.org\/{rel}","templated":true}]}}