{"id":440050,"date":"2022-02-17T07:49:51","date_gmt":"2022-02-17T04:49:51","guid":{"rendered":"http:\/\/arantv.az\/?p=440050"},"modified":"2022-02-17T07:49:51","modified_gmt":"2022-02-17T04:49:51","slug":"novb%c9%99ti-s%c9%99yyar-gorus-kur-q%c9%99s%c9%99b%c9%99sind%c9%99-kecirildi","status":"publish","type":"post","link":"https:\/\/arantv.az\/?p=440050","title":{"rendered":"N\u00f6vb\u0259ti s\u0259yyar g\u00f6r\u00fc\u015f K\u00fcr q\u0259s\u0259b\u0259sind\u0259 ke\u00e7irildi"},"content":{"rendered":"<p>\u015e\u0259mkir Rayon \u0130cra Hakimiyy\u0259tinin ba\u015f\u00e7\u0131s\u0131 R\u0259\u015fad Ta\u011f\u0131yev bu d\u0259f\u0259 K\u00fcr q\u0259s\u0259b\u0259 sakinl\u0259ri il\u0259 g\u00f6r\u00fc\u015f ke\u00e7irib.<\/p>\n<p>R\u0130H-in struktur r\u0259hb\u0259rl\u0259ri, \u015f\u00f6b\u0259 m\u00fcdirl\u0259rinin, m\u00fcavinl\u0259r, aidiyyat\u0131 idar\u0259, m\u00fc\u0259ssis\u0259 v\u0259 t\u0259\u015fkilat r\u0259hb\u0259rl\u0259rinin d\u0259 i\u015ftirak etdiyi g\u00f6r\u00fc\u015fd\u0259 sakinl\u0259rl\u0259 s\u00f6hb\u0259t ed\u0259n icra ba\u015f\u00e7\u0131s\u0131 bildirib ki, Az\u0259rbaycan Respublikas\u0131n\u0131n Prezidenti c\u0259nab \u0130lham \u018fliyevin tap\u015f\u0131r\u0131q v\u0259 t\u00f6vsiy\u0259l\u0259rin\u0259 uy\u011fun olaraq ke\u00e7iril\u0259n bel\u0259 g\u00f6r\u00fc\u015fl\u0259rin \u0259sas m\u0259qs\u0259di sakinl\u0259rin probleml\u0259rini yerind\u0259 \u00f6yr\u0259nm\u0259k v\u0259 onlar\u0131n operativ \u015f\u0259kild\u0259 h\u0259llin\u0259 nail olmaqd\u0131r.<\/p>\n<p>V\u0259t\u0259nda\u015flar t\u0259r\u0259find\u0259n q\u0259s\u0259b\u0259d\u0259 olan m\u00fcxt\u0259lif probleml\u0259r qald\u0131r\u0131l\u0131b, bir ne\u00e7\u0259 m\u0259s\u0259l\u0259 yerind\u0259c\u0259 h\u0259ll edilib, h\u0259lli vaxt t\u0259l\u0259b ed\u0259n m\u00fcraci\u0259tl\u0259r is\u0259 qeydiyyata g\u00f6t\u00fcr\u00fcl\u0259r\u0259k h\u0259ll olunmas\u0131 m\u0259qs\u0259di il\u0259 aidiyy\u0259ti t\u0259\u015fkilatlara t\u00f6vsiy\u0259 v\u0259 tap\u015f\u0131r\u0131qlar verilib.<br \/>\nR\u0259\u015fad Ta\u011f\u0131yev sakinl\u0259r t\u0259r\u0259find\u0259n qald\u0131r\u0131lan probleml\u0259r\u0259 yerind\u0259 bax\u0131\u015f ke\u00e7irib, oradak\u0131 v\u0259ziyy\u0259tl\u0259 tan\u0131\u015f olub.<\/p>\n<p><img loading=\"lazy\" src=\"http:\/\/shamkir-ih.gov.az\/userfiles\/images\/2297-2.jpg\" alt=\"\" width=\"650\" height=\"434\" \/><\/p>\n<p><img loading=\"lazy\" src=\"http:\/\/shamkir-ih.gov.az\/userfiles\/images\/2297-3.jpg\" alt=\"\" width=\"650\" height=\"434\" \/><\/p>\n<p><img loading=\"lazy\" src=\"http:\/\/shamkir-ih.gov.az\/userfiles\/images\/2297-4.jpg\" alt=\"\" width=\"650\" height=\"434\" \/><\/p>\n","protected":false},"excerpt":{"rendered":"<p>\u015e\u0259mkir Rayon \u0130cra Hakimiyy\u0259tinin ba\u015f\u00e7\u0131s\u0131 R\u0259\u015fad Ta\u011f\u0131yev bu d\u0259f\u0259 K\u00fcr q\u0259s\u0259b\u0259 sakinl\u0259ri il\u0259 g\u00f6r\u00fc\u015f ke\u00e7irib. R\u0130H-in struktur r\u0259hb\u0259rl\u0259ri, \u015f\u00f6b\u0259 m\u00fcdirl\u0259rinin, m\u00fcavinl\u0259r, aidiyyat\u0131 idar\u0259, m\u00fc\u0259ssis\u0259 v\u0259 t\u0259\u015fkilat r\u0259hb\u0259rl\u0259rinin d\u0259 i\u015ftirak etdiyi g\u00f6r\u00fc\u015fd\u0259 sakinl\u0259rl\u0259 s\u00f6hb\u0259t ed\u0259n icra ba\u015f\u00e7\u0131s\u0131 bildirib ki, Az\u0259rbaycan Respublikas\u0131n\u0131n Prezidenti c\u0259nab \u0130lham \u018fliyevin tap\u015f\u0131r\u0131q v\u0259 t\u00f6vsiy\u0259l\u0259rin\u0259 uy\u011fun olaraq ke\u00e7iril\u0259n bel\u0259 g\u00f6r\u00fc\u015fl\u0259rin \u0259sas m\u0259qs\u0259di sakinl\u0259rin probleml\u0259rini yerind\u0259 \u00f6yr\u0259nm\u0259k v\u0259 onlar\u0131n operativ \u015f\u0259kild\u0259 h\u0259llin\u0259 nail olmaqd\u0131r. V\u0259t\u0259nda\u015flar t\u0259r\u0259find\u0259n q\u0259s\u0259b\u0259d\u0259 olan m\u00fcxt\u0259lif probleml\u0259r qald\u0131r\u0131l\u0131b, bir ne\u00e7\u0259 m\u0259s\u0259l\u0259 yerind\u0259c\u0259 h\u0259ll edilib, h\u0259lli vaxt t\u0259l\u0259b ed\u0259n m\u00fcraci\u0259tl\u0259r is\u0259 qeydiyyata g\u00f6t\u00fcr\u00fcl\u0259r\u0259k h\u0259ll olunmas\u0131 m\u0259qs\u0259di il\u0259&hellip;<\/p>\n","protected":false},"author":2,"featured_media":440051,"comment_status":"closed","ping_status":"closed","sticky":false,"template":"","format":"standard","meta":{"om_disable_all_campaigns":false,"_monsterinsights_skip_tracking":false,"_monsterinsights_sitenote_active":false,"_monsterinsights_sitenote_note":"","_monsterinsights_sitenote_category":0},"categories":[2],"tags":[],"aioseo_notices":[],"gutentor_comment":0,"rttpg_featured_image_url":{"full":["https:\/\/arantv.az\/wp-content\/uploads\/2022\/02\/2297-1.jpg",1024,683,false],"landscape":["https:\/\/arantv.az\/wp-content\/uploads\/2022\/02\/2297-1.jpg",1024,683,false],"portraits":["https:\/\/arantv.az\/wp-content\/uploads\/2022\/02\/2297-1.jpg",1024,683,false],"thumbnail":["https:\/\/arantv.az\/wp-content\/uploads\/2022\/02\/2297-1-500x280.jpg",500,280,true],"medium":["https:\/\/arantv.az\/wp-content\/uploads\/2022\/02\/2297-1-547x365.jpg",547,365,true],"large":["https:\/\/arantv.az\/wp-content\/uploads\/2022\/02\/2297-1-840x560.jpg",640,427,true],"1536x1536":["https:\/\/arantv.az\/wp-content\/uploads\/2022\/02\/2297-1.jpg",1024,683,false],"2048x2048":["https:\/\/arantv.az\/wp-content\/uploads\/2022\/02\/2297-1.jpg",1024,683,false],"post-thumbnail":["https:\/\/arantv.az\/wp-content\/uploads\/2022\/02\/2297-1-240x172.jpg",240,172,true],"advps-thumb-one":["https:\/\/arantv.az\/wp-content\/uploads\/2022\/02\/2297-1-1024x620.jpg",1024,620,true]},"rttpg_author":{"display_name":"V\u00fcsal Rafiqo\u011flu","author_link":"https:\/\/arantv.az\/?author=2"},"rttpg_comment":0,"rttpg_category":"<a href=\"https:\/\/arantv.az\/?cat=2\" rel=\"category\">Region X\u0259b\u0259rl\u0259ri<\/a>","rttpg_excerpt":"\u015e\u0259mkir Rayon \u0130cra Hakimiyy\u0259tinin ba\u015f\u00e7\u0131s\u0131 R\u0259\u015fad Ta\u011f\u0131yev bu d\u0259f\u0259 K\u00fcr q\u0259s\u0259b\u0259 sakinl\u0259ri il\u0259 g\u00f6r\u00fc\u015f ke\u00e7irib. R\u0130H-in struktur r\u0259hb\u0259rl\u0259ri, \u015f\u00f6b\u0259 m\u00fcdirl\u0259rinin, m\u00fcavinl\u0259r, aidiyyat\u0131 idar\u0259, m\u00fc\u0259ssis\u0259 v\u0259 t\u0259\u015fkilat r\u0259hb\u0259rl\u0259rinin d\u0259 i\u015ftirak etdiyi g\u00f6r\u00fc\u015fd\u0259 sakinl\u0259rl\u0259 s\u00f6hb\u0259t ed\u0259n icra ba\u015f\u00e7\u0131s\u0131 bildirib ki, Az\u0259rbaycan Respublikas\u0131n\u0131n Prezidenti c\u0259nab \u0130lham \u018fliyevin tap\u015f\u0131r\u0131q v\u0259 t\u00f6vsiy\u0259l\u0259rin\u0259 uy\u011fun olaraq ke\u00e7iril\u0259n bel\u0259 g\u00f6r\u00fc\u015fl\u0259rin \u0259sas m\u0259qs\u0259di sakinl\u0259rin&hellip;","_links":{"self":[{"href":"https:\/\/arantv.az\/index.php?rest_route=\/wp\/v2\/posts\/440050"}],"collection":[{"href":"https:\/\/arantv.az\/index.php?rest_route=\/wp\/v2\/posts"}],"about":[{"href":"https:\/\/arantv.az\/index.php?rest_route=\/wp\/v2\/types\/post"}],"author":[{"embeddable":true,"href":"https:\/\/arantv.az\/index.php?rest_route=\/wp\/v2\/users\/2"}],"replies":[{"embeddable":true,"href":"https:\/\/arantv.az\/index.php?rest_route=%2Fwp%2Fv2%2Fcomments&post=440050"}],"version-history":[{"count":0,"href":"https:\/\/arantv.az\/index.php?rest_route=\/wp\/v2\/posts\/440050\/revisions"}],"wp:featuredmedia":[{"embeddable":true,"href":"https:\/\/arantv.az\/index.php?rest_route=\/wp\/v2\/media\/440051"}],"wp:attachment":[{"href":"https:\/\/arantv.az\/index.php?rest_route=%2Fwp%2Fv2%2Fmedia&parent=440050"}],"wp:term":[{"taxonomy":"category","embeddable":true,"href":"https:\/\/arantv.az\/index.php?rest_route=%2Fwp%2Fv2%2Fcategories&post=440050"},{"taxonomy":"post_tag","embeddable":true,"href":"https:\/\/arantv.az\/index.php?rest_route=%2Fwp%2Fv2%2Ftags&post=440050"}],"curies":[{"name":"wp","href":"https:\/\/api.w.org\/{rel}","templated":true}]}}