{"id":440057,"date":"2022-02-17T07:53:12","date_gmt":"2022-02-17T04:53:12","guid":{"rendered":"http:\/\/arantv.az\/?p=440057"},"modified":"2022-02-17T07:53:12","modified_gmt":"2022-02-17T04:53:12","slug":"tovuzda-covid-19-infeksiyasinin-yayilmasinin-qarsisinin-alinmasi-m%c9%99qs%c9%99di-il%c9%99-novb%c9%99ti-reyd-kecirildi","status":"publish","type":"post","link":"https:\/\/arantv.az\/?p=440057","title":{"rendered":"Tovuzda COV\u0130D-19 infeksiyas\u0131n\u0131n yay\u0131lmas\u0131n\u0131n qar\u015f\u0131s\u0131n\u0131n al\u0131nmas\u0131 m\u0259qs\u0259di il\u0259 n\u00f6vb\u0259ti reyd ke\u00e7irildi"},"content":{"rendered":"<p>Tovuzda Az\u0259rbaycan Respublikas\u0131n\u0131n Nazirl\u0259r Kabinetinin 30 dekabr 2021-ci il tarixli 419 sayl\u0131 q\u0259rar\u0131n icras\u0131 il\u0259\u00a0 ba\u011fl\u0131 v\u0259 koronovirus (COV\u0130D-19) infeksiyas\u0131n\u0131n yay\u0131lmas\u0131n\u0131n qar\u015f\u0131s\u0131n\u0131n al\u0131nmas\u0131 m\u0259qs\u0259dil\u0259\u00a0 sakinl\u0259r aras\u0131nda maarifl\u0259ndirm\u0259 t\u0259dbirl\u0259ri davam etdirilir.<\/p>\n<p>Tovuz Rayon \u0130cra Hakimiyy\u0259ti yan\u0131nda f\u0259aliyy\u0259t g\u00f6st\u0259r\u0259n mobil qruplar t\u0259r\u0259find\u0259n rayon \u0259razisind\u0259 reydl\u0259r ke\u00e7irilmi\u015fdir. Reyd zaman\u0131 infeksiya il\u0259 m\u00fcbariz\u0259 m\u0259qs\u0259dil\u0259 qoyulan t\u0259l\u0259bl\u0259r\u0259 \u0259m\u0259l olunmas\u0131n\u0131n vacibliyi rayon sakinl\u0259rinin diqq\u0259tin\u0259 n\u00f6vb\u0259ti d\u0259f\u0259 \u00e7atd\u0131r\u0131lm\u0131\u015f v\u0259 laz\u0131mi maarifl\u0259ndirici s\u00f6hb\u0259tl\u0259r apar\u0131lm\u0131\u015fd\u0131r. Tibbi maskadan qapal\u0131 m\u0259kanlarda istifad\u0259 etm\u0259yin, sosial m\u0259saf\u0259ni qoruma\u011f\u0131n v\u0259 gigiyenik qaydalara riay\u0259t etm\u0259yin vacibliyi vur\u011fulanm\u0131\u015fd\u0131r.<\/p>\n<p>Qeyd edilmi\u015fdir\u00a0 ki,\u00a0 fevral\u0131n 15-d\u0259n ba\u015flayaraq\u00a0 COVID-19 vaksininin 2-ci dozas\u0131n\u0131n \u00fcz\u0259rind\u0259n 6 aydan \u00e7ox vaxt ke\u00e7\u0259n \u015f\u0259xsl\u0259rin \u201cPeyv\u0259nd sertifikat\u0131\u201d etibarl\u0131 hesab edilm\u0259y\u0259c\u0259k. Buna g\u00f6r\u0259 d\u0259 bir daha \u201cBooster\u201d doza il\u0259 vaxt\u0131nda peyv\u0259nd olunmalar\u0131n\u0131 t\u00f6vsiy\u0259 edilmi\u015fdir.<\/p>\n<p>Mobil qruplar Nazirl\u0259r Kabineti yan\u0131nda Operativ Q\u0259rargah\u0131n karantin rejimi qaydalar\u0131na ciddi riay\u0259t olunmas\u0131 m\u0259qs\u0259dil\u0259 verdiyi tap\u015f\u0131r\u0131q v\u0259 t\u00f6vsiy\u0259l\u0259r bir daha sakinl\u0259rin diqq\u0259tin\u0259 \u00e7atd\u0131rm\u0131\u015fd\u0131r.<\/p>\n<p><input alt=\"\" src=\"http:\/\/tovuz-ih.gov.az\/userfiles\/files\/1(50).jpeg\" type=\"image\" \/><\/p>\n<p>&nbsp;<\/p>\n<p><input alt=\"\" src=\"http:\/\/tovuz-ih.gov.az\/userfiles\/files\/4(42).jpeg\" type=\"image\" \/><\/p>\n<p><input alt=\"\" src=\"http:\/\/tovuz-ih.gov.az\/userfiles\/files\/7(16).jpeg\" type=\"image\" \/><\/p>\n<p><input alt=\"\" src=\"http:\/\/tovuz-ih.gov.az\/userfiles\/files\/9(12).jpeg\" type=\"image\" \/><\/p>\n<p><input alt=\"\" src=\"http:\/\/tovuz-ih.gov.az\/userfiles\/files\/10(9).jpeg\" type=\"image\" \/><\/p>\n<p><input alt=\"\" src=\"http:\/\/tovuz-ih.gov.az\/userfiles\/files\/8(17).jpeg\" type=\"image\" \/><\/p>\n","protected":false},"excerpt":{"rendered":"<p>Tovuzda Az\u0259rbaycan Respublikas\u0131n\u0131n Nazirl\u0259r Kabinetinin 30 dekabr 2021-ci il tarixli 419 sayl\u0131 q\u0259rar\u0131n icras\u0131 il\u0259\u00a0 ba\u011fl\u0131 v\u0259 koronovirus (COV\u0130D-19) infeksiyas\u0131n\u0131n yay\u0131lmas\u0131n\u0131n qar\u015f\u0131s\u0131n\u0131n al\u0131nmas\u0131 m\u0259qs\u0259dil\u0259\u00a0 sakinl\u0259r aras\u0131nda maarifl\u0259ndirm\u0259 t\u0259dbirl\u0259ri davam etdirilir. Tovuz Rayon \u0130cra Hakimiyy\u0259ti yan\u0131nda f\u0259aliyy\u0259t g\u00f6st\u0259r\u0259n mobil qruplar t\u0259r\u0259find\u0259n rayon \u0259razisind\u0259 reydl\u0259r ke\u00e7irilmi\u015fdir. Reyd zaman\u0131 infeksiya il\u0259 m\u00fcbariz\u0259 m\u0259qs\u0259dil\u0259 qoyulan t\u0259l\u0259bl\u0259r\u0259 \u0259m\u0259l olunmas\u0131n\u0131n vacibliyi rayon sakinl\u0259rinin diqq\u0259tin\u0259 n\u00f6vb\u0259ti d\u0259f\u0259 \u00e7atd\u0131r\u0131lm\u0131\u015f v\u0259 laz\u0131mi maarifl\u0259ndirici s\u00f6hb\u0259tl\u0259r apar\u0131lm\u0131\u015fd\u0131r. Tibbi maskadan qapal\u0131 m\u0259kanlarda istifad\u0259 etm\u0259yin, sosial m\u0259saf\u0259ni qoruma\u011f\u0131n v\u0259 gigiyenik qaydalara riay\u0259t etm\u0259yin vacibliyi vur\u011fulanm\u0131\u015fd\u0131r. Qeyd edilmi\u015fdir\u00a0 ki,\u00a0 fevral\u0131n 15-d\u0259n ba\u015flayaraq\u00a0 COVID-19 vaksininin&hellip;<\/p>\n","protected":false},"author":2,"featured_media":440058,"comment_status":"closed","ping_status":"closed","sticky":false,"template":"","format":"standard","meta":{"om_disable_all_campaigns":false,"_monsterinsights_skip_tracking":false,"_monsterinsights_sitenote_active":false,"_monsterinsights_sitenote_note":"","_monsterinsights_sitenote_category":0},"categories":[2],"tags":[],"aioseo_notices":[],"gutentor_comment":0,"rttpg_featured_image_url":{"full":["https:\/\/arantv.az\/wp-content\/uploads\/2022\/02\/ea38931966163b8d82c29caa39e0fe18.jpg",800,450,false],"landscape":["https:\/\/arantv.az\/wp-content\/uploads\/2022\/02\/ea38931966163b8d82c29caa39e0fe18.jpg",800,450,false],"portraits":["https:\/\/arantv.az\/wp-content\/uploads\/2022\/02\/ea38931966163b8d82c29caa39e0fe18.jpg",800,450,false],"thumbnail":["https:\/\/arantv.az\/wp-content\/uploads\/2022\/02\/ea38931966163b8d82c29caa39e0fe18-500x280.jpg",500,280,true],"medium":["https:\/\/arantv.az\/wp-content\/uploads\/2022\/02\/ea38931966163b8d82c29caa39e0fe18-649x365.jpg",649,365,true],"large":["https:\/\/arantv.az\/wp-content\/uploads\/2022\/02\/ea38931966163b8d82c29caa39e0fe18.jpg",640,360,false],"1536x1536":["https:\/\/arantv.az\/wp-content\/uploads\/2022\/02\/ea38931966163b8d82c29caa39e0fe18.jpg",800,450,false],"2048x2048":["https:\/\/arantv.az\/wp-content\/uploads\/2022\/02\/ea38931966163b8d82c29caa39e0fe18.jpg",800,450,false],"post-thumbnail":["https:\/\/arantv.az\/wp-content\/uploads\/2022\/02\/ea38931966163b8d82c29caa39e0fe18-240x172.jpg",240,172,true],"advps-thumb-one":["https:\/\/arantv.az\/wp-content\/uploads\/2022\/02\/ea38931966163b8d82c29caa39e0fe18.jpg",800,450,false]},"rttpg_author":{"display_name":"V\u00fcsal Rafiqo\u011flu","author_link":"https:\/\/arantv.az\/?author=2"},"rttpg_comment":0,"rttpg_category":"<a href=\"https:\/\/arantv.az\/?cat=2\" rel=\"category\">Region X\u0259b\u0259rl\u0259ri<\/a>","rttpg_excerpt":"Tovuzda Az\u0259rbaycan Respublikas\u0131n\u0131n Nazirl\u0259r Kabinetinin 30 dekabr 2021-ci il tarixli 419 sayl\u0131 q\u0259rar\u0131n icras\u0131 il\u0259\u00a0 ba\u011fl\u0131 v\u0259 koronovirus (COV\u0130D-19) infeksiyas\u0131n\u0131n yay\u0131lmas\u0131n\u0131n qar\u015f\u0131s\u0131n\u0131n al\u0131nmas\u0131 m\u0259qs\u0259dil\u0259\u00a0 sakinl\u0259r aras\u0131nda maarifl\u0259ndirm\u0259 t\u0259dbirl\u0259ri davam etdirilir. Tovuz Rayon \u0130cra Hakimiyy\u0259ti yan\u0131nda f\u0259aliyy\u0259t g\u00f6st\u0259r\u0259n mobil qruplar t\u0259r\u0259find\u0259n rayon \u0259razisind\u0259 reydl\u0259r ke\u00e7irilmi\u015fdir. Reyd zaman\u0131 infeksiya il\u0259 m\u00fcbariz\u0259 m\u0259qs\u0259dil\u0259 qoyulan t\u0259l\u0259bl\u0259r\u0259 \u0259m\u0259l olunmas\u0131n\u0131n vacibliyi&hellip;","_links":{"self":[{"href":"https:\/\/arantv.az\/index.php?rest_route=\/wp\/v2\/posts\/440057"}],"collection":[{"href":"https:\/\/arantv.az\/index.php?rest_route=\/wp\/v2\/posts"}],"about":[{"href":"https:\/\/arantv.az\/index.php?rest_route=\/wp\/v2\/types\/post"}],"author":[{"embeddable":true,"href":"https:\/\/arantv.az\/index.php?rest_route=\/wp\/v2\/users\/2"}],"replies":[{"embeddable":true,"href":"https:\/\/arantv.az\/index.php?rest_route=%2Fwp%2Fv2%2Fcomments&post=440057"}],"version-history":[{"count":0,"href":"https:\/\/arantv.az\/index.php?rest_route=\/wp\/v2\/posts\/440057\/revisions"}],"wp:featuredmedia":[{"embeddable":true,"href":"https:\/\/arantv.az\/index.php?rest_route=\/wp\/v2\/media\/440058"}],"wp:attachment":[{"href":"https:\/\/arantv.az\/index.php?rest_route=%2Fwp%2Fv2%2Fmedia&parent=440057"}],"wp:term":[{"taxonomy":"category","embeddable":true,"href":"https:\/\/arantv.az\/index.php?rest_route=%2Fwp%2Fv2%2Fcategories&post=440057"},{"taxonomy":"post_tag","embeddable":true,"href":"https:\/\/arantv.az\/index.php?rest_route=%2Fwp%2Fv2%2Ftags&post=440057"}],"curies":[{"name":"wp","href":"https:\/\/api.w.org\/{rel}","templated":true}]}}