{"id":440075,"date":"2022-02-17T08:03:16","date_gmt":"2022-02-17T05:03:16","guid":{"rendered":"http:\/\/arantv.az\/?p=440075"},"modified":"2022-02-17T08:03:16","modified_gmt":"2022-02-17T05:03:16","slug":"nato-dunyanin-bir-nomr%c9%99li-problemini-az%c9%99rbaycanla-muzakir%c9%99-edir","status":"publish","type":"post","link":"https:\/\/arantv.az\/?p=440075","title":{"rendered":"NATO d\u00fcnyan\u0131n bir n\u00f6mr\u0259li problemini Az\u0259rbaycanla m\u00fczakir\u0259 edir"},"content":{"rendered":"<p><strong>Stoltenberqin Prezident \u0130lham \u018fliyev\u0259 z\u0259nginin a\u00e7mas\u0131; deputat: \u201cBu, m\u0259hz indiki m\u00fcr\u0259kk\u0259b geosiyasi reall\u0131qlar kontekstind\u0259 Az\u0259rbaycan\u0131n s\u00f6z\u00fcn\u00fcn \u00e7\u0259kisinin, m\u00f6vqeyinin d\u00fcnyada b\u00f6y\u00fckl\u00fcy\u00fc il\u0259 ba\u011fl\u0131d\u0131r\u201d<\/strong><\/p>\n<p>Fevral\u0131n 15-d\u0259 NATO-nun ba\u015f katibi Yens Stoltenberqin Az\u0259rbaycan Prezidenti il\u0259 telefon dan\u0131\u015f\u0131\u011f\u0131 olub. Bu bar\u0259d\u0259 Stoltenberq Twitter hesab\u0131nda yaz\u0131b.<\/p>\n<p>\u201cPrezident \u018fliyevl\u0259 yax\u015f\u0131 s\u00f6hb\u0259timiz oldu. Biz regional t\u0259hl\u00fck\u0259sizliyi, Rusiyan\u0131n Ukraynada v\u0259 onun \u0259traf\u0131nda h\u0259rbi g\u00fcc\u00fcn\u00fc art\u0131rmas\u0131n\u0131, o c\u00fcml\u0259d\u0259n bunun enerji bazarlar\u0131 \u00fc\u00e7\u00fcn n\u0259tic\u0259l\u0259rini m\u00fczakir\u0259 etdik. M\u0259n qaz t\u0259chizat\u0131n\u0131n art\u0131r\u0131lmas\u0131na v\u0259 Az\u0259rbaycan\u0131n Avropan\u0131n etibarl\u0131 enerji t\u0259chizat\u00e7\u0131s\u0131 olmas\u0131na g\u00f6r\u0259 Az\u0259rbaycan Prezidentin\u0259 t\u0259\u015f\u0259kk\u00fcr\u00fcm\u00fc bildirdim \u201d, &#8211; Stoltenberq qeyd edib.<\/p>\n<p><strong>NATO ba\u015f katibinin \u0130lham \u018fliyev\u0259 z\u0259nginin geosiyasi anlam\u0131 n\u0259dir? Ukrayna \u0259traf\u0131nda yaranm\u0131\u015f g\u0259rgin v\u0259ziyy\u0259t vaxt\u0131 NATO prezidenti Az\u0259rbaycan\u0131n d\u00f6vl\u0259t ba\u015f\u00e7\u0131s\u0131 il\u0259 yaln\u0131z qaz t\u0259dar\u00fck\u00fcnd\u0259n dan\u0131\u015f\u0131b? Bu hadis\u0259 Az\u0259rbaycan qlobal siyasi v\u0259 ekonomik oyun\u00e7uya \u00e7evrildiyinin t\u0259sdiqidirmi?<\/strong><\/p>\n<p><strong><img src=\"https:\/\/faktyoxla.info\/pictures\/pictures\/PH7Sr5v8y6otrrJRM\/reduced\/PH7Sr5v8y6otrrJRM.jpg\" alt=\"Elman N\u0259sirov: \u201cAz\u0259rbaycanda 600 min u\u015fa\u011fa m\u00fcxt\u0259lif adda m\u00fcavin\u0259t verilir\u201d\" \/><\/strong><\/p>\n<p><strong>Elman N\u0259sirov\u00a0<\/strong><\/p>\n<p><strong>Deputat Elman N\u0259sirov \u201cYeni M\u00fcsavat\u201da \u015f\u0259rhind\u0259 bildirdi ki, NATO ba\u015f katibinin Az\u0259rbaycan Prezidentin\u0259 z\u0259ng etm\u0259si v\u0259 onunla regional t\u0259hl\u00fck\u0259sizlik m\u0259s\u0259l\u0259l\u0259rini, x\u00fcsusil\u0259 Rusiya-Ukrayna qar\u015f\u0131durmas\u0131 fonunda t\u0259hl\u00fck\u0259sizlik m\u0259s\u0259l\u0259l\u0259rini m\u00fczakir\u0259 el\u0259m\u0259si, bundan sonra enerji t\u0259hl\u00fck\u0259sizliyi m\u0259s\u0259l\u0259l\u0259ri istiqam\u0259tind\u0259 fikir m\u00fcbadil\u0259si aparmas\u0131 Az\u0259rbaycan\u0131n enerji t\u0259hl\u00fck\u0259sizliyinin t\u0259minat\u0131nda oynad\u0131\u011f\u0131 rolun, d\u00fcnyadak\u0131 yerinin v\u0259 rolunun kifay\u0259t q\u0259d\u0259r b\u00f6y\u00fck oldu\u011funun t\u0259sdiqidir:<\/strong>\u00a0\u201cHesab edir\u0259m ki, c\u0259nab Stoltenberqin Az\u0259rbaycan Prezidenti c\u0259nab \u0130lham \u018fliyev\u0259 m\u0259hz indiki m\u00fcr\u0259kk\u0259b geosiyasi reall\u0131qlar kontekstind\u0259 z\u0259ng etm\u0259si Az\u0259rbaycan\u0131n s\u00f6z\u00fcn\u00fcn \u00e7\u0259kisinin, m\u00f6vqeyinin d\u00fcnyada b\u00f6y\u00fckl\u00fcy\u00fc il\u0259 ba\u011fl\u0131d\u0131r. Stoltenberq he\u00e7 \u015f\u00fcbh\u0259siz onun f\u0259rqind\u0259dir ki, Rusiya-Ukrayna qar\u015f\u0131durmas\u0131n\u0131 t\u0259hlil ets\u0259k g\u00f6r\u0259c\u0259yik ki, Az\u0259rbaycan\u0131n h\u0259m Rusiya il\u0259 strateji t\u0259r\u0259fda\u015fl\u0131q m\u00fcnasib\u0259tl\u0259ri var, h\u0259m Ukrayna il\u0259 analoji m\u00fcnasib\u0259tl\u0259ri m\u00f6vcuddur, eyni zamanda Az\u0259rbaycan NATO il\u0259 \u0259m\u0259kda\u015fl\u0131q x\u0259ttin\u0259 sadiqdir, Az\u0259rbaycan Avropa \u0130ttifaq\u0131n\u0131n 9 d\u00f6vl\u0259ti il\u0259 strateji t\u0259r\u0259fda\u015fl\u0131q s\u0259n\u0259di imzalay\u0131b v\u0259 Avropan\u0131n enerji t\u0259hl\u00fck\u0259sizliyind\u0259 x\u00fcsusi rola malikdir. B\u00fct\u00fcn bu amill\u0259r \u015f\u00fcbh\u0259siz ki, NATO ba\u015f katibinin Az\u0259rbaycan Prezidentin\u0259 z\u0259ngini \u015f\u0259rtl\u0259ndir\u0259n \u0259sas amill\u0259r s\u0131ras\u0131ndad\u0131r. H\u0259m d\u0259 ki, Rusiya-Ukrayna m\u00fcharib\u0259sinin ba\u015flayaca\u011f\u0131 halda bu dan\u0131lmaz h\u0259qiq\u0259tdir ki, Avropan\u0131n enerjiy\u0259 t\u0259l\u0259bat\u0131 k\u0259skin \u015f\u0259kild\u0259 arta bil\u0259r. N\u0259z\u0259r\u0259 alsaq ki, bu g\u00fcn Avropa \u0130ttifaq\u0131 \u00f6lk\u0259l\u0259rinin qaz anbarlar\u0131nda b\u0259zi m\u0259nb\u0259l\u0259r\u0259 g\u00f6r\u0259 30 faiz, dig\u0259r m\u0259nb\u0259l\u0259r\u0259 g\u00f6r\u0259 10 faiz ehtiyat qal\u0131b. Qaz\u0131n qiym\u0259ti m\u00fcharib\u0259 ba\u015flayarsa, az\u0131 3 d\u0259f\u0259 bahala\u015fa bil\u0259r. Y\u0259ni bu g\u00fcn min dollara olan qaz 3 min dollara q\u0259d\u0259r bahala\u015fa bil\u0259r. Bu is\u0259 \u00e7ox ciddi enerji b\u00f6hran\u0131 dem\u0259kdir. Avropa \u00f6lk\u0259l\u0259ri \u00fc\u00e7\u00fcn bu, \u00e7ox b\u00f6y\u00fck t\u0259hdiddir v\u0259 bel\u0259 olan reall\u0131qda t\u0259bii ki, Az\u0259rbaycan qaz\u0131 yeni alternativ enerji m\u0259nb\u0259yi olaraq Avropa \u00fc\u00e7\u00fcn m\u00fcst\u0259sna \u0259h\u0259miyy\u0259t\u0259 malikdir. D\u00fczd\u00fcr, Az\u0259rbaycan qaz\u0131 h\u0259cmin\u0259 g\u00f6r\u0259 Rusiya qaz\u0131 il\u0259 m\u00fcqayis\u0259 oluna bilm\u0259z, Rusiya Avropan\u0131n ild\u0259 500 milyard kub metr qaza olan t\u0259l\u0259bat\u0131n\u0131n t\u0259xmin\u0259n 150 milyard\u0131n\u0131 \u00f6d\u0259yir. Az\u0259rbaycan is\u0259 ke\u00e7\u0259n il Avropa bazar\u0131na 19 milyard kubmetr qaz ixrac edib. Az\u0259rbaycan\u0131n potensial\u0131 var ki, qaz ixrac\u0131n\u0131 daha da art\u0131rs\u0131n. Bunu Avropa \u00e7ox g\u00f6z\u0259l bilir v\u0259 ona g\u00f6r\u0259 d\u0259 Az\u0259rbaycanla \u0259m\u0259kda\u015fl\u0131q onlar \u00fc\u00e7\u00fcn strateji \u0259h\u0259miyy\u0259t da\u015f\u0131y\u0131r\u201d.<\/p>\n<p><strong>Deputat qeyd etdi ki, Stoltenberqin Az\u0259rbaycan Prezidentin\u0259 z\u0259ng etm\u0259si v\u0259 dan\u0131\u015f\u0131qlar haqq\u0131nda \u00f6z\u00fc sosial \u015f\u0259b\u0259k\u0259d\u0259 payla\u015f\u0131m etm\u0259si Az\u0259rbaycan\u0131n m\u00fcasir d\u00fcnyam\u0131zda t\u0259hl\u00fck\u0259sizlik m\u0259s\u0259l\u0259l\u0259rin\u0259 verdiyi v\u0259 bundan sonra ver\u0259 bil\u0259c\u0259yi b\u00f6y\u00fck t\u00f6hf\u0259 il\u0259 ba\u011fl\u0131d\u0131r:<\/strong>\u00a0\u201cAz\u0259rbaycana v\u0259 onun liderin\u0259 bu g\u00fcn d\u00fcnyada \u00e7ox b\u00f6y\u00fck h\u00f6rm\u0259t var. X\u00fcsusil\u0259 44 g\u00fcnl\u00fck V\u0259t\u0259n m\u00fcharib\u0259sind\u0259 Ali Ba\u015f Komandan\u0131n r\u0259hb\u0259rliyi alt\u0131nda yenilm\u0259z ordumuzun qazand\u0131\u011f\u0131 tarixi q\u0259l\u0259b\u0259 Az\u0259rbaycan Prezidentin\u0259 d\u00fcnyada m\u00fcnasib\u0259ti daha da y\u00fcks\u0259ldib. Bu g\u00fcn Az\u0259rbaycan Prezidentini h\u0259m d\u00fcnyada mahir diplomat kimi, h\u0259m b\u00f6y\u00fck d\u00f6vl\u0259t xadimi kimi, eyni zamanda m\u00fcz\u0259ff\u0259r s\u0259rk\u0259rd\u0259 kimi q\u0259bul edirl\u0259r. M\u0259s\u0259l\u0259y\u0259 bu m\u0259ntiql\u0259 d\u0259 yana\u015fd\u0131qda, NATO ba\u015f katibinin Az\u0259rbaycan Prezidentin\u0259 z\u0259ng etm\u0259si v\u0259 onunla regional t\u0259hl\u00fck\u0259sizlik m\u0259s\u0259l\u0259l\u0259rini m\u00fczakir\u0259 etm\u0259si m\u0259ntiqlidir v\u0259 reall\u0131\u011fa tam adekvatd\u0131r\u201d.<\/p>\n<p><img loading=\"lazy\" src=\"https:\/\/cdn.trend.az\/2020\/03\/14\/yap_ilyas_140320.jpg\" alt=\"\u0130lyas H\u00fcseynov: Milli h\u0259mr\u0259ylik v\u0259 birlik Az\u0259rbaycan\u0131 b\u00fct\u00fcn d\u00fcnyan\u0131 b\u00fcr\u00fcy\u0259n  koronavirus s\u0131na\u011f\u0131ndan da u\u011furla \u00e7\u0131xmas\u0131n\u0131n ba\u015fl\u0131ca\" width=\"891\" height=\"594\" \/><\/p>\n<p><strong>\u00a0\u0130lyas H\u00fcseynov\u00a0<\/strong><\/p>\n<p><strong>Sosial T\u0259dqiqatlar M\u0259rk\u0259zinin eksperti, politoloq \u0130lyas H\u00fcseynov is\u0259 bildirdi ki, NATO ba\u015f katibinin Az\u0259rbaycan Prezidenti il\u0259 telefon dan\u0131\u015f\u0131\u011f\u0131n\u0131n m\u00fch\u00fcm \u0259h\u0259miyy\u0259ti var. \u00c7\u00fcnki r\u0259smi Bak\u0131n\u0131n art\u0131q regional v\u0259 qlobal m\u00fcst\u0259vid\u0259 geosiyasi aktor imici bir q\u0259d\u0259r d\u0259 y\u00fcks\u0259lib, eyni zamanda Az\u0259rbaycan h\u0259m d\u0259 postsovet m\u0259kan\u0131nda t\u0259msil olunmaqla yana\u015f\u0131, C\u0259nubi Qafqaz\u0131n apar\u0131c\u0131 oyun\u00e7usudur, Avropan\u0131n enerji t\u0259chizat\u00e7\u0131s\u0131 kimi h\u0259r ke\u00e7\u0259n g\u00fcn n\u00fcfuzu art\u0131r. Stoltenberq d\u0259 Bak\u0131n\u0131n artan n\u00fcfuzuna g\u00f6st\u0259ril\u0259n m\u00fcnasib\u0259t kimi Rusiyan\u0131n Ukrayna v\u0259 onun \u0259traf\u0131nda h\u0259rbi g\u00fcc\u00fcn\u00fc art\u0131rmas\u0131 v\u0259 bunun enerji bazar\u0131nda n\u0259tic\u0259l\u0259rini Prezident \u0130lham \u018fliyevl\u0259 m\u00fczakir\u0259 edib:<\/strong>\u00a0\u201cEyni zamanda Avropa \u0130ttifaq\u0131n\u0131n da m\u0259hz eskalasiya riski fonunda Az\u0259rbaycan qaz\u0131na v\u0259 neftin\u0259 mara\u011f\u0131 y\u00fcks\u0259lm\u0259kd\u0259dir. Haz\u0131rk\u0131 durumda m\u0259hz Rusiya-Ukrayna g\u0259rginliyi fonunda NATO-nun ba\u015f katibinin Az\u0259rbaycan Prezidenti il\u0259 t\u0259mas qurmas\u0131 c\u0259nab Prezidentin \u015f\u0259xsi n\u00fcfuzundan da x\u0259b\u0259r verir. \u00c7\u00fcnki Prezident \u0130lham \u018fliyev bir s\u0131ra m\u00fcbahis\u0259li v\u0259 ziddiyy\u0259t do\u011furan m\u0259s\u0259l\u0259l\u0259rd\u0259 vasit\u0259\u00e7i kimi \u00e7\u0131x\u0131\u015f edib v\u0259 \u00e7ox yax\u015f\u0131 n\u0259tic\u0259li dan\u0131\u015f\u0131qlar aparan diplomat kimi \u00f6z\u00fcn\u00fc g\u00f6st\u0259rib. Az\u0259rbaycan\u0131n haz\u0131rda yaranm\u0131\u015f g\u0259rginlik fonunda h\u0259m d\u0259 karbohidrogen ehtiyatlar\u0131 il\u0259 uzun s\u00fcr\u0259n dayan\u0131ql\u0131 \u015f\u0259kild\u0259 sabit formada Avropa \u0130ttifaq\u0131n\u0131n enerjiy\u0259 olan as\u0131l\u0131l\u0131\u011f\u0131n\u0131 \u00f6d\u0259m\u0259k istiqam\u0259tind\u0259 \u00e7\u0131x\u0131\u015flar\u0131 m\u0259n\u0259 el\u0259 g\u0259lir ki, uzun s\u00fcr\u0259n m\u00fczakir\u0259l\u0259r\u0259 s\u0259b\u0259b olacaq. Haz\u0131rk\u0131 durumda Az\u0259rbaycan\u0131n artan geosiyasi v\u0259 geoiqtisadi n\u00fcfuzu Avropa \u0130ttifaq\u0131n\u0131n v\u0259 NATO-nun strateql\u0259rinin diqq\u0259tini \u00e7\u0259kir. Buna g\u00f6r\u0259 d\u0259 NATO kimi ciddi beyn\u0259lxalq alyans\u0131n ba\u015f katibi Az\u0259rbaycan\u0131n ciddi rolunu t\u0259qdir edir, regional t\u0259hl\u00fck\u0259sizlik bax\u0131m\u0131ndan Az\u0259rbaycana diqq\u0259t g\u00f6st\u0259rilir. Az\u0259rbaycan\u0131n d\u00fcnyada geosiyasi m\u00f6vqel\u0259ri g\u00fccl\u0259nir\u201d.<\/p>\n","protected":false},"excerpt":{"rendered":"<p>Stoltenberqin Prezident \u0130lham \u018fliyev\u0259 z\u0259nginin a\u00e7mas\u0131; deputat: \u201cBu, m\u0259hz indiki m\u00fcr\u0259kk\u0259b geosiyasi reall\u0131qlar kontekstind\u0259 Az\u0259rbaycan\u0131n s\u00f6z\u00fcn\u00fcn \u00e7\u0259kisinin, m\u00f6vqeyinin d\u00fcnyada b\u00f6y\u00fckl\u00fcy\u00fc il\u0259 ba\u011fl\u0131d\u0131r\u201d Fevral\u0131n 15-d\u0259 NATO-nun ba\u015f katibi Yens Stoltenberqin Az\u0259rbaycan Prezidenti il\u0259 telefon dan\u0131\u015f\u0131\u011f\u0131 olub. Bu bar\u0259d\u0259 Stoltenberq Twitter hesab\u0131nda yaz\u0131b. \u201cPrezident \u018fliyevl\u0259 yax\u015f\u0131 s\u00f6hb\u0259timiz oldu. Biz regional t\u0259hl\u00fck\u0259sizliyi, Rusiyan\u0131n Ukraynada v\u0259 onun \u0259traf\u0131nda h\u0259rbi g\u00fcc\u00fcn\u00fc art\u0131rmas\u0131n\u0131, o c\u00fcml\u0259d\u0259n bunun enerji bazarlar\u0131 \u00fc\u00e7\u00fcn n\u0259tic\u0259l\u0259rini m\u00fczakir\u0259 etdik. M\u0259n qaz t\u0259chizat\u0131n\u0131n art\u0131r\u0131lmas\u0131na v\u0259 Az\u0259rbaycan\u0131n Avropan\u0131n etibarl\u0131 enerji t\u0259chizat\u00e7\u0131s\u0131 olmas\u0131na g\u00f6r\u0259 Az\u0259rbaycan Prezidentin\u0259 t\u0259\u015f\u0259kk\u00fcr\u00fcm\u00fc bildirdim \u201d, &#8211; Stoltenberq qeyd edib. NATO ba\u015f katibinin&hellip;<\/p>\n","protected":false},"author":2,"featured_media":440076,"comment_status":"closed","ping_status":"closed","sticky":false,"template":"","format":"standard","meta":{"om_disable_all_campaigns":false,"_monsterinsights_skip_tracking":false,"_monsterinsights_sitenote_active":false,"_monsterinsights_sitenote_note":"","_monsterinsights_sitenote_category":0},"categories":[4],"tags":[],"aioseo_notices":[],"gutentor_comment":0,"rttpg_featured_image_url":{"full":["https:\/\/arantv.az\/wp-content\/uploads\/2022\/02\/91ac48a8734347592467619f87b2da1a.jpg",450,300,false],"landscape":["https:\/\/arantv.az\/wp-content\/uploads\/2022\/02\/91ac48a8734347592467619f87b2da1a.jpg",450,300,false],"portraits":["https:\/\/arantv.az\/wp-content\/uploads\/2022\/02\/91ac48a8734347592467619f87b2da1a.jpg",450,300,false],"thumbnail":["https:\/\/arantv.az\/wp-content\/uploads\/2022\/02\/91ac48a8734347592467619f87b2da1a-450x280.jpg",450,280,true],"medium":["https:\/\/arantv.az\/wp-content\/uploads\/2022\/02\/91ac48a8734347592467619f87b2da1a.jpg",450,300,false],"large":["https:\/\/arantv.az\/wp-content\/uploads\/2022\/02\/91ac48a8734347592467619f87b2da1a.jpg",450,300,false],"1536x1536":["https:\/\/arantv.az\/wp-content\/uploads\/2022\/02\/91ac48a8734347592467619f87b2da1a.jpg",450,300,false],"2048x2048":["https:\/\/arantv.az\/wp-content\/uploads\/2022\/02\/91ac48a8734347592467619f87b2da1a.jpg",450,300,false],"post-thumbnail":["https:\/\/arantv.az\/wp-content\/uploads\/2022\/02\/91ac48a8734347592467619f87b2da1a-240x172.jpg",240,172,true],"advps-thumb-one":["https:\/\/arantv.az\/wp-content\/uploads\/2022\/02\/91ac48a8734347592467619f87b2da1a.jpg",450,300,false]},"rttpg_author":{"display_name":"V\u00fcsal Rafiqo\u011flu","author_link":"https:\/\/arantv.az\/?author=2"},"rttpg_comment":0,"rttpg_category":"<a href=\"https:\/\/arantv.az\/?cat=4\" rel=\"category\">Siyas\u0259t<\/a>","rttpg_excerpt":"Stoltenberqin Prezident \u0130lham \u018fliyev\u0259 z\u0259nginin a\u00e7mas\u0131; deputat: \u201cBu, m\u0259hz indiki m\u00fcr\u0259kk\u0259b geosiyasi reall\u0131qlar kontekstind\u0259 Az\u0259rbaycan\u0131n s\u00f6z\u00fcn\u00fcn \u00e7\u0259kisinin, m\u00f6vqeyinin d\u00fcnyada b\u00f6y\u00fckl\u00fcy\u00fc il\u0259 ba\u011fl\u0131d\u0131r\u201d Fevral\u0131n 15-d\u0259 NATO-nun ba\u015f katibi Yens Stoltenberqin Az\u0259rbaycan Prezidenti il\u0259 telefon dan\u0131\u015f\u0131\u011f\u0131 olub. Bu bar\u0259d\u0259 Stoltenberq Twitter hesab\u0131nda yaz\u0131b. \u201cPrezident \u018fliyevl\u0259 yax\u015f\u0131 s\u00f6hb\u0259timiz oldu. Biz regional t\u0259hl\u00fck\u0259sizliyi, Rusiyan\u0131n Ukraynada v\u0259 onun \u0259traf\u0131nda h\u0259rbi&hellip;","_links":{"self":[{"href":"https:\/\/arantv.az\/index.php?rest_route=\/wp\/v2\/posts\/440075"}],"collection":[{"href":"https:\/\/arantv.az\/index.php?rest_route=\/wp\/v2\/posts"}],"about":[{"href":"https:\/\/arantv.az\/index.php?rest_route=\/wp\/v2\/types\/post"}],"author":[{"embeddable":true,"href":"https:\/\/arantv.az\/index.php?rest_route=\/wp\/v2\/users\/2"}],"replies":[{"embeddable":true,"href":"https:\/\/arantv.az\/index.php?rest_route=%2Fwp%2Fv2%2Fcomments&post=440075"}],"version-history":[{"count":0,"href":"https:\/\/arantv.az\/index.php?rest_route=\/wp\/v2\/posts\/440075\/revisions"}],"wp:featuredmedia":[{"embeddable":true,"href":"https:\/\/arantv.az\/index.php?rest_route=\/wp\/v2\/media\/440076"}],"wp:attachment":[{"href":"https:\/\/arantv.az\/index.php?rest_route=%2Fwp%2Fv2%2Fmedia&parent=440075"}],"wp:term":[{"taxonomy":"category","embeddable":true,"href":"https:\/\/arantv.az\/index.php?rest_route=%2Fwp%2Fv2%2Fcategories&post=440075"},{"taxonomy":"post_tag","embeddable":true,"href":"https:\/\/arantv.az\/index.php?rest_route=%2Fwp%2Fv2%2Ftags&post=440075"}],"curies":[{"name":"wp","href":"https:\/\/api.w.org\/{rel}","templated":true}]}}