{"id":440079,"date":"2022-02-17T08:22:14","date_gmt":"2022-02-17T05:22:14","guid":{"rendered":"http:\/\/arantv.az\/?p=440079"},"modified":"2022-02-17T08:22:14","modified_gmt":"2022-02-17T05:22:14","slug":"seytan-yuvasi-%c9%99trafinda-c%c9%99nb%c9%99r-daralir-separatcilar-bakidan-%c9%99fv-ucun-siraya-duzul%c9%99c%c9%99k","status":"publish","type":"post","link":"https:\/\/arantv.az\/?p=440079","title":{"rendered":"\u201c\u015eeytan yuvas\u0131\u201d \u0259traf\u0131nda \u00e7\u0259nb\u0259r daral\u0131r &#8211; separat\u00e7\u0131lar Bak\u0131dan \u0259fv \u00fc\u00e7\u00fcn s\u0131raya d\u00fcz\u00fcl\u0259c\u0259k"},"content":{"rendered":"<h3><strong>Qaraba\u011fdak\u0131 oyuncaq rejimin son \u00e7\u0131rp\u0131nt\u0131lar\u0131; Araik Arutyunyan onun sonuncu \u201cprezidenti\u201d olacaq&#8230;<\/strong><\/h3>\n<p><strong>Post-m\u00fcharib\u0259 d\u00f6n\u0259mind\u0259 Az\u0259rbaycan\u0131n Q\u0259rb \u00fc\u00e7\u00fcn artan \u00f6n\u0259mi, \u201cdemokratik\u201d Erm\u0259nistan\u0131n is\u0259 s\u0131f\u0131rlanan \u0259h\u0259miyy\u0259ti art\u0131q dan\u0131lmaz faktd\u0131r. Ukrayna b\u00f6hran\u0131 fonunda is\u0259 \u00f6lk\u0259mizin energetik v\u0259 geosiyasi \u0259h\u0259miyy\u0259ti bir az da b\u00f6y\u00fcy\u00fcb. \u0130ki g\u00fcn \u00f6nc\u0259 NATO Ba\u015f katibi Yens Stoltenberqin Prezident \u0130lham \u018fliyev\u0259 z\u0259ng el\u0259m\u0259si buna \u015f\u00fcbh\u0259 saxlamad\u0131.<\/strong><\/p>\n<p>S\u00f6zs\u00fcz ki, s\u00f6hb\u0259t yaln\u0131zca Az\u0259rbaycan\u0131n qit\u0259nin qaz t\u0259chizat\u0131na \u0259lav\u0259 t\u00f6hf\u0259 verm\u0259sind\u0259n getmir. \u00dcmum\u0131n NATO-nun apar\u0131c\u0131 \u00fczvl\u0259rind\u0259n olan T\u00fcrkiy\u0259 il\u0259 x\u00fcsus\u0259n d\u0259 \u015eu\u015fa B\u0259yannam\u0259sind\u0259n sonra faktiki \u201c\u0259t-d\u0259rnaq\u201d kimi olan \u00f6lk\u0259mizin C\u0259nubi Qafqazda oynad\u0131\u011f\u0131 a\u00e7ar roldan gedir. Ba\u015fqa s\u00f6zl\u0259, Az\u0259rbaycan art\u0131q NATO-ya da \u201cbir k\u00f6yn\u0259k\u201d yax\u0131n hesab edil\u0259 bil\u0259r. H\u0259r\u00e7\u0259nd \u00f6lk\u0259miz Qo\u015fulmama H\u0259r\u0259kat\u0131n\u0131n \u00fczv\u00fc olaraq qal\u0131r, Bak\u0131n\u0131n s\u00fcr\u0259tl\u0259 T\u00fcrkiy\u0259 tipli ordu quruculu\u011funa ke\u00e7idi h\u0259d\u0259fl\u0259diyi d\u0259 faktd\u0131r.<\/p>\n<p>*****<\/p>\n<p><img src=\"https:\/\/publika.az\/files\/media\/2021\/07\/29\/ates.jpg\" alt=\"X\u0259b\u0259rl\u0259r - Publika.az\" \/><\/p>\n<p>Kapitulyant Erm\u0259nistan is\u0259 h\u0259l\u0259 d\u0259 k\u00f6hn\u0259 \u0259yyamlardan qurtula v\u0259 yeni ger\u00e7\u0259klikl\u0259 bar\u0131\u015f\u0131b Az\u0259rbaycan\u0131n regionda dominant rolunu q\u0259bul ed\u0259 bilmir. R\u0259smi \u0130r\u0259van Bak\u0131 il\u0259 tezlikl\u0259 s\u00fclh m\u00fcqavil\u0259si imzalamaq \u0259v\u0259zin\u0259, h\u0259l\u0259 d\u0259 k\u00f6hn\u0259 v\u0259 u\u011fursuz ssenaril\u0259r\u0259 \u00fcmid b\u0259sl\u0259yir, xam x\u0259yallarla ya\u015fay\u0131r. NATO Ba\u015f katibinin Bak\u0131ya z\u0259ng vurdu\u011fu g\u00fcn Erm\u0259nistan t\u0259r\u0259fd\u0259n K\u0259lb\u0259c\u0259rl\u0259 yana\u015f\u0131, Tovuz istiqam\u0259tind\u0259 d\u0259 b\u00f6lm\u0259l\u0259rimizin at\u0259\u015f\u0259 tutulmas\u0131 q\u0259na\u0259timizi bir daha t\u0259sdiql\u0259yir. \u00d6z\u00fc d\u0259 maraql\u0131d\u0131r ki, qar\u015f\u0131 t\u0259r\u0259f uzun m\u00fcdd\u0259td\u0259n sonra Tovuz istiqam\u0259tind\u0259 &#8211; strateji neft-qaz k\u0259m\u0259rl\u0259rinin ke\u00e7diyi \u0259razinin yax\u0131nl\u0131\u011f\u0131nda da f\u0259alla\u015fma\u011fa ba\u015flay\u0131b. Bu, d\u00fc\u015fm\u0259nin \u00f6zf\u0259aliyy\u0259tidirmi, yoxsa vassal \u00f6lk\u0259nin yiy\u0259sinin t\u0259limat\u0131, az sonra bil\u0259c\u0259yik.<\/p>\n<p><strong>Reall\u0131q bel\u0259dir ki, Erm\u0259nistan g\u00fcn\u00fc bu g\u00fcn d\u0259 \u00f6z\u00fcn\u00fcn olmayan \u00f6n\u0259mini Rusiyaya, Q\u0259rb\u0259 g\u00f6st\u0259rm\u0259k \u00fc\u00e7\u00fcn d\u0259rid\u0259n-qab\u0131qdan v\u0259 h\u0259r c\u00fcr oyundan \u00e7\u0131x\u0131r. Lakin Rusiyan\u0131n marioneti kimi qalmaqda davam ed\u0259n Erm\u0259nistan\u0131 indi n\u0259 Q\u0259rb \u201cdemokratiya adac\u0131\u011f\u0131\u201d say\u0131r, n\u0259 d\u0259 o, Rusiyadan \u00f6tr\u00fc hans\u0131sa ciddi d\u0259y\u0259rd\u0259dir. Moskva \u00fc\u00e7\u00fcn Qaraba\u011fda m\u00fcv\u0259qq\u0259ti yerl\u0259\u015fdirilmi\u015f h\u0259rbi kontingenti haz\u0131rda daha b\u00f6y\u00fck \u0259h\u0259miyy\u0259t da\u015f\u0131y\u0131r.<\/strong><\/p>\n<p>*****<\/p>\n<p><em>Bu arada Rusiya D\u00f6vl\u0259t Dumas\u0131n\u0131n Ukraynadak\u0131 separat\u00e7\u0131 qurumlar\u0131n (\u201cDNR\u201d v\u0259 \u201cLNR\u201d) \u201cm\u00fcst\u0259qilliyini\u201d tan\u0131mas\u0131 v\u0259 Putin\u0259 bunun t\u0259sdiqi \u00fc\u00e7\u00fcn m\u00fcraci\u0259t el\u0259m\u0259si \u0130r\u0259vanda sevinc hissi il\u0259 yana\u015f\u0131, Moskvaya qar\u015f\u0131 q\u0259z\u0259bli ovqat yarad\u0131b. Erm\u0259ni siyasi yazarlardan biri is\u0259 \u00f6z m\u0259qal\u0259sin\u0259 el\u0259 bu c\u00fcr d\u0259 ba\u015fl\u0131q qoyub: \u201cArtsax\u201d\u0131n \u201cDNR\u201d v\u0259 \u201cLNR\u201dd\u0259n n\u0259yi pisdir?&#8221; Y\u0259ni Moskva niy\u0259 \u201cartsax\u201d\u0131n da \u201cm\u00fcst\u0259qilliyi\u201dni tan\u0131mas\u0131n?<\/em><\/p>\n<p>B\u0259db\u0259xtl\u0259r h\u0259l\u0259 d\u0259 anlamaq ist\u0259mirl\u0259r ki, Rusiyaya Qafqazda \u201cikinci erm\u0259ni d\u00f6vl\u0259ti\u201d yox, \u201cerm\u0259ni kart\u0131\u201d laz\u0131md\u0131r. Y\u0259ni Moskva, sad\u0259c\u0259, onlardan al\u0259t, vasit\u0259 kimi istifad\u0259 el\u0259m\u0259kl\u0259 regionda \u00f6z maraqlar\u0131n\u0131 qoruma\u011fa, \u201cpar\u00e7ala, h\u00f6km s\u00fcr\u201d siyas\u0259tini s\u00fcrd\u00fcrm\u0259y\u0259 \u00e7al\u0131\u015f\u0131r. Bundan art\u0131\u011f\u0131 onun imkanlar\u0131 xaricind\u0259dir. \u00c7\u00fcnki T\u00fcrkiy\u0259 amili var, Az\u0259rbaycan is\u0259 Ukrayna v\u0259 ya G\u00fcrc\u00fcstan deyil.<\/p>\n<p><img src=\"https:\/\/ichef.bbci.co.uk\/news\/640\/cpsprodpb\/16C9F\/production\/_115134339_f7c74472-8a0a-41c9-be9e-6f742651dec2.jpg\" alt=\"Da\u011fl\u0131k Karaba\u011f lideri Harutyunyan: Azerbaycan g\u00fc\u00e7leri tarihi \u015eu\u015fa kentinden  sadece 5 kilometre uzakta - BBC News T\u00fcrk\u00e7e\" \/><\/p>\n<p><strong>\u0130ndi n\u0259 d\u0259r\u0259c\u0259d\u0259 Rusiya \u00f6z h\u0259d\u0259fl\u0259rin\u0259 nail olub v\u0259 ya olacaq, bunu da zaman g\u00f6st\u0259r\u0259c\u0259k. Lap d\u0259qiqi, 2025-ci ilin ortalar\u0131nda bilin\u0259c\u0259k. Lakin ger\u00e7\u0259k bel\u0259dir ki, Az\u0259rbaycan qarda\u015f T\u00fcrkiy\u0259 il\u0259 siyasi-h\u0259rbi tandemd\u0259 Moskvaya bu \u201ckartdan\u201d ax\u0131rad\u0259k istifad\u0259 el\u0259m\u0259y\u0259 imkan verm\u0259y\u0259c\u0259k. Nec\u0259 ki, az \u00f6nc\u0259 ruslar \u201cArtsax polisi\u201d olay\u0131 il\u0259 \u0259m\u0259llic\u0259 \u0259s\u0259bl\u0259rimizl\u0259 oynama\u011fa \u00e7al\u0131\u015fm\u0131\u015fd\u0131lar. Lakin sonra m\u0259lumat g\u0259ldi ki, Rusiya kontingentinin r\u0259hb\u0259rliyi bir daha bel\u0259 bir insidentin t\u0259krarlanmayaca\u011f\u0131na s\u00f6z verib.\u00a0<\/strong><\/p>\n<p>Yaxud iki g\u00fcn \u00f6nc\u0259 Qaraba\u011fda erm\u0259ni separat\u00e7\u0131lar\u0131n\u0131n rus h\u0259rb\u00e7il\u0259rinin qorumas\u0131 alt\u0131nda v\u0259 \u201ck\u0259nd t\u0259s\u0259rr\u00fcfat\u0131 i\u015fl\u0259ri\u201d b\u0259han\u0259si il\u0259 s\u0259ng\u0259r qaz\u0131y\u0131b istehkam i\u015fl\u0259ri g\u00f6rm\u0259y\u0259 c\u0259hd g\u00f6st\u0259rm\u0259si v\u0259 ordumuzun bunun qar\u015f\u0131s\u0131n\u0131 q\u0259tiyy\u0259tl\u0259 almas\u0131. Yaz\u0131 haz\u0131rlanark\u0259n is\u0259 m\u0259lum oldu ki, \u00f6z\u00fcn\u00fc uydurma \u201cdqr\u201din \u201ct\u0259hl\u00fck\u0259sizlik \u015furas\u0131n\u0131n katibi\u201d sayan, Bak\u0131n\u0131n beyn\u0259lxalq axtar\u0131\u015fa verdiyi quldur Vitali Balasanyan\u0131n t\u0259\u015f\u0259bb\u00fcs\u00fc il\u0259 2022-ci ilin fevral-may aylar\u0131nda \u201carsax m\u00fcdafi\u0259 ordusunun maddi-texniki bazas\u0131nda\u201d h\u0259rbi t\u0259liml\u0259r ke\u00e7iril\u0259c\u0259k. N\u0259hay\u0259t, qondarma \u201cartsax parlamenti\u201dnd\u0259 \u201ci\u015f\u011fal edilmi\u015f \u0259razil\u0259r\u201d haqda \u201cqanun layih\u0259si\u201d adland\u0131r\u0131lan ka\u011f\u0131z par\u00e7as\u0131 il\u0259 ba\u011fl\u0131 d\u00fcn\u0259n ba\u015flanan \u015fou-m\u00fczakir\u0259l\u0259r (s\u0259n dem\u0259, Az\u0259rbaycan \u00f6z\u00fc-\u00f6z\u00fcn\u0259 t\u0259cav\u00fcz edibmi\u015f!)<\/p>\n<p><strong>Dem\u0259k, rus-erm\u0259ni ortaq hoqqalar\u0131 davam edir. Y\u0259qin ki, davam\u0131 olacaq. Bunu Bak\u0131 da, Ankara da bilir v\u0259 m\u00fcvafiq \u00f6n haz\u0131rl\u0131qlar\u0131n\u0131 g\u00f6r\u00fcr. Dey\u0259s\u0259n, anklavda \u201cBayraktar\u201dlar \u00fc\u00e7\u00fcn dar\u0131x\u0131blar&#8230;<\/strong><\/p>\n<p>*****<\/p>\n<p><img src=\"https:\/\/azedu.az\/uploads\/news\/2020\/11\/azedu.az_modern.az_x_481_59.jpg\" alt=\"Xank\u0259ndind\u0259 idar\u0259etm\u0259 nec\u0259 olacaq... - AzEdu.az AZ\u018fRBAYCAN T\u018fHS\u0130L PORTALI\" \/><\/p>\n<p>Son ba\u015f ver\u0259nl\u0259r \u0259slind\u0259 Rusiya h\u0259rb\u00e7il\u0259rin\u0259 g\u00fcv\u0259n\u0259n kriminal v\u0259 oyuncaq rejimin son \u00e7\u0131rp\u0131nt\u0131lar\u0131 hesab edilm\u0259lidir. \u201c\u015eeytan yuvas\u0131\u201d Xank\u0259ndind\u0259 art\u0131q yax\u015f\u0131 bilir v\u0259 hiss edirl\u0259r ki, \u00e7\u0259nb\u0259r daral\u0131r, \u201cd\u00f6vl\u0259tcik\u201d oyunu bitm\u0259k \u00fczr\u0259dir v\u0259 onlar\u0131 he\u00e7 Rusiya da xilas ed\u0259 bilm\u0259y\u0259c\u0259k. Bu m\u0259nada tezlikl\u0259 qandallan\u0131b Bak\u0131ya g\u0259tiril\u0259c\u0259yi deyil\u0259n separat\u00e7\u0131-ba\u015f\u0131 Araik Arutyunyan\u0131n oyuncaq rejimin sonuncu qondarma \u201cprezidenti\u201d olaca\u011f\u0131na \u015f\u0259kk-\u015f\u00fcbh\u0259 yoxdur.<\/p>\n<p>Daha anklavda n\u0259 qanunsuz \u201cprezident\u201d, n\u0259 d\u0259 saxta \u201cprezident\u201d se\u00e7kil\u0259ri ke\u00e7irm\u0259k m\u00fcmk\u00fcn olacaq. Bunu zat\u0259n \u00f6zl\u0259ri d\u0259 etiraf el\u0259m\u0259y\u0259 ba\u015flay\u0131blar. \u0130kinci yandan, yada salaq ki, indiy\u0259d\u0259k bu q\u0259bild\u0259n \u201cse\u00e7kil\u0259ri\u201d Rusiya da daxil, he\u00e7 bir d\u00f6vl\u0259t, beyn\u0259lxalq birlik tan\u0131may\u0131b, o ki ola Erm\u0259nistan m\u00fcharib\u0259d\u0259 darmada\u011f\u0131n edil\u0259nd\u0259n v\u0259 erm\u0259ni separatizminin \u201cf\u0259q\u0259r\u0259 s\u00fctunu\u201d s\u0131nd\u0131r\u0131landan sonra.<\/p>\n<p>Odur ki, n\u0259 q\u0259d\u0259r gec deyil, anklavda gizl\u0259n\u0259n erm\u0259ni separat\u00e7\u0131 \u00fcns\u00fcrl\u0259r \u00f6zl\u0259rini Az\u0259rbaycan\u0131n h\u00fcquq-m\u00fchafiz\u0259 orqanlar\u0131na t\u0259slim el\u0259m\u0259li, Az\u0259rbaycan xalq\u0131ndan \u00fczr ist\u0259m\u0259li v\u0259 oradak\u0131 erm\u0259ni \u0259halini konstitusiyam\u0131z\u0131 tan\u0131ma\u011fa t\u0259\u015fviq el\u0259m\u0259lidirl\u0259r. B\u0259lk\u0259 onda Az\u0259rbaycan d\u00f6vl\u0259ti onlar\u0131n c\u0259zas\u0131n\u0131 qism\u0259n y\u00fcng\u00fcll\u0259\u015fdirdi. H\u0259r nec\u0259 olmasa, \u201cq\u0131z\u0131l amnistiya\u201d istisna deyil. T\u0259bii ki, qat\u0131 cinay\u0259tkarlar v\u0259 terror\u00e7ular m\u0259rh\u0259m\u0259t\u0259 \u00fcmid ed\u0259 bilm\u0259zl\u0259r&#8230;<\/p>\n<p>&nbsp;<\/p>\n","protected":false},"excerpt":{"rendered":"<p>Qaraba\u011fdak\u0131 oyuncaq rejimin son \u00e7\u0131rp\u0131nt\u0131lar\u0131; Araik Arutyunyan onun sonuncu \u201cprezidenti\u201d olacaq&#8230; Post-m\u00fcharib\u0259 d\u00f6n\u0259mind\u0259 Az\u0259rbaycan\u0131n Q\u0259rb \u00fc\u00e7\u00fcn artan \u00f6n\u0259mi, \u201cdemokratik\u201d Erm\u0259nistan\u0131n is\u0259 s\u0131f\u0131rlanan \u0259h\u0259miyy\u0259ti art\u0131q dan\u0131lmaz faktd\u0131r. Ukrayna b\u00f6hran\u0131 fonunda is\u0259 \u00f6lk\u0259mizin energetik v\u0259 geosiyasi \u0259h\u0259miyy\u0259ti bir az da b\u00f6y\u00fcy\u00fcb. \u0130ki g\u00fcn \u00f6nc\u0259 NATO Ba\u015f katibi Yens Stoltenberqin Prezident \u0130lham \u018fliyev\u0259 z\u0259ng el\u0259m\u0259si buna \u015f\u00fcbh\u0259 saxlamad\u0131. S\u00f6zs\u00fcz ki, s\u00f6hb\u0259t yaln\u0131zca Az\u0259rbaycan\u0131n qit\u0259nin qaz t\u0259chizat\u0131na \u0259lav\u0259 t\u00f6hf\u0259 verm\u0259sind\u0259n getmir. \u00dcmum\u0131n NATO-nun apar\u0131c\u0131 \u00fczvl\u0259rind\u0259n olan T\u00fcrkiy\u0259 il\u0259 x\u00fcsus\u0259n d\u0259 \u015eu\u015fa B\u0259yannam\u0259sind\u0259n sonra faktiki \u201c\u0259t-d\u0259rnaq\u201d kimi olan \u00f6lk\u0259mizin C\u0259nubi Qafqazda oynad\u0131\u011f\u0131 a\u00e7ar roldan gedir.&hellip;<\/p>\n","protected":false},"author":2,"featured_media":440080,"comment_status":"closed","ping_status":"closed","sticky":false,"template":"","format":"standard","meta":{"om_disable_all_campaigns":false,"_monsterinsights_skip_tracking":false,"_monsterinsights_sitenote_active":false,"_monsterinsights_sitenote_note":"","_monsterinsights_sitenote_category":0},"categories":[19],"tags":[],"aioseo_notices":[],"gutentor_comment":0,"rttpg_featured_image_url":{"full":["https:\/\/arantv.az\/wp-content\/uploads\/2022\/02\/d2706af15a9809523a10bc81ed1c3e29.jpg",450,300,false],"landscape":["https:\/\/arantv.az\/wp-content\/uploads\/2022\/02\/d2706af15a9809523a10bc81ed1c3e29.jpg",450,300,false],"portraits":["https:\/\/arantv.az\/wp-content\/uploads\/2022\/02\/d2706af15a9809523a10bc81ed1c3e29.jpg",450,300,false],"thumbnail":["https:\/\/arantv.az\/wp-content\/uploads\/2022\/02\/d2706af15a9809523a10bc81ed1c3e29-450x280.jpg",450,280,true],"medium":["https:\/\/arantv.az\/wp-content\/uploads\/2022\/02\/d2706af15a9809523a10bc81ed1c3e29.jpg",450,300,false],"large":["https:\/\/arantv.az\/wp-content\/uploads\/2022\/02\/d2706af15a9809523a10bc81ed1c3e29.jpg",450,300,false],"1536x1536":["https:\/\/arantv.az\/wp-content\/uploads\/2022\/02\/d2706af15a9809523a10bc81ed1c3e29.jpg",450,300,false],"2048x2048":["https:\/\/arantv.az\/wp-content\/uploads\/2022\/02\/d2706af15a9809523a10bc81ed1c3e29.jpg",450,300,false],"post-thumbnail":["https:\/\/arantv.az\/wp-content\/uploads\/2022\/02\/d2706af15a9809523a10bc81ed1c3e29-240x172.jpg",240,172,true],"advps-thumb-one":["https:\/\/arantv.az\/wp-content\/uploads\/2022\/02\/d2706af15a9809523a10bc81ed1c3e29.jpg",450,300,false]},"rttpg_author":{"display_name":"V\u00fcsal Rafiqo\u011flu","author_link":"https:\/\/arantv.az\/?author=2"},"rttpg_comment":0,"rttpg_category":"<a href=\"https:\/\/arantv.az\/?cat=19\" rel=\"category\">G\u00fcnd\u0259m<\/a>","rttpg_excerpt":"Qaraba\u011fdak\u0131 oyuncaq rejimin son \u00e7\u0131rp\u0131nt\u0131lar\u0131; Araik Arutyunyan onun sonuncu \u201cprezidenti\u201d olacaq&#8230; Post-m\u00fcharib\u0259 d\u00f6n\u0259mind\u0259 Az\u0259rbaycan\u0131n Q\u0259rb \u00fc\u00e7\u00fcn artan \u00f6n\u0259mi, \u201cdemokratik\u201d Erm\u0259nistan\u0131n is\u0259 s\u0131f\u0131rlanan \u0259h\u0259miyy\u0259ti art\u0131q dan\u0131lmaz faktd\u0131r. Ukrayna b\u00f6hran\u0131 fonunda is\u0259 \u00f6lk\u0259mizin energetik v\u0259 geosiyasi \u0259h\u0259miyy\u0259ti bir az da b\u00f6y\u00fcy\u00fcb. \u0130ki g\u00fcn \u00f6nc\u0259 NATO Ba\u015f katibi Yens Stoltenberqin Prezident \u0130lham \u018fliyev\u0259 z\u0259ng el\u0259m\u0259si buna \u015f\u00fcbh\u0259 saxlamad\u0131.&hellip;","_links":{"self":[{"href":"https:\/\/arantv.az\/index.php?rest_route=\/wp\/v2\/posts\/440079"}],"collection":[{"href":"https:\/\/arantv.az\/index.php?rest_route=\/wp\/v2\/posts"}],"about":[{"href":"https:\/\/arantv.az\/index.php?rest_route=\/wp\/v2\/types\/post"}],"author":[{"embeddable":true,"href":"https:\/\/arantv.az\/index.php?rest_route=\/wp\/v2\/users\/2"}],"replies":[{"embeddable":true,"href":"https:\/\/arantv.az\/index.php?rest_route=%2Fwp%2Fv2%2Fcomments&post=440079"}],"version-history":[{"count":0,"href":"https:\/\/arantv.az\/index.php?rest_route=\/wp\/v2\/posts\/440079\/revisions"}],"wp:featuredmedia":[{"embeddable":true,"href":"https:\/\/arantv.az\/index.php?rest_route=\/wp\/v2\/media\/440080"}],"wp:attachment":[{"href":"https:\/\/arantv.az\/index.php?rest_route=%2Fwp%2Fv2%2Fmedia&parent=440079"}],"wp:term":[{"taxonomy":"category","embeddable":true,"href":"https:\/\/arantv.az\/index.php?rest_route=%2Fwp%2Fv2%2Fcategories&post=440079"},{"taxonomy":"post_tag","embeddable":true,"href":"https:\/\/arantv.az\/index.php?rest_route=%2Fwp%2Fv2%2Ftags&post=440079"}],"curies":[{"name":"wp","href":"https:\/\/api.w.org\/{rel}","templated":true}]}}