{"id":440082,"date":"2022-02-17T08:23:13","date_gmt":"2022-02-17T05:23:13","guid":{"rendered":"http:\/\/arantv.az\/?p=440082"},"modified":"2022-02-17T08:23:13","modified_gmt":"2022-02-17T05:23:13","slug":"aqil-abbas-%c9%99vv%c9%99l-axir-sulh-olmalidir-xalqlar-%c9%99b%c9%99di-olaraq-dusm%c9%99n-qala-bilm%c9%99z","status":"publish","type":"post","link":"https:\/\/arantv.az\/?p=440082","title":{"rendered":"Aqil Abbas: \u201c\u018fvv\u0259l-ax\u0131r s\u00fclh olmal\u0131d\u0131r, xalqlar \u0259b\u0259di olaraq d\u00fc\u015fm\u0259n qala bilm\u0259z\u201d"},"content":{"rendered":"<p><strong>Az\u0259rbaycan Prezidenti \u0130lham \u018fliyevin A\u011fdam \u201cC\u00fcm\u0259\u201d m\u0259scidi \u00f6n\u00fcnd\u0259 verdiyi a\u00e7\u0131qlama h\u0259r k\u0259s\u0259 d\u0259rin t\u0259sir edib. Prezident deyib ki, m\u00fcharib\u0259d\u0259n sonra A\u011fdama \u00fc\u00e7\u00fcnc\u00fc s\u0259f\u0259ridir v\u0259 h\u0259r d\u0259f\u0259 buraya g\u0259l\u0259nd\u0259, \u00fcr\u0259yi a\u011fr\u0131y\u0131r.<\/strong><\/p>\n<p>Bu hissl\u0259ri A\u011fdamda, F\u00fczulid\u0259, Z\u0259ngilanda, Qubadl\u0131da, K\u0259lb\u0259c\u0259rd\u0259, C\u0259bray\u0131lda olan h\u0259r bir az\u0259rbaycanl\u0131 ya\u015fay\u0131r v\u0259 ya\u015fayacaq. Erm\u0259nil\u0259r v\u0259h\u015fi, bir gerilik\u00e7i tayfa kimi i\u015f\u011fal etdikl\u0259ri \u0259razil\u0259rimizi xaraba qoyub, da\u015f-torpa\u011f\u0131n\u0131 s\u00f6k\u00fcb apar\u0131b. Bu \u0259razil\u0259rd\u0259 bir d\u0259n\u0259 d\u0259 olsun salamat tikili yoxdur. Erm\u0259ni vandalizmi bizim h\u0259r birimizin \u00fcr\u0259yin\u0259 da\u011f \u00e7\u0259kib. On minl\u0259rl\u0259 soyda\u015f\u0131m\u0131z\u0131 h\u0259lak ed\u0259n, yurd-yuvam\u0131z\u0131 da\u011f\u0131dan bir toplumla bizim ortaq g\u0259l\u0259c\u0259yimiz ola bil\u0259rmi?<\/p>\n<p>Z\u0259f\u0259rd\u0259n sonra r\u0259smi s\u0259viyy\u0259l\u0259rd\u0259 erm\u0259nil\u0259rl\u0259 Qaraba\u011fda bir arada ya\u015famaq z\u0259rur\u0259ti v\u0259 m\u00fcmk\u00fcnl\u00fcy\u00fcnd\u0259n dan\u0131\u015f\u0131l\u0131r, b\u0259yanat verilir. Lakin ger\u00e7\u0259k s\u0259hn\u0259 ba\u015fqad\u0131r &#8211;\u00a0 az\u0259rbaycanl\u0131lar b\u00fct\u00fcn bunlardan sonra erm\u0259nil\u0259rl\u0259 ortaq, birg\u0259 ya\u015fay\u0131\u015f\u0131 t\u0259xmin ed\u0259 bilirmi, m\u00fcmk\u00fcn say\u0131rm\u0131? Biz onlar\u0131n biz\u0259 qar\u015f\u0131 etdikl\u0259rini nec\u0259 unuda bil\u0259rik? Bel\u0259 bir g\u0259l\u0259c\u0259k g\u0259l\u0259c\u0259kmi?<\/p>\n<p>Bu suallarla m\u00fcraci\u0259t etdiyimiz tan\u0131nm\u0131\u015f az\u0259rbaycanl\u0131lar\u0131n, r\u0259y liderl\u0259rinin, Qaraba\u011f do\u011fumlu ictimai-siyasi xadiml\u0259rin, s\u0259n\u0259t adamlar\u0131n\u0131n cavablar\u0131n\u0131 oxucular\u0131m\u0131za t\u0259qdim edirik.<\/p>\n<p>\u018fsl\u0259n A\u011fdamdan olan mill\u0259t v\u0259kili Aqil Abbas bildirdi ki, erm\u0259nil\u0259rl\u0259 birg\u0259 ya\u015fama\u011f\u0131m\u0131z \u00fc\u00e7\u00fcn h\u0259l\u0259 xeyli zaman laz\u0131md\u0131r: \u201c\u018fg\u0259r erm\u0259nil\u0259r \u00f6z iddialar\u0131ndan \u0259l \u00e7\u0259ks\u0259l\u0259r, birg\u0259 ya\u015fay\u0131\u015f m\u00fcmk\u00fcn ola bil\u0259r. Lakin buna da zaman laz\u0131md\u0131r, \u00e7\u00fcnki yaralar \u00e7ox a\u011f\u0131r v\u0259 d\u0259rindir. S\u00f6hb\u0259t t\u0259kc\u0259 \u015f\u0259h\u0259rl\u0259rin v\u0259h\u015filikl\u0259 da\u011f\u0131d\u0131lmas\u0131ndan, xarabaya \u00e7evrilm\u0259sind\u0259n getmir. On minl\u0259rl\u0259 g\u00fcnahs\u0131z dinc insanlar\u0131m\u0131z q\u0131r\u0131l\u0131b, k\u00fctl\u0259vi soyq\u0131r\u0131mlar t\u00f6r\u0259dilib. B\u00fct\u00fcn bunlar a\u011f\u0131rd\u0131r.<\/p>\n<p>\u015e\u0259xs\u0259n m\u0259nim \u00fc\u00e7\u00fcn d\u0259 bu \u00e7ox a\u011f\u0131rd\u0131r. M\u0259nim d\u0259 evimd\u0259n \u015f\u0259hid gedib, dostlar\u0131m q\u0131r\u0131l\u0131b. A\u011fdamda m\u0259niml\u0259 oxuyan u\u015faqlar\u0131n dem\u0259k olar ki, 60-70 faizi \u015f\u0259hid olub. Bu m\u0259nada yara h\u0259l\u0259 d\u0259rindir&#8230; Amma \u0259vv\u0259l-ax\u0131r s\u00fclh olmal\u0131d\u0131r, xalqlar \u0259b\u0259di olaraq d\u00fc\u015fm\u0259n qala bilm\u0259z. Bunun \u00fc\u00e7\u00fcn d\u0259 Qaraba\u011fda ya\u015fayan erm\u0259nil\u0259r v\u0259t\u0259nda\u015fl\u0131\u011f\u0131m\u0131z\u0131 q\u0259bul etm\u0259lidirl\u0259r, bundan sonra m\u0259s\u0259l\u0259y\u0259 baxmaq olar.<\/p>\n<p><strong>D\u00fc\u015f\u00fcn\u00fcr\u0259m ki, erm\u0259ni xalq\u0131 da m\u00fcharib\u0259 ist\u0259mir. Erm\u0259ni analar\u0131 ist\u0259m\u0259z ki, o\u011fullar\u0131 Qaraba\u011fda \u00f6ls\u00fcn. Xat\u0131rlay\u0131rs\u0131n\u0131zsa, Prezidentimiz d\u0259 s\u0259sl\u0259nirdi ki, \u201cs\u0259nin A\u011fdamda v\u0259 yaxud dig\u0259r b\u00f6lg\u0259l\u0259rimizd\u0259 n\u0259 i\u015fin var idi?.. \u201d Onlar\u0131n da aras\u0131nda bar\u0131\u015f olma\u011f\u0131n\u0131 ist\u0259y\u0259nl\u0259r var ki, Pa\u015finyana s\u0259s verdil\u0259r. Y\u0259ni s\u00fclh\u0259 meyl var. \u00c7al\u0131\u015f\u0131rlar ki, T\u00fcrkiy\u0259 il\u0259 yollar a\u00e7\u0131ls\u0131n, ticar\u0259ti, iqtisadiyyat\u0131 inki\u015faf etsin. Bunu ist\u0259m\u0259y\u0259nl\u0259r Nyu-Yorkda v\u0259 yaxud Fransada oturub, qaba\u011f\u0131nda viski olanlard\u0131r. Onlar\u0131n n\u0259 vecin\u0259dir ki, Erm\u0259nistan, erm\u0259nil\u0259r n\u0259 g\u00fcnd\u0259dir?&#8221;<\/strong><\/p>\n<p><strong>Xalq artisti, \u0259sl\u0259n A\u011fdamdan olan xan\u0259nd\u0259 M\u0259nsum \u0130brahimov:<\/strong><\/p>\n<p>\u201cO torpaqda do\u011fulan s\u0259n\u0259tkar kimi dey\u0259 bil\u0259r\u0259m ki, Qaraba\u011f i\u015f\u011faldan azad olunduqdan sonra m\u0259n d\u0259 A\u011fdamda \u00fc\u00e7 d\u0259f\u0259 olmu\u015fam. H\u0259r d\u0259f\u0259 d\u0259 m\u00f6ht\u0259\u015f\u0259m \u015f\u0259kild\u0259 qoyub \u00e7\u0131xd\u0131\u011f\u0131m\u0131z A\u011fdam\u0131 indi bu v\u0259ziyy\u0259td\u0259 g\u00f6r\u0259nd\u0259 \u00fcr\u0259yimizd\u0259n qara qanlar ax\u0131r.\u00a0 A\u011fdam indi bir ruhlar \u015f\u0259h\u0259rin\u0259, xarabal\u0131\u011fa \u00e7evrilib.\u00a0 Bunu ancaq v\u0259h\u015fi, vandal ed\u0259 bil\u0259r. Biz g\u00f6rm\u00fc\u015f\u00fck ki, \u0259sg\u0259r \u0259sg\u0259rl\u0259, ordu orduyla d\u00f6y\u00fc\u015f\u0259r. \u018fsg\u0259r \u00f6l\u00fcl\u0259r, q\u0259biristanl\u0131qlar, abid\u0259l\u0259r, m\u0259scidl\u0259rl\u0259 d\u00f6y\u00fc\u015fm\u0259z. Bu q\u0259d\u0259r vandall\u0131q insanl\u0131q tarixind\u0259 g\u00f6r\u00fcnm\u0259yib.<\/p>\n<p><img src=\"https:\/\/www.bakupost.az\/uploads\/news\/2020-12-31-17-18-04lt4EERkEuYWDbTP8C3dU_file.jpg\" alt=\"Bakupost.az - &amp;amp;quot;Q\u0131z\u0131m 10 ildir X\u0130N-d\u0259 \u00e7al\u0131\u015f\u0131r&amp;amp;quot; - M\u0259nsum \u0130brahimov\" \/><\/p>\n<p><strong>M\u0259nsum \u0130brahimov: \u201cN\u0259 onlar Qaraba\u011fdan ged\u0259sidir, n\u0259 d\u0259 ki, biz oradan k\u00f6\u00e7\u0259siyik, buna g\u00f6r\u0259 d\u0259&#8230; \u201d<\/strong><\/p>\n<p>\u018flb\u0259tt\u0259 ki, m\u00fcharib\u0259l\u0259r he\u00e7 vaxt \u0259b\u0259di olmay\u0131b v\u0259 sonu h\u0259mi\u015f\u0259 s\u00fclhl\u0259 bitib. D\u00fc\u015f\u00fcn\u00fcr\u0259m ki, s\u00fclh\u00a0 laz\u0131md\u0131r. \u00c7\u00fcnki n\u0259 onlar Qaraba\u011fdan ged\u0259sidir, n\u0259 d\u0259 ki, biz oradan k\u00f6\u00e7\u0259siyik. Buna g\u00f6r\u0259 d\u0259 s\u00fclh imzalanmal\u0131, s\u0259rh\u0259dl\u0259r m\u00fc\u0259yy\u0259nl\u0259\u015fm\u0259lidir.<\/p>\n<p>Lakin bir \u015feyi d\u0259 deyim ki, erm\u0259ni d\u00f6vl\u0259ti \u0259b\u0259di v\u0259 \u0259z\u0259li bizim d\u00fc\u015fm\u0259nimizdir. Burada dostluqdan s\u00f6hb\u0259t ged\u0259 bilm\u0259z. Y\u0259ni m\u00fctl\u0259q \u015f\u0259kild\u0259 s\u00fclh\u00a0 olacaq v\u0259 olmal\u0131d\u0131r. Amma Xocal\u0131 faci\u0259sini v\u0259 dig\u0259r v\u0259h\u015filikl\u0259ri biz he\u00e7 zaman unuda bilm\u0259rik&#8221;.<\/p>\n<p><img src=\"https:\/\/upload.wikimedia.org\/wikipedia\/az\/6\/63\/Akif_Na%C4%9F%C4%B1.jpeg\" alt=\"Akif Na\u011f\u0131 \u2014 Vikipediya\" \/><\/p>\n<p><strong>Akif Na\u011f\u0131: \u201cErm\u0259nil\u0259r d\u00fc\u015f\u00fcnm\u0259lidirl\u0259r ki, bu q\u0259d\u0259r v\u0259h\u015filikl\u0259rd\u0259n sonra n\u0259 etm\u0259lidirl\u0259r ki, biz onlarla m\u00fcnasib\u0259tl\u0259ri normalla\u015fd\u0131ra bil\u0259k\u201d<\/strong><\/p>\n<p>Qaraba\u011f Azadl\u0131q T\u0259\u015fkilat\u0131n\u0131n s\u0259dri, \u0259sl\u0259n A\u011fdamdan olan Akif Na\u011f\u0131 da qeyd etdi ki,\u00a0 Prezidentimiz t\u0259kc\u0259 d\u00f6vl\u0259t ba\u015f\u00e7\u0131s\u0131 kimi deyil, h\u0259m d\u0259 bir az\u0259rbaycanl\u0131 kimi A\u011fdamda, dig\u0259r yerl\u0259rd\u0259 erm\u0259ni v\u0259h\u015filiyinin t\u00f6r\u0259tdiyi xarabal\u0131qlardan \u00fcr\u0259k a\u011fr\u0131s\u0131 ke\u00e7irdiyini dil\u0259 g\u0259tirib:<\/p>\n<p><strong>\u201cH\u0259qiq\u0259t\u0259n d\u0259, h\u0259r bir az\u0259rbaycanl\u0131,\u00a0 x\u00fcsus\u0259n d\u0259 h\u0259min b\u00f6lg\u0259l\u0259rin sakinl\u0259ri, yurd-yuvas\u0131ndan ill\u0259rl\u0259 did\u0259rgin\u00a0 sal\u0131nm\u0131\u015f insanlar bu m\u0259nz\u0259r\u0259l\u0259ri g\u00f6r\u0259nd\u0259 d\u0259h\u015f\u0259t\u0259 g\u0259lir.<\/strong><\/p>\n<p>Bundan sonra da\u00a0 biz\u0259 deyirl\u0259r ki, erm\u0259nil\u0259rl\u0259 bar\u0131\u015fmal\u0131y\u0131q, onlarla birg\u0259 ya\u015famal\u0131y\u0131q&#8230; Bu, h\u0259ddind\u0259n art\u0131q \u00e7\u0259tindir. Erm\u0259nil\u0259r d\u00fc\u015f\u00fcnm\u0259lidirl\u0259r ki, bu q\u0259d\u0259r v\u0259h\u015filikl\u0259rd\u0259n sonra n\u0259 etm\u0259lidirl\u0259r ki, biz onlarla m\u00fcnasib\u0259tl\u0259ri normalla\u015fd\u0131ra bil\u0259k.<\/p>\n<p>M\u0259lum oldu\u011fu kimi, erm\u0259nil\u0259rin biz\u0259 qar\u015f\u0131 t\u00f6r\u0259tdikl\u0259ri v\u0259h\u015filikl\u0259r ilk d\u0259f\u0259 deyil. H\u0259l\u0259 20-ci \u0259srin \u0259vv\u0259ll\u0259rind\u0259 erm\u0259nil\u0259r d\u0259f\u0259l\u0259rl\u0259 v\u0259h\u015filikl\u0259r, soyq\u0131r\u0131mlar t\u00f6r\u0259tmi\u015fdil\u0259r. Sad\u0259c\u0259, sovet rejimi bu v\u0259h\u015filikl\u0259ri \u00f6rt-basd\u0131r etmi\u015fdi ki, \u00fcz\u0259 \u00e7\u0131xmas\u0131n. Y\u0259ni onlar d\u00fc\u015fm\u0259n\u00e7ilikl\u0259rind\u0259n he\u00e7 vaxt geri qalmay\u0131blar. Daha sonra 90-c\u0131 ill\u0259rd\u0259 t\u00f6r\u0259tdikl\u0259ri v\u0259h\u015filikl\u0259r insanl\u0131\u011fa s\u0131\u011fmayan cinay\u0259tl\u0259rdir. Erm\u0259nil\u0259r Qaraba\u011f m\u00fcharib\u0259sind\u0259n bir d\u0259n\u0259 d\u0259 olsun fakt g\u00f6st\u0259r\u0259 bilm\u0259zl\u0259r ki, bizim \u0259sg\u0259rl\u0259rimiz onlar\u0131n dinc \u0259halisin\u0259 qar\u015f\u0131 h\u0259r hans\u0131 v\u0259h\u015filik, q\u0131r\u011f\u0131n t\u00f6r\u0259tmi\u015f olsun. Ki\u00e7ik bir fakt olsayd\u0131 bel\u0259 onu tap\u0131b, \u015fi\u015fird\u0259rdil\u0259r. Amma bax\u0131n, erm\u0259nil\u0259r biz\u0259 qar\u015f\u0131 n\u0259 q\u0259d\u0259r v\u0259h\u015filikl\u0259r edib. Onlar\u0131n aras\u0131nda t\u0259kc\u0259 Xocal\u0131, Qarada\u011f faci\u0259sini g\u00f6st\u0259rm\u0259k kifay\u0259tdir. Erm\u0259nil\u0259r h\u0259r add\u0131mlar\u0131nda Az\u0259rbaycana qar\u015f\u0131 nifr\u0259tl\u0259rini n\u00fcmayi\u015f etdiribl\u0259r.<\/p>\n<p>Ona g\u00f6r\u0259 d\u0259 indi onlarla m\u00fcnasib\u0259tl\u0259rin normalla\u015fmas\u0131 \u00e7ox \u00e7\u0259tin m\u0259s\u0259l\u0259dir. Bu m\u0259s\u0259l\u0259 ilk n\u00f6vb\u0259d\u0259 onlar\u0131n t\u00f6r\u0259tdikl\u0259ri cinay\u0259tl\u0259ri etiraf v\u0259 t\u00f6vb\u0259 etm\u0259sind\u0259n ke\u00e7ir. Lakin onlar\u0131n bu fikird\u0259 olduqlar\u0131 g\u00f6r\u00fcnm\u00fcr. \u018fksin\u0259, \u00f6zl\u0259rini el\u0259 apar\u0131rlar ki, sanki he\u00e7 n\u0259 ba\u015f verm\u0259yib. Bu bax\u0131mdan yenid\u0259n birg\u0259, mehriban ya\u015fay\u0131\u015f \u00e7\u0259tin olacaq.<\/p>\n<p>H\u0259r halda, biz humanist xalq, mill\u0259tik. \u0130ndi quruculuq i\u015fl\u0259rimizl\u0259 m\u0259\u015f\u011ful olmal\u0131y\u0131q. Zaman, tarix h\u0259r \u015feyi g\u00f6st\u0259r\u0259c\u0259k&#8221;.<\/p>\n<p><strong>Musavat.com sayt\u0131n\u0131n ba\u015f redaktoru, \u0259sl\u0259n F\u00fczulid\u0259n olan Xalid Kaz\u0131ml\u0131 qeyd etdi ki, bu x\u00fcsusda ger\u00e7\u0259k m\u0259nz\u0259r\u0259 \u00e7ox ac\u0131d\u0131r:<\/strong><\/p>\n<p>\u201c\u0130\u015f\u011faldan qabaq h\u0259min rayonlar\u0131n birind\u0259 ya\u015fayan, o biril\u0259rini d\u0259 ziyar\u0259t ed\u0259n adam kimi rayonlar\u0131m\u0131z\u0131n i\u015f\u011faldan azad olunandan sonrak\u0131 hal\u0131n\u0131 g\u00f6rm\u0259k \u00e7ox a\u011f\u0131rd\u0131r. Hesab edin ki, \u0130srail boyda bir d\u00f6vl\u0259t darmada\u011f\u0131n edilib, xarabal\u0131\u011fa \u00e7evrilib. Abad bir mahal\u0131 b\u0259rbad etm\u0259k i\u015find\u0259 t\u0259kc\u0259 silahl\u0131 erm\u0259ni separat\u00e7\u0131lar\u0131 yox, az qala Da\u011fl\u0131q Qaraba\u011f \u0259razisind\u0259 ya\u015fayan b\u00fct\u00fcn yetkin erm\u0259nil\u0259r i\u015ftirak edib. Onlar ma\u015f\u0131nlara dolu\u015fub g\u0259lib, topda\u011f\u0131tmaz evl\u0259ri k\u0259rpic-k\u0259rpic, \u015fiver-\u015fifer, tir-tir s\u00f6k\u00fcb apar\u0131blar, \u00fcr\u0259kl\u0259ri soyumay\u0131b, apara bilm\u0259dikl\u0259rini yand\u0131r\u0131b, da\u015f qala\u011f\u0131na \u00e7eviribl\u0259r.<\/p>\n<p><img loading=\"lazy\" src=\"https:\/\/cdn.axar.az\/az\/cdn\/2016\/january\/13\/1452679896.jpg\" alt=\"Xalid Kaz\u0131ml\u0131 ev\u0259 burax\u0131ld\u0131\" width=\"558\" height=\"495\" \/><\/p>\n<p><strong>Xalid Kaz\u0131ml\u0131: \u201cBu gedi\u015fl\u0259 \u0259n az\u0131 y\u00fcz il birlikd\u0259 v\u0259\u00a0 mehriban ya\u015famaq m\u00fcmk\u00fcn olmayacaq, \u00e7\u00fcnki&#8230; \u201d<\/strong><\/p>\n<p>Biz\u0259 100 milyard dollar civar\u0131nda z\u0259r\u0259r vurulub v\u0259 bunun 1 faizini bel\u0259 onlar\u0131n \u00f6d\u0259m\u0259k fikirl\u0259ri, h\u0259tta imkanlar\u0131 da yoxdur. Amma biz yenid\u0259n birlikd\u0259, i\u00e7-i\u00e7\u0259 ya\u015famal\u0131y\u0131q. D\u00fcnya birliyi d\u0259 bel\u0259 ist\u0259yir, beyn\u0259lxalq h\u00fcquq da bunu t\u0259l\u0259b edir. \u015e\u0259xs\u0259n m\u0259n m\u00fcmk\u00fcn hesab etmir\u0259m. Bu gedi\u015fl\u0259 \u0259n az\u0131 y\u00fcz il birlikd\u0259 v\u0259\u00a0 mehriban ya\u015famaq m\u00fcmk\u00fcn olmayacaq. O zaman olar ki, erm\u0259nil\u0259r indiki t\u0259f\u0259kk\u00fcr t\u0259rzind\u0259n, ritorikalar\u0131ndan imtina etsinl\u0259r, islah olunsunlar, region a\u011fal\u0131\u011f\u0131 ambisiyalar\u0131ndan, b\u00f6y\u00fck d\u00f6vl\u0259t qurmaq x\u00fclyalar\u0131ndan \u0259l \u00e7\u0259ksinl\u0259r. Baxaq, g\u00f6r\u0259k, onlar\u0131n bel\u0259 bir fikri varm\u0131? Yoxdur. H\u0259tta daha da aqressivl\u0259\u015fibl\u0259r, \u0259vv\u0259lkind\u0259n daha art\u0131q qisas\u00e7\u0131 ovqata k\u00f6kl\u0259nibl\u0259r. Ona g\u00f6r\u0259 d\u0259 biz kiminl\u0259 qon\u015fu oldu\u011fumuzu he\u00e7 v\u0259chl\u0259 unutmamal\u0131y\u0131q\u201d.<\/p>\n<p><strong>\u201cYeni M\u00fcsavat\u201d q\u0259zetinin direktoru, \u0259sl\u0259n A\u011fdamdan olan \u018fl\u0259sg\u0259r S\u00fcleymanov:<\/strong><\/p>\n<p>\u201cTale el\u0259 g\u0259tirib ki, u\u015faql\u0131q ill\u0259rimd\u0259 h\u0259m A\u011fdamda, h\u0259m d\u0259 Bak\u0131da erm\u0259nil\u0259rl\u0259 qon\u015fu olmu\u015fuq. Do\u011frudur, Bak\u0131da olan erm\u0259nil\u0259r biz\u0259 ba\u015fqa c\u00fcr yana\u015f\u0131r, yax\u015f\u0131 m\u00fcnasib\u0259td\u0259 olma\u011fa \u00e7al\u0131\u015f\u0131rd\u0131lar, lakin Qaraba\u011fda v\u0259ziyy\u0259t bir q\u0259d\u0259r ba\u015fqa idi.<\/p>\n<p>D\u00fc\u015f\u00fcnm\u00fcr\u0259m ki, 30 il \u0259rzind\u0259 ba\u015f vermi\u015f hadis\u0259l\u0259r, faci\u0259l\u0259r, erm\u0259ni vandalizmi tez unudulsun, yaddan \u00e7\u0131xs\u0131n. \u018fvv\u0259la, \u00e7ox ciddi yaralar var. \u0130kincisi, viran qoyulmu\u015f \u0259razil\u0259ri, torpaqlar\u0131 g\u00f6r\u0259nd\u0259 insanda o mill\u0259t\u0259 qar\u015f\u0131 daha da b\u00f6y\u00fck kin yaran\u0131r. \u0130nsanl\u0131q, m\u0259rh\u0259m\u0259t hiss olmayan bir xalqla nec\u0259 yana\u015f\u0131, birg\u0259, mehriban ya\u015famaq olar?<\/p>\n<p><img loading=\"lazy\" src=\"http:\/\/cdn.musavat.com\/news\/thumbnails\/e67bac0a24ce5a9e6f319e4b0c46cfe5.jpg\" alt=\"Qaraba\u011fa s\u0259f\u0259rl\u0259rd\u0259 tan\u0131nm\u0131\u015f imzalar unudulur - reaksiyalar\" width=\"538\" height=\"587\" \/><\/p>\n<p><strong>\u018fl\u0259sg\u0259r S\u00fcleymanov: \u201c\u0130nsanl\u0131q, m\u0259rh\u0259m\u0259t hissi olmayan bir xalqla nec\u0259 yana\u015f\u0131, birg\u0259, mehriban ya\u015famaq olar?\u201d<\/strong><\/p>\n<p>Bel\u0259likl\u0259, bundan sonra Qaraba\u011fda az\u0259rbaycanl\u0131larla erm\u0259nil\u0259rin \u0259vv\u0259lki kimi birg\u0259, mehriban ya\u015faya bil\u0259c\u0259yini sanm\u0131ram. Ola bil\u0259r ki, \u015f\u0259rtl\u0259r bunu dikt\u0259 etsin. Lakin qeyd etdiyim kimi, onlar\u0131n t\u00f6r\u0259tdikl\u0259ri v\u0259h\u015filikl\u0259r, cinay\u0259tl\u0259r,\u00a0 t\u00f6kd\u00fckl\u0259ri qan uzun m\u00fcdd\u0259t unudulmayacaq&#8221;.<\/p>\n<p><strong>\u201cYeni M\u00fcsavat\u201d q\u0259zetinin jurnalisti, \u0259sl\u0259n K\u0259lb\u0259c\u0259rd\u0259n olan Etibar Seyida\u011fa is\u0259 bildirdi ki, Prezident \u0130lham \u018fliyev Az\u0259rbaycan xalq\u0131n\u0131n m\u00f6vqeyini ifad\u0259 edir:<\/strong><\/p>\n<p>\u201cM\u0259n d\u0259 bir Az\u0259rbaycan v\u0259t\u0259nda\u015f\u0131 kimi hesab edir\u0259m ki, m\u00fcxt\u0259lif beyn\u0259lxalq t\u0259\u015fkilatlar, d\u00f6vl\u0259tl\u0259r ilk n\u00f6vb\u0259d\u0259 Erm\u0259nistan\u0131n h\u0259qiq\u0259t\u0259n d\u0259 s\u00fclh\u0259, Az\u0259rbaycan\u0131n \u0259razi b\u00fct\u00f6vl\u00fcy\u00fcn\u00fc tan\u0131ma\u011fa haz\u0131r olub-olmad\u0131\u011f\u0131n\u0131 d\u0259qiql\u0259\u015fdirsinl\u0259r. Az\u0259rbaycan s\u00fclh\u0259 haz\u0131r oldu\u011funu Erm\u0259nistan 44 g\u00fcnl\u00fck m\u00fcharib\u0259d\u0259 diz \u00fcst\u0259 \u00e7\u00f6k\u0259rk\u0259n 10 noyabr b\u0259yanat\u0131na imza atmaqla r\u0259sm\u0259n ortaya qoyub. Erm\u0259nistan is\u0259 h\u0259l\u0259 d\u0259 o b\u0259yanat\u0131n t\u0259l\u0259bl\u0259rin\u0259 \u0259m\u0259l etmir.<\/p>\n<p><img loading=\"lazy\" src=\"https:\/\/d.radikal.ru\/d12\/2202\/51\/937d897afb60.jpg\" alt=\"\" width=\"720\" height=\"720\" \/><\/p>\n<p><strong>Etibar Seyida\u011fa: \u201cD\u00f6vl\u0259tl\u0259r ilk n\u00f6vb\u0259d\u0259 Erm\u0259nistan\u0131n h\u0259qiq\u0259t\u0259n d\u0259 s\u00fclh\u0259, Az\u0259rbaycan\u0131n \u0259razi b\u00fct\u00f6vl\u00fcy\u00fcn\u00fc tan\u0131ma\u011fa haz\u0131r olub-olmad\u0131\u011f\u0131n\u0131 d\u0259qiql\u0259\u015fdirsinl\u0259r\u201d.<\/strong><\/p>\n<p>M\u0259s\u0259l\u0259nin dig\u0259r t\u0259r\u0259fin\u0259 g\u0259linc\u0259, erm\u0259nil\u0259r Az\u0259rbaycan v\u0259t\u0259nda\u015fl\u0131\u011f\u0131n\u0131 q\u0259bul etmir, Az\u0259rbaycan d\u00f6vl\u0259tini tan\u0131m\u0131rlar, separat\u00e7\u0131l\u0131q m\u00f6vqeyind\u0259 qal\u0131rlar. Bel\u0259 oldu\u011fu t\u0259qdird\u0259, eyni zamanda 30 il\u0259 yax\u0131n Az\u0259rbaycan xalq\u0131na qar\u015f\u0131 h\u0259yata ke\u00e7iril\u0259n terror, i\u015f\u011fal faktlar\u0131 oldu\u011fu halda erm\u0259nil\u0259rl\u0259 birg\u0259 ya\u015fay\u0131\u015f m\u00fcmk\u00fcn deyil&#8221;.<\/p>\n<p>\u018fm\u0259kdar artist, \u201cPlanet Parni iz Baku\u201d KVN teatr\u0131n\u0131n b\u0259dii r\u0259hb\u0259ri, \u0259sl\u0259n \u015fu\u015fal\u0131 olan Tahir \u0130manov:<\/p>\n<p><img src=\"https:\/\/cdn.axar.az\/2021\/10\/21\/tahir-imanov.jpg\" alt=\"\u015e\u0259rt qoydular ki, bu nazirl\u0259ri t\u0259nqid etm\u0259yin \u2013 Tahir \u0130manov\" \/><\/p>\n<p><strong>Tahir \u0130manov: \u201cS\u00fclh m\u00fcqavil\u0259si m\u00fctl\u0259q imzalanmal\u0131d\u0131r, lakin&#8230; \u201d<\/strong><\/p>\n<p>\u201c\u00d6lk\u0259 Prezidenti xalq\u0131m\u0131za istiqam\u0259t g\u00f6st\u0259rdi ki, s\u00fclh m\u00fcqavil\u0259si imzalanmal\u0131d\u0131r, y\u0259ni bu m\u00fctl\u0259q olmal\u0131d\u0131r. Lakin biz he\u00e7 zaman t\u00f6r\u0259dil\u0259n v\u0259h\u015filikl\u0259ri unutmamal\u0131y\u0131q. Ba\u015f ver\u0259nl\u0259r art\u0131q bird\u0259f\u0259lik biz\u0259 d\u0259rs olmal\u0131d\u0131r.<\/p>\n<p>Bir daha qeyd edir\u0259m ki, gec-tez d\u00f6vl\u0259tl\u0259r aras\u0131nda s\u00fclh m\u00fcqavil\u0259si ba\u011flanacaq, biz onlarla qon\u015fu kimi ya\u015famaq m\u0259cburiyy\u0259tind\u0259yik. Ona g\u00f6r\u0259 d\u0259 Az\u0259rbaycan\u0131n \u0259razi b\u00fct\u00f6vl\u00fcy\u00fc \u00e7\u0259r\u00e7iv\u0259sind\u0259 \u0259limizd\u0259n g\u0259l\u0259ni etm\u0259liyik ki, bu s\u00fclh ba\u015f versin. Bu istiqam\u0259td\u0259 d\u0259 b\u00fct\u00fcn add\u0131mlar at\u0131l\u0131r&#8221;.<\/p>\n","protected":false},"excerpt":{"rendered":"<p>Az\u0259rbaycan Prezidenti \u0130lham \u018fliyevin A\u011fdam \u201cC\u00fcm\u0259\u201d m\u0259scidi \u00f6n\u00fcnd\u0259 verdiyi a\u00e7\u0131qlama h\u0259r k\u0259s\u0259 d\u0259rin t\u0259sir edib. Prezident deyib ki, m\u00fcharib\u0259d\u0259n sonra A\u011fdama \u00fc\u00e7\u00fcnc\u00fc s\u0259f\u0259ridir v\u0259 h\u0259r d\u0259f\u0259 buraya g\u0259l\u0259nd\u0259, \u00fcr\u0259yi a\u011fr\u0131y\u0131r. Bu hissl\u0259ri A\u011fdamda, F\u00fczulid\u0259, Z\u0259ngilanda, Qubadl\u0131da, K\u0259lb\u0259c\u0259rd\u0259, C\u0259bray\u0131lda olan h\u0259r bir az\u0259rbaycanl\u0131 ya\u015fay\u0131r v\u0259 ya\u015fayacaq. Erm\u0259nil\u0259r v\u0259h\u015fi, bir gerilik\u00e7i tayfa kimi i\u015f\u011fal etdikl\u0259ri \u0259razil\u0259rimizi xaraba qoyub, da\u015f-torpa\u011f\u0131n\u0131 s\u00f6k\u00fcb apar\u0131b. Bu \u0259razil\u0259rd\u0259 bir d\u0259n\u0259 d\u0259 olsun salamat tikili yoxdur. Erm\u0259ni vandalizmi bizim h\u0259r birimizin \u00fcr\u0259yin\u0259 da\u011f \u00e7\u0259kib. On minl\u0259rl\u0259 soyda\u015f\u0131m\u0131z\u0131 h\u0259lak ed\u0259n, yurd-yuvam\u0131z\u0131 da\u011f\u0131dan bir toplumla bizim ortaq g\u0259l\u0259c\u0259yimiz ola bil\u0259rmi?&hellip;<\/p>\n","protected":false},"author":2,"featured_media":440083,"comment_status":"closed","ping_status":"closed","sticky":false,"template":"","format":"standard","meta":{"om_disable_all_campaigns":false,"_monsterinsights_skip_tracking":false,"_monsterinsights_sitenote_active":false,"_monsterinsights_sitenote_note":"","_monsterinsights_sitenote_category":0},"categories":[19],"tags":[],"aioseo_notices":[],"gutentor_comment":0,"rttpg_featured_image_url":{"full":["https:\/\/arantv.az\/wp-content\/uploads\/2022\/02\/602b564b1921dc6299f3a898511c7bfd.jpg",450,300,false],"landscape":["https:\/\/arantv.az\/wp-content\/uploads\/2022\/02\/602b564b1921dc6299f3a898511c7bfd.jpg",450,300,false],"portraits":["https:\/\/arantv.az\/wp-content\/uploads\/2022\/02\/602b564b1921dc6299f3a898511c7bfd.jpg",450,300,false],"thumbnail":["https:\/\/arantv.az\/wp-content\/uploads\/2022\/02\/602b564b1921dc6299f3a898511c7bfd-450x280.jpg",450,280,true],"medium":["https:\/\/arantv.az\/wp-content\/uploads\/2022\/02\/602b564b1921dc6299f3a898511c7bfd.jpg",450,300,false],"large":["https:\/\/arantv.az\/wp-content\/uploads\/2022\/02\/602b564b1921dc6299f3a898511c7bfd.jpg",450,300,false],"1536x1536":["https:\/\/arantv.az\/wp-content\/uploads\/2022\/02\/602b564b1921dc6299f3a898511c7bfd.jpg",450,300,false],"2048x2048":["https:\/\/arantv.az\/wp-content\/uploads\/2022\/02\/602b564b1921dc6299f3a898511c7bfd.jpg",450,300,false],"post-thumbnail":["https:\/\/arantv.az\/wp-content\/uploads\/2022\/02\/602b564b1921dc6299f3a898511c7bfd-240x172.jpg",240,172,true],"advps-thumb-one":["https:\/\/arantv.az\/wp-content\/uploads\/2022\/02\/602b564b1921dc6299f3a898511c7bfd.jpg",450,300,false]},"rttpg_author":{"display_name":"V\u00fcsal Rafiqo\u011flu","author_link":"https:\/\/arantv.az\/?author=2"},"rttpg_comment":0,"rttpg_category":"<a href=\"https:\/\/arantv.az\/?cat=19\" rel=\"category\">G\u00fcnd\u0259m<\/a>","rttpg_excerpt":"Az\u0259rbaycan Prezidenti \u0130lham \u018fliyevin A\u011fdam \u201cC\u00fcm\u0259\u201d m\u0259scidi \u00f6n\u00fcnd\u0259 verdiyi a\u00e7\u0131qlama h\u0259r k\u0259s\u0259 d\u0259rin t\u0259sir edib. Prezident deyib ki, m\u00fcharib\u0259d\u0259n sonra A\u011fdama \u00fc\u00e7\u00fcnc\u00fc s\u0259f\u0259ridir v\u0259 h\u0259r d\u0259f\u0259 buraya g\u0259l\u0259nd\u0259, \u00fcr\u0259yi a\u011fr\u0131y\u0131r. Bu hissl\u0259ri A\u011fdamda, F\u00fczulid\u0259, Z\u0259ngilanda, Qubadl\u0131da, K\u0259lb\u0259c\u0259rd\u0259, C\u0259bray\u0131lda olan h\u0259r bir az\u0259rbaycanl\u0131 ya\u015fay\u0131r v\u0259 ya\u015fayacaq. Erm\u0259nil\u0259r v\u0259h\u015fi, bir gerilik\u00e7i tayfa kimi i\u015f\u011fal etdikl\u0259ri \u0259razil\u0259rimizi xaraba&hellip;","_links":{"self":[{"href":"https:\/\/arantv.az\/index.php?rest_route=\/wp\/v2\/posts\/440082"}],"collection":[{"href":"https:\/\/arantv.az\/index.php?rest_route=\/wp\/v2\/posts"}],"about":[{"href":"https:\/\/arantv.az\/index.php?rest_route=\/wp\/v2\/types\/post"}],"author":[{"embeddable":true,"href":"https:\/\/arantv.az\/index.php?rest_route=\/wp\/v2\/users\/2"}],"replies":[{"embeddable":true,"href":"https:\/\/arantv.az\/index.php?rest_route=%2Fwp%2Fv2%2Fcomments&post=440082"}],"version-history":[{"count":0,"href":"https:\/\/arantv.az\/index.php?rest_route=\/wp\/v2\/posts\/440082\/revisions"}],"wp:featuredmedia":[{"embeddable":true,"href":"https:\/\/arantv.az\/index.php?rest_route=\/wp\/v2\/media\/440083"}],"wp:attachment":[{"href":"https:\/\/arantv.az\/index.php?rest_route=%2Fwp%2Fv2%2Fmedia&parent=440082"}],"wp:term":[{"taxonomy":"category","embeddable":true,"href":"https:\/\/arantv.az\/index.php?rest_route=%2Fwp%2Fv2%2Fcategories&post=440082"},{"taxonomy":"post_tag","embeddable":true,"href":"https:\/\/arantv.az\/index.php?rest_route=%2Fwp%2Fv2%2Ftags&post=440082"}],"curies":[{"name":"wp","href":"https:\/\/api.w.org\/{rel}","templated":true}]}}