{"id":440099,"date":"2022-02-17T09:11:40","date_gmt":"2022-02-17T06:11:40","guid":{"rendered":"http:\/\/arantv.az\/?p=440099"},"modified":"2022-02-17T09:11:40","modified_gmt":"2022-02-17T06:11:40","slug":"bayram-gunl%c9%99rinin-sayi-aciqlandi","status":"publish","type":"post","link":"https:\/\/arantv.az\/?p=440099","title":{"rendered":"Bayram g\u00fcnl\u0259rinin say\u0131 A\u00c7IQLANDI"},"content":{"rendered":"<p>\u018fm\u0259k v\u0259 \u018fhalinin Sosial M\u00fcdafi\u0259si Nazirliyi yan\u0131nda D\u00f6vl\u0259t \u018fm\u0259k M\u00fcf\u0259tti\u015fliyi Xidm\u0259ti Novruz bayram\u0131 il\u0259 ba\u011fl\u0131 qeyri-i\u015f g\u00fcnl\u0259rini a\u00e7\u0131qlay\u0131b.<\/p>\n<p>Qurumdan veril\u0259n m\u0259lumata g\u00f6r\u0259, Nazirl\u0259r Kabinetinin \u201c2022-ci il \u00fc\u00e7\u00fcn Novruz, Ramazan v\u0259 Qurban bayramlar\u0131 g\u00fcnl\u0259rinin m\u00fc\u0259yy\u0259n edilm\u0259si haqq\u0131nda\u201d q\u0259rar\u0131na \u0259sas\u0259n, 2022-ci il mart ay\u0131n\u0131n 20, 21, 22, 23, 24-\u00fc Novruz bayram\u0131d\u0131r.<\/p>\n<p>Mart\u0131n 20-si bazar g\u00fcn\u00fcn\u0259 t\u0259sad\u00fcf etdiyi \u00fc\u00e7\u00fcn Az\u0259rbaycan Respublikas\u0131 \u018fm\u0259k M\u0259c\u0259ll\u0259sinin 105-ci madd\u0259sinin 5-ci b\u0259ndin\u0259 \u0259sas\u0259n i\u015f v\u0259 istirah\u0259t g\u00fcnl\u0259rinin yeri d\u0259yi\u015fdiril\u0259c\u0259k, 25 mart qeyri-i\u015f g\u00fcn\u00fc olacaq.<\/p>\n<p>Bel\u0259likl\u0259, 19, 26 v\u0259 27 mart tarixl\u0259ri d\u0259 \u015f\u0259nb\u0259 v\u0259 bazar g\u00fcnl\u0259rin\u0259 t\u0259sad\u00fcf etdiyi \u00fc\u00e7\u00fcn Novruz bayram\u0131 il\u0259 \u0259laq\u0259dar 9 g\u00fcn ard\u0131c\u0131l (19, 20, 21, 22, 23, 24, 25, 26 v\u0259 27 mart) i\u015f olmayacaq.<\/p>\n","protected":false},"excerpt":{"rendered":"<p>\u018fm\u0259k v\u0259 \u018fhalinin Sosial M\u00fcdafi\u0259si Nazirliyi yan\u0131nda D\u00f6vl\u0259t \u018fm\u0259k M\u00fcf\u0259tti\u015fliyi Xidm\u0259ti Novruz bayram\u0131 il\u0259 ba\u011fl\u0131 qeyri-i\u015f g\u00fcnl\u0259rini a\u00e7\u0131qlay\u0131b. Qurumdan veril\u0259n m\u0259lumata g\u00f6r\u0259, Nazirl\u0259r Kabinetinin \u201c2022-ci il \u00fc\u00e7\u00fcn Novruz, Ramazan v\u0259 Qurban bayramlar\u0131 g\u00fcnl\u0259rinin m\u00fc\u0259yy\u0259n edilm\u0259si haqq\u0131nda\u201d q\u0259rar\u0131na \u0259sas\u0259n, 2022-ci il mart ay\u0131n\u0131n 20, 21, 22, 23, 24-\u00fc Novruz bayram\u0131d\u0131r. Mart\u0131n 20-si bazar g\u00fcn\u00fcn\u0259 t\u0259sad\u00fcf etdiyi \u00fc\u00e7\u00fcn Az\u0259rbaycan Respublikas\u0131 \u018fm\u0259k M\u0259c\u0259ll\u0259sinin 105-ci madd\u0259sinin 5-ci b\u0259ndin\u0259 \u0259sas\u0259n i\u015f v\u0259 istirah\u0259t g\u00fcnl\u0259rinin yeri d\u0259yi\u015fdiril\u0259c\u0259k, 25 mart qeyri-i\u015f g\u00fcn\u00fc olacaq. Bel\u0259likl\u0259, 19, 26 v\u0259 27 mart tarixl\u0259ri d\u0259 \u015f\u0259nb\u0259 v\u0259 bazar g\u00fcnl\u0259rin\u0259 t\u0259sad\u00fcf etdiyi&hellip;<\/p>\n","protected":false},"author":2,"featured_media":440100,"comment_status":"closed","ping_status":"closed","sticky":false,"template":"","format":"standard","meta":{"om_disable_all_campaigns":false,"_monsterinsights_skip_tracking":false,"_monsterinsights_sitenote_active":false,"_monsterinsights_sitenote_note":"","_monsterinsights_sitenote_category":0},"categories":[1],"tags":[],"aioseo_notices":[],"gutentor_comment":0,"rttpg_featured_image_url":{"full":["https:\/\/arantv.az\/wp-content\/uploads\/2022\/02\/1548848642_2174809.jpg",975,540,false],"landscape":["https:\/\/arantv.az\/wp-content\/uploads\/2022\/02\/1548848642_2174809.jpg",975,540,false],"portraits":["https:\/\/arantv.az\/wp-content\/uploads\/2022\/02\/1548848642_2174809.jpg",975,540,false],"thumbnail":["https:\/\/arantv.az\/wp-content\/uploads\/2022\/02\/1548848642_2174809-500x280.jpg",500,280,true],"medium":["https:\/\/arantv.az\/wp-content\/uploads\/2022\/02\/1548848642_2174809-660x365.jpg",660,365,true],"large":["https:\/\/arantv.az\/wp-content\/uploads\/2022\/02\/1548848642_2174809-840x465.jpg",640,354,true],"1536x1536":["https:\/\/arantv.az\/wp-content\/uploads\/2022\/02\/1548848642_2174809.jpg",975,540,false],"2048x2048":["https:\/\/arantv.az\/wp-content\/uploads\/2022\/02\/1548848642_2174809.jpg",975,540,false],"post-thumbnail":["https:\/\/arantv.az\/wp-content\/uploads\/2022\/02\/1548848642_2174809-240x172.jpg",240,172,true],"advps-thumb-one":["https:\/\/arantv.az\/wp-content\/uploads\/2022\/02\/1548848642_2174809.jpg",975,540,false]},"rttpg_author":{"display_name":"V\u00fcsal Rafiqo\u011flu","author_link":"https:\/\/arantv.az\/?author=2"},"rttpg_comment":0,"rttpg_category":"<a href=\"https:\/\/arantv.az\/?cat=1\" rel=\"category\">C\u0259miyy\u0259t<\/a>","rttpg_excerpt":"\u018fm\u0259k v\u0259 \u018fhalinin Sosial M\u00fcdafi\u0259si Nazirliyi yan\u0131nda D\u00f6vl\u0259t \u018fm\u0259k M\u00fcf\u0259tti\u015fliyi Xidm\u0259ti Novruz bayram\u0131 il\u0259 ba\u011fl\u0131 qeyri-i\u015f g\u00fcnl\u0259rini a\u00e7\u0131qlay\u0131b. Qurumdan veril\u0259n m\u0259lumata g\u00f6r\u0259, Nazirl\u0259r Kabinetinin \u201c2022-ci il \u00fc\u00e7\u00fcn Novruz, Ramazan v\u0259 Qurban bayramlar\u0131 g\u00fcnl\u0259rinin m\u00fc\u0259yy\u0259n edilm\u0259si haqq\u0131nda\u201d q\u0259rar\u0131na \u0259sas\u0259n, 2022-ci il mart ay\u0131n\u0131n 20, 21, 22, 23, 24-\u00fc Novruz bayram\u0131d\u0131r. Mart\u0131n 20-si bazar g\u00fcn\u00fcn\u0259 t\u0259sad\u00fcf etdiyi&hellip;","_links":{"self":[{"href":"https:\/\/arantv.az\/index.php?rest_route=\/wp\/v2\/posts\/440099"}],"collection":[{"href":"https:\/\/arantv.az\/index.php?rest_route=\/wp\/v2\/posts"}],"about":[{"href":"https:\/\/arantv.az\/index.php?rest_route=\/wp\/v2\/types\/post"}],"author":[{"embeddable":true,"href":"https:\/\/arantv.az\/index.php?rest_route=\/wp\/v2\/users\/2"}],"replies":[{"embeddable":true,"href":"https:\/\/arantv.az\/index.php?rest_route=%2Fwp%2Fv2%2Fcomments&post=440099"}],"version-history":[{"count":0,"href":"https:\/\/arantv.az\/index.php?rest_route=\/wp\/v2\/posts\/440099\/revisions"}],"wp:featuredmedia":[{"embeddable":true,"href":"https:\/\/arantv.az\/index.php?rest_route=\/wp\/v2\/media\/440100"}],"wp:attachment":[{"href":"https:\/\/arantv.az\/index.php?rest_route=%2Fwp%2Fv2%2Fmedia&parent=440099"}],"wp:term":[{"taxonomy":"category","embeddable":true,"href":"https:\/\/arantv.az\/index.php?rest_route=%2Fwp%2Fv2%2Fcategories&post=440099"},{"taxonomy":"post_tag","embeddable":true,"href":"https:\/\/arantv.az\/index.php?rest_route=%2Fwp%2Fv2%2Ftags&post=440099"}],"curies":[{"name":"wp","href":"https:\/\/api.w.org\/{rel}","templated":true}]}}