{"id":440105,"date":"2022-02-17T09:15:43","date_gmt":"2022-02-17T06:15:43","guid":{"rendered":"http:\/\/arantv.az\/?p=440105"},"modified":"2022-02-17T09:15:43","modified_gmt":"2022-02-17T06:15:43","slug":"agdam-s%c9%99naye-zonasina-cevril%c9%99c%c9%99k","status":"publish","type":"post","link":"https:\/\/arantv.az\/?p=440105","title":{"rendered":"A\u011fdam s\u0259naye zonas\u0131na \u00e7evril\u0259c\u0259k"},"content":{"rendered":"<p><strong>\u0130\u015f\u011faldan azad edilmi\u015f \u0259razil\u0259r bu g\u00fcn geni\u015f tikinti meydan\u00e7as\u0131n\u0131 xat\u0131rlad\u0131r, tarixi Z\u0259f\u0259rd\u0259n sonra b\u0259rpa i\u015fl\u0259ri dayanmadan, s\u00fcr\u0259tl\u0259 davam etdirilir. Bu i\u015fl\u0259rl\u0259 yana\u015f\u0131, Az\u0259rbaycan\u0131n dig\u0259r regionlar\u0131n\u0131n inki\u015faf\u0131na b\u00f6y\u00fck diqq\u0259t ayr\u0131l\u0131r.<\/strong><\/p>\n<p>Milli M\u0259clisin \u0130qtisadi siyas\u0259t, s\u0259naye v\u0259 sahibkarl\u0131q komit\u0259sinin \u00fczv\u00fc\u00a0<strong>Ayd\u0131n H\u00fcseynov<\/strong>\u00a0<a href=\"http:\/\/trend.az\/\" target=\"_blank\" rel=\"noopener\">Trend<\/a>-in sual\u0131na cavab olaraq bildirib ki, Prezident, Ali Ba\u015f Komandan \u0130lham \u018fliyev, birinci xan\u0131m Mehriban \u018fliyeva i\u015f\u011faldan azad edilmi\u015f A\u011fdam rayonuna indiy\u0259d\u0259k bir ne\u00e7\u0259 d\u0259f\u0259 s\u0259f\u0259r edib v\u0259 m\u00fch\u00fcm layih\u0259l\u0259rin t\u0259m\u0259ll\u0259rini qoyublar.<\/p>\n<p>&#8220;A\u011fdama n\u00f6vb\u0259ti s\u0259f\u0259r bu b\u00f6lg\u0259d\u0259 tikinti-dir\u00e7\u0259li\u015f i\u015fl\u0259rinin ah\u0259ngdarl\u0131\u011f\u0131n\u0131n daha da artd\u0131\u011f\u0131n\u0131 v\u0259 A\u011fdam\u0131n n\u0259z\u0259rd\u0259 tutuldu\u011fundan da s\u00fcr\u0259tl\u0259 &#8220;B\u00f6y\u00fck Qay\u0131d\u0131\u015f&#8221;a haz\u0131rla\u015fd\u0131\u011f\u0131n\u0131 g\u00f6st\u0259rir. Art\u0131q c\u0259mi bir il ke\u00e7m\u0259sin\u0259 baxmayaraq, burada \u0259n z\u0259ruri kommunikasiya v\u0259 sosial infrastrukturlar\u0131n in\u015fas\u0131 ba\u015fa \u00e7atd\u0131r\u0131l\u0131b&#8221;, &#8211; dey\u0259 deputat bildirib.<\/p>\n<p>Mill\u0259t v\u0259kili qeyd edib ki, bu s\u0259f\u0259r olduqca \u0259h\u0259miyy\u0259tli v\u0259 A\u011fdam\u0131n g\u0259l\u0259c\u0259k inki\u015faf\u0131nda h\u0259lledici rol oynayan infrastruktur obyektl\u0259rinin, iqtisadi v\u0259 sosial tipli layih\u0259l\u0259rin istifad\u0259y\u0259 verilm\u0259si v\u0259 t\u0259m\u0259linin qoyulmas\u0131 il\u0259 yadda qald\u0131.<\/p>\n<p>&#8220;C\u0259nab Prezident \u0130lham \u018fliyev fevral\u0131n 13-d\u0259 A\u011fdam rayonunda s\u0259f\u0259r \u00e7\u0259r\u00e7iv\u0259sind\u0259 &#8220;A\u011fdam-1&#8221; v\u0259 &#8220;A\u011fdam-2&#8221; yar\u0131mstansiyalar\u0131n\u0131n, o c\u00fcml\u0259d\u0259n &#8220;Qaraba\u011f&#8221; Regional Elektrik \u015e\u0259b\u0259k\u0259sinin R\u0259q\u0259msal \u0130dar\u0259etm\u0259 M\u0259rk\u0259zinin a\u00e7\u0131l\u0131\u015f\u0131n\u0131 etdi. Bununla da rayonun v\u0259 \u0259traf b\u00f6lg\u0259l\u0259rin elektrik t\u0259minat\u0131 m\u0259s\u0259l\u0259si tam h\u0259llini tapd\u0131.<\/p>\n<p>Az\u0259rbaycan\u0131n elektroenergetika tarixind\u0259 ilk d\u0259f\u0259 Qaraba\u011f v\u0259 \u015e\u0259rqi Z\u0259ng\u0259zurun elektrik \u015f\u0259b\u0259k\u0259sinin Regional R\u0259q\u0259msal \u0130dar\u0259etm\u0259 M\u0259rk\u0259zi m\u0259hz A\u011fdamda yarad\u0131l\u0131b. Eyni zamanda, geni\u015fzolaql\u0131 fiberoptik kabelin \u00e7\u0259kili\u015fi A\u011fdamda \u0259n y\u00fcks\u0259k \u00f6t\u00fcrm\u0259 qabiliyy\u0259tli s\u00fcr\u0259tli internet x\u0259ttinin istifad\u0259y\u0259 verildiyini g\u00f6st\u0259rir. Bel\u0259lilk\u0259, art\u0131q bu \u0259razid\u0259 h\u0259m \u00f6z do\u011fma evl\u0259rin\u0259 d\u00f6n\u0259c\u0259k insanlar\u0131n, h\u0259m d\u0259 biznes layih\u0259l\u0259ri h\u0259yata ke\u00e7irm\u0259k niyy\u0259tind\u0259 olan sahibkarlar\u0131n elektrik v\u0259 internet xidm\u0259tl\u0259ri il\u0259 t\u0259minat\u0131 tam ba\u015fa \u00e7atd\u0131r\u0131ld\u0131&#8221;, &#8211; dey\u0259 deputat \u0259lav\u0259 edib.<\/p>\n<p>A.H\u00fcseynov d\u00f6vl\u0259t ba\u015f\u00e7\u0131s\u0131n\u0131n t\u0259m\u0259lini qoydu\u011fu A\u011fdam S\u0259naye Park\u0131nda iki m\u00fc\u0259ssis\u0259nin \u0259h\u0259miyy\u0259ti bar\u0259d\u0259 dan\u0131\u015fark\u0259n qeyd edib ki, bu b\u00f6lg\u0259 h\u0259m d\u0259 geni\u015f s\u0259naye zonas\u0131na \u00e7evrilm\u0259kl\u0259 yerli v\u0259 xarici investorlar\u0131n iqtisadi maraq qov\u015fa\u011f\u0131 kimi x\u00fcsusi \u0259h\u0259miyy\u0259t da\u015f\u0131y\u0131r: &#8220;Azad edilmi\u015f \u0259razil\u0259r art\u0131q \u00f6lk\u0259 iqtisadiyyat\u0131na reinteqrasiya edilm\u0259kd\u0259dir. \u00d6t\u0259n ilin sonlar\u0131nda C\u0259nab Prezident &#8220;Araz Vadisi \u0130qtisadi Zonas\u0131&#8221; S\u0259naye Park\u0131n\u0131n t\u0259m\u0259lini qoydu, indi is\u0259 A\u011fdam S\u0259naye Park\u0131nda ilk i\u015fl\u0259r\u0259 start verilir. Bu o dem\u0259kdir ki, Qaraba\u011f v\u0259 \u015e\u0259rqi-Z\u0259ng\u0259zur s\u0259naye sektorunun, x\u00fcsusil\u0259 d\u0259 qeyri-neft s\u0259nayesinin \u0259sas g\u00fcc m\u0259rk\u0259zl\u0259rind\u0259n birin\u0259 \u00e7evril\u0259c\u0259kdir. X\u00fcsusil\u0259 d\u0259 A\u011fdam\u0131n strateji co\u011frafi m\u00f6vqeyi, Qaraba\u011fla dig\u0259r b\u00f6lg\u0259l\u0259rin qovu\u015fu\u011funda yerl\u0259\u015fm\u0259si, insan resurslar\u0131 potensial\u0131 v\u0259 infrastruktura \u00e7\u0131x\u0131\u015f imkanlar\u0131 \u015f\u0259h\u0259rin g\u0259l\u0259c\u0259kd\u0259 Qaraba\u011f\u0131n s\u0259naye m\u0259rk\u0259zin\u0259 \u00e7evrilm\u0259si imkanlar\u0131n\u0131 geni\u015fl\u0259ndirir&#8221;.<\/p>\n<p>Mill\u0259t v\u0259kili \u0259lav\u0259 edib ki, A\u011fdam h\u0259m d\u0259 turizmin perspektivl\u0259ri bax\u0131m\u0131ndan c\u0259lbedici b\u00f6lg\u0259dir: &#8220;A\u011fdam \u015f\u0259h\u0259rind\u0259 in\u015fa olunacaq &#8220;Park Forest Otel A\u011fdam&#8221; mehmanxanas\u0131n\u0131n t\u0259m\u0259linin qoyulmas\u0131 bu bax\u0131mdan turizmin inki\u015faf\u0131 \u00fc\u00e7\u00fcn \u0259lveri\u015fli imkanlar v\u0259d edir. &#8220;Strateji m\u00f6vqeyin\u0259 g\u00f6r\u0259 Qaraba\u011f\u0131n giri\u015f qap\u0131s\u0131 hesab edil\u0259n A\u011fdam rayonunda \u0259n m\u00fcasir standartlara cavab ver\u0259n mehmanxanan\u0131n in\u015fas\u0131 s\u00fcr\u0259tl\u0259 dir\u00e7\u0259ldil\u0259n tarixi \u0259razil\u0259rimizin turizm potensial\u0131n\u0131n inki\u015faf\u0131na m\u00fch\u00fcm t\u00f6hf\u0259 ver\u0259c\u0259k&#8221;.<\/p>\n<p>A.H\u00fcseynov A\u011fdam Rayon M\u0259rk\u0259zi X\u0259st\u0259xanas\u0131n\u0131n v\u0259 209 m\u0259nzild\u0259n ibar\u0259t yeni ya\u015fay\u0131\u015f kompleksinin t\u0259m\u0259ll\u0259rinin qoyulmas\u0131n\u0131 \u00f6z do\u011fma torpaqlar\u0131ndan k\u00f6\u00e7k\u00fcn d\u00fc\u015f\u0259n insanlar\u0131n v\u0259t\u0259n\u0259 qay\u0131d\u0131\u015f\u0131n\u0131n t\u0259min olunmas\u0131n\u0131 tezl\u0259\u015fdir\u0259n m\u00fch\u00fcm faktor kimi qiym\u0259tl\u0259ndirib. O bildirib ki, A\u011fdam\u0131n b\u00f6y\u00fck quruculuq i\u015fl\u0259rind\u0259 m\u00fch\u00fcm yer almas\u0131 sosial \u0259h\u0259miyy\u0259t k\u0259sb etm\u0259kl\u0259, v\u0259t\u0259nda\u015flar\u0131m\u0131z\u0131n i\u015f\u011faldan azad edilmi\u015f \u0259razil\u0259rd\u0259 dayan\u0131ql\u0131 m\u0259skunla\u015fmas\u0131nda v\u0259 bu \u0259razil\u0259rin \u00f6lk\u0259nin iqtisadi f\u0259aliyy\u0259tin\u0259 qo\u015fulmas\u0131nda bir k\u00f6rp\u00fc olacaqd\u0131r. A\u011fdam rayonunda \u0259sas\u0131 qoyulan iqtisadi inki\u015faf layih\u0259l\u0259ri birba\u015fa regionun iqtisadi potensial\u0131ndan s\u0259m\u0259r\u0259li istifad\u0259 olunmaqla, \u0259halinin m\u0259skunla\u015fma s\u0259viyy\u0259sinin i\u015f\u011faldan \u0259vv\u0259lki s\u0259viyy\u0259y\u0259 \u00e7atd\u0131r\u0131lmas\u0131n\u0131n t\u0259min edilm\u0259sini n\u0259z\u0259rd\u0259 tutur.<\/p>\n<p>Mill\u0259t v\u0259kili Prezident \u0130lham \u018fliyev v\u0259 birinci xan\u0131m Mehriban \u018fliyevan\u0131n Qaraba\u011f iqtisadi rayonuna daxil olan A\u011fcab\u0259diy\u0259 s\u0259f\u0259rini d\u0259 \u0259h\u0259miyy\u0259tli iqtisadi v\u0259 sosial hadis\u0259 kimi d\u0259y\u0259rl\u0259ndirib.<\/p>\n<p>O bildirib ki, A\u011fcab\u0259did\u0259 Av\u015far-Salmanb\u0259yli-A\u015fa\u011f\u0131 Av\u015far-Xocav\u0259nd avtomobil yolunun yenid\u0259nqurmadan sonra istifad\u0259y\u0259 verilm\u0259si azad edilmi\u015f \u0259razil\u0259rd\u0259 n\u0259qliyyat infrastrukturlar\u0131 \u015f\u0259b\u0259k\u0259sinin \u00e7ox\u015fax\u0259li qov\u015fa\u011fa \u00e7evrilm\u0259sind\u0259 m\u00fch\u00fcm rol oynay\u0131r.<\/p>\n<p>&#8220;Eyni zamanda, A\u011fcab\u0259did\u0259 D\u0130N-in Daxili Qo\u015funlar\u0131n\u0131n yeni in\u015fa edil\u0259n h\u0259rbi \u015f\u0259h\u0259rciyinin a\u00e7\u0131l\u0131\u015f\u0131 bu b\u00f6lg\u0259nin t\u0259hl\u00fck\u0259sizliyinin daha da m\u00f6hk\u0259ml\u0259nm\u0259sin\u0259 \u00f6z t\u00f6hf\u0259sini ver\u0259c\u0259kdir. Bununla yana\u015f\u0131, &#8220;A\u011fcab\u0259di&#8221;d\u0259 yeni elektrik yar\u0131mstansiyas\u0131n\u0131n a\u00e7\u0131l\u0131\u015f\u0131 da bu b\u00f6lg\u0259nin vahid enerji sisteml\u0259rind\u0259 birl\u0259\u015fm\u0259sin\u0259 imkan ver\u0259c\u0259kdir. &#8220;A\u011fcab\u0259di tax\u0131l Aqropark&#8221;\u0131n\u0131n yarad\u0131lmas\u0131 is\u0259 bu b\u00f6lg\u0259nin aqrar sah\u0259nin inki\u015faf\u0131nda rolunu art\u0131racaqd\u0131r. Aqropark k\u0259nd t\u0259s\u0259rr\u00fcfat\u0131 m\u0259hsullar\u0131n\u0131n emal\u0131 v\u0259 s\u0259naye kompleksl\u0259rinin m\u0259rk\u0259zi kimi bu b\u00f6lg\u0259nin \u0259rzaq t\u0259minat\u0131nda da \u0259h\u0259miyy\u0259tli rol oynayacaqd\u0131r&#8221;, &#8211; dey\u0259 deputat \u0259lav\u0259 edib.<\/p>\n<p>Milli M\u0259clisin deputat\u0131\u00a0<strong>M\u00fc\u015ffiq C\u0259f\u0259rov<\/strong>\u00a0is\u0259\u00a0Trend-\u0259 a\u00e7\u0131qlamas\u0131nda qeyd edib ki, b\u00fct\u00fcn bu s\u0259f\u0259rl\u0259r Qaraba\u011f\u0131n dir\u00e7\u0259li\u015f prosesinin t\u0259rkib hiss\u0259si kimi qiym\u0259tl\u0259ndir\u0259 bil\u0259rik.<\/p>\n<p>&#8220;C\u0259nab Prezident son ill\u0259rd\u0259 \u00f6lk\u0259 \u00fczr\u0259 b\u00fct\u00fcn t\u0259mir-b\u0259rpa i\u015fl\u0259ril\u0259 \u015f\u0259xs\u0259n yax\u0131ndan tan\u0131\u015f olur. Bu da abadl\u0131q-quruculuq i\u015fl\u0259rin\u0259 olan n\u0259zar\u0259tin b\u0259hr\u0259sidir ki, art\u0131q \u00f6lk\u0259miz g\u00fcnd\u0259n-g\u00fcn\u0259 g\u00f6z\u0259ll\u0259\u015fir, abadla\u015f\u0131r.<\/p>\n<p>Erm\u0259nistan bizim torpaqlar\u0131m\u0131z\u0131 i\u015f\u011fal ed\u0259r\u0259k b\u00fct\u00fcn infrastrukturu da\u011f\u0131d\u0131b. Lakin bu g\u00fcn Qaraba\u011fda quruculuq i\u015fl\u0259ri ard\u0131c\u0131ll\u0131qla h\u0259yata ke\u00e7irilir. D\u00f6vl\u0259timizin ba\u015f\u00e7\u0131s\u0131 bununla ba\u011fl\u0131 tez-tez tap\u015f\u0131r\u0131qlar verir, t\u00f6vsiy\u0259l\u0259rini bildirir. Xalq\u0131m\u0131z\u0131n ist\u0259k v\u0259 arzular\u0131n\u0131 realla\u015fd\u0131rmaq niyy\u0259tind\u0259 olan prezidentimiz \u00e7al\u0131\u015f\u0131r ki, azad olunan \u0259razil\u0259rimizd\u0259 tezlikl\u0259 h\u0259yat b\u0259rpa olunsun, insanlar firavan, \u00f6m\u00fcrl\u0259rini ata-baba yurdlar\u0131nda davam etdirsinl\u0259r. Qaraba\u011f tamamil\u0259 m\u00fcasir \u00fcslubda, q\u0259dimliyini qoruyaraq b\u0259rpa olunur&#8221;, &#8211; dey\u0259 deputat bildirib.<\/p>\n<p>O qeyd edib ki, i\u015f\u011faldan azad edilmi\u015f \u0259razil\u0259rd\u0259 quruculuq v\u0259 abadl\u0131q i\u015fl\u0259rinin u\u011furla h\u0259yata ke\u00e7irilm\u0259si, el\u0259c\u0259 d\u0259 \u0259halinin dayan\u0131ql\u0131 m\u0259skunla\u015fmas\u0131n\u0131n t\u0259min edilm\u0259si m\u0259qs\u0259dil\u0259 r\u0259qab\u0259tqabiliyy\u0259tli v\u0259 dayan\u0131ql\u0131 iqtisadiyyat\u0131n formala\u015fd\u0131r\u0131lmas\u0131, bu sah\u0259d\u0259 d\u00f6vl\u0259t-\u00f6z\u0259l t\u0259r\u0259fda\u015fl\u0131\u011f\u0131n\u0131n inki\u015faf\u0131 v\u0259 z\u0259ruri stimullar\u0131n t\u0259tbiqinin x\u00fcsusi \u0259h\u0259miyy\u0259ti n\u0259z\u0259r\u0259 al\u0131naraq, Az\u0259rbaycan Respublikas\u0131n\u0131n Prezidentinin 2021-ci il 28 may tarixli 1347 n\u00f6mr\u0259li F\u0259rman\u0131 il\u0259 A\u011fdam rayonunda A\u011fdam S\u0259naye Park\u0131 yarad\u0131lm\u0131\u015fd\u0131r.<\/p>\n<p>&#8220;C\u0259nab Prezident A\u011fdama sonuncu s\u0259f\u0259ri zaman\u0131 bu s\u0259naye park\u0131n\u0131n t\u0259m\u0259lini qoymu\u015fdu. Art\u0131q bu d\u0259f\u0259 A\u011fdam \u015f\u0259h\u0259rind\u0259 s\u0259naye park\u0131n\u0131n ilk rezidentl\u0259ri t\u0259r\u0259find\u0259n yax\u0131n g\u0259l\u0259c\u0259kd\u0259 istifad\u0259y\u0259 veril\u0259c\u0259k yeni m\u00fc\u0259ssis\u0259l\u0259rin \u0259sas\u0131 qoyuldu. M\u00fcasir istehsal infrastrukturuna malik s\u0259naye park\u0131n\u0131n yarad\u0131lmas\u0131 Qaraba\u011fda s\u0259naye sah\u0259l\u0259rinin inki\u015faf\u0131n\u0131n, \u00f6lk\u0259 iqtisadiyyat\u0131n\u0131n tarazl\u0131 inki\u015faf\u0131n\u0131n t\u0259min edilm\u0259kl\u0259 yana\u015f\u0131, istehsal sah\u0259l\u0259rinin v\u0259 onun innovasiya istiqam\u0259tinin inki\u015faf\u0131n\u0131 n\u0259z\u0259rd\u0259 tutur.<\/p>\n<p>Bu, \u00f6lk\u0259 iqtisadiyyat\u0131n\u0131n ixrac qabiliyy\u0259tinin, el\u0259c\u0259 d\u0259 r\u0259qab\u0259tqabiliyy\u0259tli, idxal\u0131 \u0259v\u0259z ed\u0259n m\u0259hsullar\u0131n istehsal\u0131n\u0131n art\u0131r\u0131lmas\u0131, i\u015f\u011faldan azad olunmu\u015f rayonlarda m\u0259\u015f\u011fullu\u011fun t\u0259mini, investisiyalar\u0131n v\u0259 m\u00fcasir texnologiyalar\u0131n c\u0259lb edilm\u0259si kimi v\u0259zif\u0259l\u0259rin yerin\u0259 yetirilm\u0259si bax\u0131m\u0131ndan x\u00fcsusil\u0259 \u0259h\u0259miyy\u0259tli olacaqd\u0131r. Bu m\u00fc\u0259ssis\u0259d\u0259 a\u00e7\u0131lacaq olan yeni i\u015f yerl\u0259ri A\u011fdam \u0259halisinin i\u015fsizlik kimi bir probleml\u0259 \u00fczl\u0259\u015fm\u0259sinin qar\u015f\u0131s\u0131n\u0131 alacaq.<\/p>\n<p>B\u0259s, bu m\u00fc\u0259ssis\u0259l\u0259r nec\u0259 a\u00e7\u0131lacaq? Bunun \u00fc\u00e7\u00fcn d\u00f6vl\u0259t v\u0259 yerli sahibkar birliyi g\u0259r\u0259klidir. Ba\u015fqa \u00f6lk\u0259l\u0259r\u0259 yat\u0131r\u0131mlar ed\u0259n i\u015f adamlar\u0131 \u00f6z do\u011fma torpaqlar\u0131m\u0131za investisiya qoymaqla dir\u00e7\u0259li\u015f prosesini daha da tezl\u0259\u015fdirm\u0259lidirl\u0259r.<\/p>\n<p>D\u00f6vl\u0259timiz sahibkarlar\u0131 d\u0259st\u0259kl\u0259yir, g\u00fcz\u0259\u015ftli kreditl\u0259r verir. \u018flb\u0259tt\u0259 ki, b\u00f6lg\u0259l\u0259rd\u0259 qurulacaq olan infrastruktur layih\u0259l\u0259rinin icras\u0131 sahibkarl\u0131q \u00fc\u00e7\u00fcn g\u00f6z\u0259l imkanlar yarad\u0131r&#8221;, &#8211; dey\u0259 deputat \u0259lav\u0259 edib.<\/p>\n","protected":false},"excerpt":{"rendered":"<p>\u0130\u015f\u011faldan azad edilmi\u015f \u0259razil\u0259r bu g\u00fcn geni\u015f tikinti meydan\u00e7as\u0131n\u0131 xat\u0131rlad\u0131r, tarixi Z\u0259f\u0259rd\u0259n sonra b\u0259rpa i\u015fl\u0259ri dayanmadan, s\u00fcr\u0259tl\u0259 davam etdirilir. Bu i\u015fl\u0259rl\u0259 yana\u015f\u0131, Az\u0259rbaycan\u0131n dig\u0259r regionlar\u0131n\u0131n inki\u015faf\u0131na b\u00f6y\u00fck diqq\u0259t ayr\u0131l\u0131r. Milli M\u0259clisin \u0130qtisadi siyas\u0259t, s\u0259naye v\u0259 sahibkarl\u0131q komit\u0259sinin \u00fczv\u00fc\u00a0Ayd\u0131n H\u00fcseynov\u00a0Trend-in sual\u0131na cavab olaraq bildirib ki, Prezident, Ali Ba\u015f Komandan \u0130lham \u018fliyev, birinci xan\u0131m Mehriban \u018fliyeva i\u015f\u011faldan azad edilmi\u015f A\u011fdam rayonuna indiy\u0259d\u0259k bir ne\u00e7\u0259 d\u0259f\u0259 s\u0259f\u0259r edib v\u0259 m\u00fch\u00fcm layih\u0259l\u0259rin t\u0259m\u0259ll\u0259rini qoyublar. &#8220;A\u011fdama n\u00f6vb\u0259ti s\u0259f\u0259r bu b\u00f6lg\u0259d\u0259 tikinti-dir\u00e7\u0259li\u015f i\u015fl\u0259rinin ah\u0259ngdarl\u0131\u011f\u0131n\u0131n daha da artd\u0131\u011f\u0131n\u0131 v\u0259 A\u011fdam\u0131n n\u0259z\u0259rd\u0259 tutuldu\u011fundan da s\u00fcr\u0259tl\u0259 &#8220;B\u00f6y\u00fck Qay\u0131d\u0131\u015f&#8221;a haz\u0131rla\u015fd\u0131\u011f\u0131n\u0131&hellip;<\/p>\n","protected":false},"author":2,"featured_media":440106,"comment_status":"closed","ping_status":"closed","sticky":false,"template":"","format":"standard","meta":{"om_disable_all_campaigns":false,"_monsterinsights_skip_tracking":false,"_monsterinsights_sitenote_active":false,"_monsterinsights_sitenote_note":"","_monsterinsights_sitenote_category":0},"categories":[1,19],"tags":[],"aioseo_notices":[],"gutentor_comment":0,"rttpg_featured_image_url":{"full":["https:\/\/arantv.az\/wp-content\/uploads\/2022\/02\/1020250.jpg",800,600,false],"landscape":["https:\/\/arantv.az\/wp-content\/uploads\/2022\/02\/1020250.jpg",800,600,false],"portraits":["https:\/\/arantv.az\/wp-content\/uploads\/2022\/02\/1020250.jpg",800,600,false],"thumbnail":["https:\/\/arantv.az\/wp-content\/uploads\/2022\/02\/1020250-500x280.jpg",500,280,true],"medium":["https:\/\/arantv.az\/wp-content\/uploads\/2022\/02\/1020250-487x365.jpg",487,365,true],"large":["https:\/\/arantv.az\/wp-content\/uploads\/2022\/02\/1020250.jpg",640,480,false],"1536x1536":["https:\/\/arantv.az\/wp-content\/uploads\/2022\/02\/1020250.jpg",800,600,false],"2048x2048":["https:\/\/arantv.az\/wp-content\/uploads\/2022\/02\/1020250.jpg",800,600,false],"post-thumbnail":["https:\/\/arantv.az\/wp-content\/uploads\/2022\/02\/1020250-240x172.jpg",240,172,true],"advps-thumb-one":["https:\/\/arantv.az\/wp-content\/uploads\/2022\/02\/1020250.jpg",800,600,false]},"rttpg_author":{"display_name":"V\u00fcsal Rafiqo\u011flu","author_link":"https:\/\/arantv.az\/?author=2"},"rttpg_comment":0,"rttpg_category":"<a href=\"https:\/\/arantv.az\/?cat=1\" rel=\"category\">C\u0259miyy\u0259t<\/a> <a href=\"https:\/\/arantv.az\/?cat=19\" rel=\"category\">G\u00fcnd\u0259m<\/a>","rttpg_excerpt":"\u0130\u015f\u011faldan azad edilmi\u015f \u0259razil\u0259r bu g\u00fcn geni\u015f tikinti meydan\u00e7as\u0131n\u0131 xat\u0131rlad\u0131r, tarixi Z\u0259f\u0259rd\u0259n sonra b\u0259rpa i\u015fl\u0259ri dayanmadan, s\u00fcr\u0259tl\u0259 davam etdirilir. Bu i\u015fl\u0259rl\u0259 yana\u015f\u0131, Az\u0259rbaycan\u0131n dig\u0259r regionlar\u0131n\u0131n inki\u015faf\u0131na b\u00f6y\u00fck diqq\u0259t ayr\u0131l\u0131r. Milli M\u0259clisin \u0130qtisadi siyas\u0259t, s\u0259naye v\u0259 sahibkarl\u0131q komit\u0259sinin \u00fczv\u00fc\u00a0Ayd\u0131n H\u00fcseynov\u00a0Trend-in sual\u0131na cavab olaraq bildirib ki, Prezident, Ali Ba\u015f Komandan \u0130lham \u018fliyev, birinci xan\u0131m Mehriban \u018fliyeva i\u015f\u011faldan&hellip;","_links":{"self":[{"href":"https:\/\/arantv.az\/index.php?rest_route=\/wp\/v2\/posts\/440105"}],"collection":[{"href":"https:\/\/arantv.az\/index.php?rest_route=\/wp\/v2\/posts"}],"about":[{"href":"https:\/\/arantv.az\/index.php?rest_route=\/wp\/v2\/types\/post"}],"author":[{"embeddable":true,"href":"https:\/\/arantv.az\/index.php?rest_route=\/wp\/v2\/users\/2"}],"replies":[{"embeddable":true,"href":"https:\/\/arantv.az\/index.php?rest_route=%2Fwp%2Fv2%2Fcomments&post=440105"}],"version-history":[{"count":0,"href":"https:\/\/arantv.az\/index.php?rest_route=\/wp\/v2\/posts\/440105\/revisions"}],"wp:featuredmedia":[{"embeddable":true,"href":"https:\/\/arantv.az\/index.php?rest_route=\/wp\/v2\/media\/440106"}],"wp:attachment":[{"href":"https:\/\/arantv.az\/index.php?rest_route=%2Fwp%2Fv2%2Fmedia&parent=440105"}],"wp:term":[{"taxonomy":"category","embeddable":true,"href":"https:\/\/arantv.az\/index.php?rest_route=%2Fwp%2Fv2%2Fcategories&post=440105"},{"taxonomy":"post_tag","embeddable":true,"href":"https:\/\/arantv.az\/index.php?rest_route=%2Fwp%2Fv2%2Ftags&post=440105"}],"curies":[{"name":"wp","href":"https:\/\/api.w.org\/{rel}","templated":true}]}}