{"id":440111,"date":"2022-02-17T09:38:34","date_gmt":"2022-02-17T06:38:34","guid":{"rendered":"http:\/\/arantv.az\/?p=440111"},"modified":"2022-02-17T09:38:34","modified_gmt":"2022-02-17T06:38:34","slug":"kanada-parlamentin%c9%99-xocali-q%c9%99tliamina-dair-petisiya-t%c9%99qdim-edilib","status":"publish","type":"post","link":"https:\/\/arantv.az\/?p=440111","title":{"rendered":"Kanada parlamentin\u0259 Xocal\u0131 q\u0259tliam\u0131na dair petisiya t\u0259qdim edilib"},"content":{"rendered":"<p>Kanada Az\u0259rbaycanl\u0131lar\u0131 \u015e\u0259b\u0259k\u0259sinin (KA\u015e) (Network of Azerbaijani Canadians) t\u0259\u015fkilat\u00e7\u0131l\u0131\u011f\u0131 il\u0259 Kanada parlamentin\u0259 Xocal\u0131 q\u0259tliam\u0131na dair petisiya t\u0259qdim edilib.<\/p>\n<p><strong>ARANTV.AZ\u00a0 x\u0259b\u0259r verir ki,<\/strong>\u00a0petisiya Kanada parlamentinin m\u00fchafiz\u0259karlar partiyas\u0131ndan olan \u00fczv\u00fc c\u0259nab Maykl Kuperin d\u0259st\u0259yi il\u0259 r\u0259smi petisiya olaraq d\u0259rc edilib v\u0259 1500-d\u0259 art\u0131q Kanada v\u0259t\u0259nda\u015f\u0131n\u0131n imzas\u0131 il\u0259 parlament\u0259 t\u0259qdim edilib.<\/p>\n<p>\u00d6t\u0259n g\u00fcn, petisiyan\u0131 parlamentd\u0259 t\u0259qdim ed\u0259rk\u0259n Maykl Kuper Xocal\u0131 q\u0259tliam\u0131n\u0131n Qaraba\u011f m\u00fcnaqi\u015f\u0259sinin \u0259n qanl\u0131 s\u0259hif\u0259si oldu\u011funu v\u0259 m\u00fcnaqi\u015f\u0259 n\u0259tic\u0259sind\u0259 Az\u0259rbaycan \u0259razil\u0259rinin Erm\u0259nistan t\u0259r\u0259find\u0259n i\u015f\u011fal edildiyini v\u0259 800.000-d\u0259n art\u0131q az\u0259rbaycanl\u0131n\u0131n \u00f6z torpaqlar\u0131ndan qovuldu\u011funu qeyd edib.<\/p>\n<p>Petisiyada, Erm\u0259nistan h\u0259rbi q\u00fcvv\u0259l\u0259ri t\u0259r\u0259find\u0259n t\u00f6r\u0259dilmi\u015f Xocal\u0131 q\u0259tliam\u0131n\u0131n Kanada h\u00f6kum\u0259ti t\u0259r\u0259find\u0259n r\u0259smi olaraq pisl\u0259nm\u0259si, 26 fevral\u0131n Kanadada An\u0131m G\u00fcn\u00fc kimi qeyd edilm\u0259sinin elan edilm\u0259si, v\u0259 g\u0259l\u0259c\u0259kd\u0259 Az\u0259rbaycan v\u0259 Erm\u0259nistan aras\u0131nda davaml\u0131 s\u00fclh\u00fcn b\u0259rq\u0259rar edilm\u0259si m\u0259qs\u0259dil\u0259 iki \u00f6lk\u0259 aras\u0131nda s\u0259rh\u0259dl\u0259rin delimitasiyas\u0131 v\u0259 demarkasiyas\u0131 v\u0259 el\u0259c\u0259 d\u0259 aras\u0131nda m\u00fcnasib\u0259tl\u0259rin normalla\u015fd\u0131r\u0131lmas\u0131 s\u0259yl\u0259rin\u0259 Kanada t\u0259r\u0259find\u0259n d\u0259st\u0259yin verilm\u0259si t\u0259l\u0259b edilir.<\/p>\n<p>Petisiya \u00fc\u00e7\u00fcn imzalar toplanmas\u0131nda Kanadada ya\u015fayan az\u0259rbaycanl\u0131lar aktiv i\u015ftirak edibl\u0259r.<\/p>\n<p>Qeyd ed\u0259k ki, KA\u015e Kanadan\u0131n Az\u0259rbaycan \u0259silli \u0259halisini narahat ed\u0259n m\u0259s\u0259l\u0259l\u0259r bar\u0259d\u0259 bu g\u00fcn\u0259d\u0259k Kanada parlamentinin \u00fczvl\u0259ri v\u0259 senatorlar, \u0259yal\u0259t parlamentinin \u00fczvl\u0259ri v\u0259 yerli h\u00f6kum\u0259t n\u00fcmay\u0259nd\u0259l\u0259ri il\u0259 s\u0131x t\u0259masdad\u0131r v\u0259 intensiv g\u00f6r\u00fc\u015fl\u0259r ke\u00e7irm\u0259kd\u0259dir. KA\u015e qar\u015f\u0131dan g\u0259l\u0259n m\u00fcdd\u0259t \u0259rzind\u0259 d\u0259 bu i\u015fl\u0259ri davam etdirm\u0259k v\u0259 Az\u0259rbaycan icmas\u0131n\u0131n fikirl\u0259rini Kanada siyas\u0259t\u00e7il\u0259ri v\u0259 h\u00f6kum\u0259t orqanlar\u0131na \u00e7atd\u0131rmaq niyy\u0259tind\u0259dir.<\/p>\n","protected":false},"excerpt":{"rendered":"<p>Kanada Az\u0259rbaycanl\u0131lar\u0131 \u015e\u0259b\u0259k\u0259sinin (KA\u015e) (Network of Azerbaijani Canadians) t\u0259\u015fkilat\u00e7\u0131l\u0131\u011f\u0131 il\u0259 Kanada parlamentin\u0259 Xocal\u0131 q\u0259tliam\u0131na dair petisiya t\u0259qdim edilib. ARANTV.AZ\u00a0 x\u0259b\u0259r verir ki,\u00a0petisiya Kanada parlamentinin m\u00fchafiz\u0259karlar partiyas\u0131ndan olan \u00fczv\u00fc c\u0259nab Maykl Kuperin d\u0259st\u0259yi il\u0259 r\u0259smi petisiya olaraq d\u0259rc edilib v\u0259 1500-d\u0259 art\u0131q Kanada v\u0259t\u0259nda\u015f\u0131n\u0131n imzas\u0131 il\u0259 parlament\u0259 t\u0259qdim edilib. \u00d6t\u0259n g\u00fcn, petisiyan\u0131 parlamentd\u0259 t\u0259qdim ed\u0259rk\u0259n Maykl Kuper Xocal\u0131 q\u0259tliam\u0131n\u0131n Qaraba\u011f m\u00fcnaqi\u015f\u0259sinin \u0259n qanl\u0131 s\u0259hif\u0259si oldu\u011funu v\u0259 m\u00fcnaqi\u015f\u0259 n\u0259tic\u0259sind\u0259 Az\u0259rbaycan \u0259razil\u0259rinin Erm\u0259nistan t\u0259r\u0259find\u0259n i\u015f\u011fal edildiyini v\u0259 800.000-d\u0259n art\u0131q az\u0259rbaycanl\u0131n\u0131n \u00f6z torpaqlar\u0131ndan qovuldu\u011funu qeyd edib. Petisiyada, Erm\u0259nistan h\u0259rbi q\u00fcvv\u0259l\u0259ri t\u0259r\u0259find\u0259n t\u00f6r\u0259dilmi\u015f Xocal\u0131 q\u0259tliam\u0131n\u0131n&hellip;<\/p>\n","protected":false},"author":2,"featured_media":440112,"comment_status":"closed","ping_status":"closed","sticky":false,"template":"","format":"standard","meta":{"om_disable_all_campaigns":false,"_monsterinsights_skip_tracking":false,"_monsterinsights_sitenote_active":false,"_monsterinsights_sitenote_note":"","_monsterinsights_sitenote_category":0},"categories":[4],"tags":[],"aioseo_notices":[],"gutentor_comment":0,"rttpg_featured_image_url":{"full":["https:\/\/arantv.az\/wp-content\/uploads\/2022\/02\/202ed379155116220287394218310866053-1.jpg",975,540,false],"landscape":["https:\/\/arantv.az\/wp-content\/uploads\/2022\/02\/202ed379155116220287394218310866053-1.jpg",975,540,false],"portraits":["https:\/\/arantv.az\/wp-content\/uploads\/2022\/02\/202ed379155116220287394218310866053-1.jpg",975,540,false],"thumbnail":["https:\/\/arantv.az\/wp-content\/uploads\/2022\/02\/202ed379155116220287394218310866053-1-500x280.jpg",500,280,true],"medium":["https:\/\/arantv.az\/wp-content\/uploads\/2022\/02\/202ed379155116220287394218310866053-1-660x365.jpg",660,365,true],"large":["https:\/\/arantv.az\/wp-content\/uploads\/2022\/02\/202ed379155116220287394218310866053-1-840x465.jpg",640,354,true],"1536x1536":["https:\/\/arantv.az\/wp-content\/uploads\/2022\/02\/202ed379155116220287394218310866053-1.jpg",975,540,false],"2048x2048":["https:\/\/arantv.az\/wp-content\/uploads\/2022\/02\/202ed379155116220287394218310866053-1.jpg",975,540,false],"post-thumbnail":["https:\/\/arantv.az\/wp-content\/uploads\/2022\/02\/202ed379155116220287394218310866053-1-240x172.jpg",240,172,true],"advps-thumb-one":["https:\/\/arantv.az\/wp-content\/uploads\/2022\/02\/202ed379155116220287394218310866053-1.jpg",975,540,false]},"rttpg_author":{"display_name":"V\u00fcsal Rafiqo\u011flu","author_link":"https:\/\/arantv.az\/?author=2"},"rttpg_comment":0,"rttpg_category":"<a href=\"https:\/\/arantv.az\/?cat=4\" rel=\"category\">Siyas\u0259t<\/a>","rttpg_excerpt":"Kanada Az\u0259rbaycanl\u0131lar\u0131 \u015e\u0259b\u0259k\u0259sinin (KA\u015e) (Network of Azerbaijani Canadians) t\u0259\u015fkilat\u00e7\u0131l\u0131\u011f\u0131 il\u0259 Kanada parlamentin\u0259 Xocal\u0131 q\u0259tliam\u0131na dair petisiya t\u0259qdim edilib. ARANTV.AZ\u00a0 x\u0259b\u0259r verir ki,\u00a0petisiya Kanada parlamentinin m\u00fchafiz\u0259karlar partiyas\u0131ndan olan \u00fczv\u00fc c\u0259nab Maykl Kuperin d\u0259st\u0259yi il\u0259 r\u0259smi petisiya olaraq d\u0259rc edilib v\u0259 1500-d\u0259 art\u0131q Kanada v\u0259t\u0259nda\u015f\u0131n\u0131n imzas\u0131 il\u0259 parlament\u0259 t\u0259qdim edilib. \u00d6t\u0259n g\u00fcn, petisiyan\u0131 parlamentd\u0259 t\u0259qdim ed\u0259rk\u0259n Maykl&hellip;","_links":{"self":[{"href":"https:\/\/arantv.az\/index.php?rest_route=\/wp\/v2\/posts\/440111"}],"collection":[{"href":"https:\/\/arantv.az\/index.php?rest_route=\/wp\/v2\/posts"}],"about":[{"href":"https:\/\/arantv.az\/index.php?rest_route=\/wp\/v2\/types\/post"}],"author":[{"embeddable":true,"href":"https:\/\/arantv.az\/index.php?rest_route=\/wp\/v2\/users\/2"}],"replies":[{"embeddable":true,"href":"https:\/\/arantv.az\/index.php?rest_route=%2Fwp%2Fv2%2Fcomments&post=440111"}],"version-history":[{"count":0,"href":"https:\/\/arantv.az\/index.php?rest_route=\/wp\/v2\/posts\/440111\/revisions"}],"wp:featuredmedia":[{"embeddable":true,"href":"https:\/\/arantv.az\/index.php?rest_route=\/wp\/v2\/media\/440112"}],"wp:attachment":[{"href":"https:\/\/arantv.az\/index.php?rest_route=%2Fwp%2Fv2%2Fmedia&parent=440111"}],"wp:term":[{"taxonomy":"category","embeddable":true,"href":"https:\/\/arantv.az\/index.php?rest_route=%2Fwp%2Fv2%2Fcategories&post=440111"},{"taxonomy":"post_tag","embeddable":true,"href":"https:\/\/arantv.az\/index.php?rest_route=%2Fwp%2Fv2%2Ftags&post=440111"}],"curies":[{"name":"wp","href":"https:\/\/api.w.org\/{rel}","templated":true}]}}