{"id":440114,"date":"2022-02-17T09:39:10","date_gmt":"2022-02-17T06:39:10","guid":{"rendered":"http:\/\/arantv.az\/?p=440114"},"modified":"2022-02-17T09:39:10","modified_gmt":"2022-02-17T06:39:10","slug":"hokum%c9%99t-bu-tarixd%c9%99-milli-m%c9%99clisd%c9%99-hesabat-ver%c9%99c%c9%99k","status":"publish","type":"post","link":"https:\/\/arantv.az\/?p=440114","title":{"rendered":"H\u00f6kum\u0259t bu tarixd\u0259 Milli M\u0259clisd\u0259 hesabat ver\u0259c\u0259k"},"content":{"rendered":"<p>Nazirl\u0259r Kabinetinin 2021-ci ild\u0259 f\u0259aliyy\u0259ti haqq\u0131nda hesabat\u0131n\u0131n Milli M\u0259clisd\u0259 m\u00fczakir\u0259y\u0259 \u00e7\u0131xar\u0131laca\u011f\u0131 tarix m\u0259lum olub.<\/p>\n<p><strong>ARANTV.AZ\u00a0 <\/strong>x\u0259b\u0259r verir ki,\u00a0bu bar\u0259d\u0259\u00a0&#8220;Report&#8221; m\u0259lumat yay\u0131b.<\/p>\n<p>Qeyd edilib ki, h\u00f6kum\u0259tin hesabat\u0131n\u0131n parlamentin mart\u0131n 15-d\u0259 ke\u00e7irilm\u0259si planla\u015fd\u0131r\u0131lan plenar iclas\u0131nda m\u00fczakir\u0259y\u0259 \u00e7\u0131xar\u0131laca\u011f\u0131 n\u0259z\u0259rd\u0259 tutulur.<\/p>\n<p>Hesabat\u0131 Ba\u015f nazir\u00a0\u018fli \u018fs\u0259dovun t\u0259qdim ed\u0259c\u0259yi g\u00f6zl\u0259nilir.<\/p>\n","protected":false},"excerpt":{"rendered":"<p>Nazirl\u0259r Kabinetinin 2021-ci ild\u0259 f\u0259aliyy\u0259ti haqq\u0131nda hesabat\u0131n\u0131n Milli M\u0259clisd\u0259 m\u00fczakir\u0259y\u0259 \u00e7\u0131xar\u0131laca\u011f\u0131 tarix m\u0259lum olub. ARANTV.AZ\u00a0 x\u0259b\u0259r verir ki,\u00a0bu bar\u0259d\u0259\u00a0&#8220;Report&#8221; m\u0259lumat yay\u0131b. Qeyd edilib ki, h\u00f6kum\u0259tin hesabat\u0131n\u0131n parlamentin mart\u0131n 15-d\u0259 ke\u00e7irilm\u0259si planla\u015fd\u0131r\u0131lan plenar iclas\u0131nda m\u00fczakir\u0259y\u0259 \u00e7\u0131xar\u0131laca\u011f\u0131 n\u0259z\u0259rd\u0259 tutulur. Hesabat\u0131 Ba\u015f nazir\u00a0\u018fli \u018fs\u0259dovun t\u0259qdim ed\u0259c\u0259yi g\u00f6zl\u0259nilir.<\/p>\n","protected":false},"author":2,"featured_media":440115,"comment_status":"closed","ping_status":"closed","sticky":false,"template":"","format":"standard","meta":{"om_disable_all_campaigns":false,"_monsterinsights_skip_tracking":false,"_monsterinsights_sitenote_active":false,"_monsterinsights_sitenote_note":"","_monsterinsights_sitenote_category":0},"categories":[4],"tags":[],"aioseo_notices":[],"gutentor_comment":0,"rttpg_featured_image_url":{"full":["https:\/\/arantv.az\/wp-content\/uploads\/2022\/02\/0a934eca15910032682633152641078547.jpg",975,540,false],"landscape":["https:\/\/arantv.az\/wp-content\/uploads\/2022\/02\/0a934eca15910032682633152641078547.jpg",975,540,false],"portraits":["https:\/\/arantv.az\/wp-content\/uploads\/2022\/02\/0a934eca15910032682633152641078547.jpg",975,540,false],"thumbnail":["https:\/\/arantv.az\/wp-content\/uploads\/2022\/02\/0a934eca15910032682633152641078547-500x280.jpg",500,280,true],"medium":["https:\/\/arantv.az\/wp-content\/uploads\/2022\/02\/0a934eca15910032682633152641078547-660x365.jpg",660,365,true],"large":["https:\/\/arantv.az\/wp-content\/uploads\/2022\/02\/0a934eca15910032682633152641078547-840x465.jpg",640,354,true],"1536x1536":["https:\/\/arantv.az\/wp-content\/uploads\/2022\/02\/0a934eca15910032682633152641078547.jpg",975,540,false],"2048x2048":["https:\/\/arantv.az\/wp-content\/uploads\/2022\/02\/0a934eca15910032682633152641078547.jpg",975,540,false],"post-thumbnail":["https:\/\/arantv.az\/wp-content\/uploads\/2022\/02\/0a934eca15910032682633152641078547-240x172.jpg",240,172,true],"advps-thumb-one":["https:\/\/arantv.az\/wp-content\/uploads\/2022\/02\/0a934eca15910032682633152641078547.jpg",975,540,false]},"rttpg_author":{"display_name":"V\u00fcsal Rafiqo\u011flu","author_link":"https:\/\/arantv.az\/?author=2"},"rttpg_comment":0,"rttpg_category":"<a href=\"https:\/\/arantv.az\/?cat=4\" rel=\"category\">Siyas\u0259t<\/a>","rttpg_excerpt":"Nazirl\u0259r Kabinetinin 2021-ci ild\u0259 f\u0259aliyy\u0259ti haqq\u0131nda hesabat\u0131n\u0131n Milli M\u0259clisd\u0259 m\u00fczakir\u0259y\u0259 \u00e7\u0131xar\u0131laca\u011f\u0131 tarix m\u0259lum olub. ARANTV.AZ\u00a0 x\u0259b\u0259r verir ki,\u00a0bu bar\u0259d\u0259\u00a0&#8220;Report&#8221; m\u0259lumat yay\u0131b. Qeyd edilib ki, h\u00f6kum\u0259tin hesabat\u0131n\u0131n parlamentin mart\u0131n 15-d\u0259 ke\u00e7irilm\u0259si planla\u015fd\u0131r\u0131lan plenar iclas\u0131nda m\u00fczakir\u0259y\u0259 \u00e7\u0131xar\u0131laca\u011f\u0131 n\u0259z\u0259rd\u0259 tutulur. Hesabat\u0131 Ba\u015f nazir\u00a0\u018fli \u018fs\u0259dovun t\u0259qdim ed\u0259c\u0259yi g\u00f6zl\u0259nilir.","_links":{"self":[{"href":"https:\/\/arantv.az\/index.php?rest_route=\/wp\/v2\/posts\/440114"}],"collection":[{"href":"https:\/\/arantv.az\/index.php?rest_route=\/wp\/v2\/posts"}],"about":[{"href":"https:\/\/arantv.az\/index.php?rest_route=\/wp\/v2\/types\/post"}],"author":[{"embeddable":true,"href":"https:\/\/arantv.az\/index.php?rest_route=\/wp\/v2\/users\/2"}],"replies":[{"embeddable":true,"href":"https:\/\/arantv.az\/index.php?rest_route=%2Fwp%2Fv2%2Fcomments&post=440114"}],"version-history":[{"count":0,"href":"https:\/\/arantv.az\/index.php?rest_route=\/wp\/v2\/posts\/440114\/revisions"}],"wp:featuredmedia":[{"embeddable":true,"href":"https:\/\/arantv.az\/index.php?rest_route=\/wp\/v2\/media\/440115"}],"wp:attachment":[{"href":"https:\/\/arantv.az\/index.php?rest_route=%2Fwp%2Fv2%2Fmedia&parent=440114"}],"wp:term":[{"taxonomy":"category","embeddable":true,"href":"https:\/\/arantv.az\/index.php?rest_route=%2Fwp%2Fv2%2Fcategories&post=440114"},{"taxonomy":"post_tag","embeddable":true,"href":"https:\/\/arantv.az\/index.php?rest_route=%2Fwp%2Fv2%2Ftags&post=440114"}],"curies":[{"name":"wp","href":"https:\/\/api.w.org\/{rel}","templated":true}]}}