{"id":440117,"date":"2022-02-17T09:42:52","date_gmt":"2022-02-17T06:42:52","guid":{"rendered":"http:\/\/arantv.az\/?p=440117"},"modified":"2022-02-17T09:42:52","modified_gmt":"2022-02-17T06:42:52","slug":"masallida-20-yasli-oglan-intihar-edib","status":"publish","type":"post","link":"https:\/\/arantv.az\/?p=440117","title":{"rendered":"Masall\u0131da 20 ya\u015fl\u0131 o\u011flan intihar edib"},"content":{"rendered":"<p>Masall\u0131da intihar hadis\u0259si ba\u015f verib.<\/p>\n<p><strong>ARANTV.AZ\u00a0 x\u0259b\u0259r verir ki,<\/strong>\u00a0rayon sakini 2002-ci il t\u0259v\u0259ll\u00fcdl\u00fc M\u00fc\u015ffiq H\u00fcseynov ya\u015fad\u0131\u011f\u0131 evin h\u0259y\u0259tind\u0259 \u00f6z\u00fcn\u00fc as\u0131b.<\/p>\n<p>\u0130ntihar\u0131n hans\u0131 s\u0259b\u0259bd\u0259n ba\u015f verm\u0259si ara\u015fd\u0131r\u0131l\u0131r.<\/p>\n","protected":false},"excerpt":{"rendered":"<p>Masall\u0131da intihar hadis\u0259si ba\u015f verib. ARANTV.AZ\u00a0 x\u0259b\u0259r verir ki,\u00a0rayon sakini 2002-ci il t\u0259v\u0259ll\u00fcdl\u00fc M\u00fc\u015ffiq H\u00fcseynov ya\u015fad\u0131\u011f\u0131 evin h\u0259y\u0259tind\u0259 \u00f6z\u00fcn\u00fc as\u0131b. \u0130ntihar\u0131n hans\u0131 s\u0259b\u0259bd\u0259n ba\u015f verm\u0259si ara\u015fd\u0131r\u0131l\u0131r.<\/p>\n","protected":false},"author":2,"featured_media":440118,"comment_status":"closed","ping_status":"closed","sticky":false,"template":"","format":"standard","meta":{"om_disable_all_campaigns":false,"_monsterinsights_skip_tracking":false,"_monsterinsights_sitenote_active":false,"_monsterinsights_sitenote_note":"","_monsterinsights_sitenote_category":0},"categories":[5],"tags":[],"aioseo_notices":[],"gutentor_comment":0,"rttpg_featured_image_url":{"full":["https:\/\/arantv.az\/wp-content\/uploads\/2022\/02\/4812638516366119341573125861082947.jpg",975,540,false],"landscape":["https:\/\/arantv.az\/wp-content\/uploads\/2022\/02\/4812638516366119341573125861082947.jpg",975,540,false],"portraits":["https:\/\/arantv.az\/wp-content\/uploads\/2022\/02\/4812638516366119341573125861082947.jpg",975,540,false],"thumbnail":["https:\/\/arantv.az\/wp-content\/uploads\/2022\/02\/4812638516366119341573125861082947-500x280.jpg",500,280,true],"medium":["https:\/\/arantv.az\/wp-content\/uploads\/2022\/02\/4812638516366119341573125861082947-660x365.jpg",660,365,true],"large":["https:\/\/arantv.az\/wp-content\/uploads\/2022\/02\/4812638516366119341573125861082947-840x465.jpg",640,354,true],"1536x1536":["https:\/\/arantv.az\/wp-content\/uploads\/2022\/02\/4812638516366119341573125861082947.jpg",975,540,false],"2048x2048":["https:\/\/arantv.az\/wp-content\/uploads\/2022\/02\/4812638516366119341573125861082947.jpg",975,540,false],"post-thumbnail":["https:\/\/arantv.az\/wp-content\/uploads\/2022\/02\/4812638516366119341573125861082947-240x172.jpg",240,172,true],"advps-thumb-one":["https:\/\/arantv.az\/wp-content\/uploads\/2022\/02\/4812638516366119341573125861082947.jpg",975,540,false]},"rttpg_author":{"display_name":"V\u00fcsal Rafiqo\u011flu","author_link":"https:\/\/arantv.az\/?author=2"},"rttpg_comment":0,"rttpg_category":"<a href=\"https:\/\/arantv.az\/?cat=5\" rel=\"category\">Hadis\u0259<\/a>","rttpg_excerpt":"Masall\u0131da intihar hadis\u0259si ba\u015f verib. ARANTV.AZ\u00a0 x\u0259b\u0259r verir ki,\u00a0rayon sakini 2002-ci il t\u0259v\u0259ll\u00fcdl\u00fc M\u00fc\u015ffiq H\u00fcseynov ya\u015fad\u0131\u011f\u0131 evin h\u0259y\u0259tind\u0259 \u00f6z\u00fcn\u00fc as\u0131b. \u0130ntihar\u0131n hans\u0131 s\u0259b\u0259bd\u0259n ba\u015f verm\u0259si ara\u015fd\u0131r\u0131l\u0131r.","_links":{"self":[{"href":"https:\/\/arantv.az\/index.php?rest_route=\/wp\/v2\/posts\/440117"}],"collection":[{"href":"https:\/\/arantv.az\/index.php?rest_route=\/wp\/v2\/posts"}],"about":[{"href":"https:\/\/arantv.az\/index.php?rest_route=\/wp\/v2\/types\/post"}],"author":[{"embeddable":true,"href":"https:\/\/arantv.az\/index.php?rest_route=\/wp\/v2\/users\/2"}],"replies":[{"embeddable":true,"href":"https:\/\/arantv.az\/index.php?rest_route=%2Fwp%2Fv2%2Fcomments&post=440117"}],"version-history":[{"count":0,"href":"https:\/\/arantv.az\/index.php?rest_route=\/wp\/v2\/posts\/440117\/revisions"}],"wp:featuredmedia":[{"embeddable":true,"href":"https:\/\/arantv.az\/index.php?rest_route=\/wp\/v2\/media\/440118"}],"wp:attachment":[{"href":"https:\/\/arantv.az\/index.php?rest_route=%2Fwp%2Fv2%2Fmedia&parent=440117"}],"wp:term":[{"taxonomy":"category","embeddable":true,"href":"https:\/\/arantv.az\/index.php?rest_route=%2Fwp%2Fv2%2Fcategories&post=440117"},{"taxonomy":"post_tag","embeddable":true,"href":"https:\/\/arantv.az\/index.php?rest_route=%2Fwp%2Fv2%2Ftags&post=440117"}],"curies":[{"name":"wp","href":"https:\/\/api.w.org\/{rel}","templated":true}]}}