{"id":440125,"date":"2022-02-17T09:45:45","date_gmt":"2022-02-17T06:45:45","guid":{"rendered":"http:\/\/arantv.az\/?p=440125"},"modified":"2022-02-17T09:45:45","modified_gmt":"2022-02-17T06:45:45","slug":"sair-%c9%99nv%c9%99r-%c9%99hm%c9%99d-v%c9%99fat-edib","status":"publish","type":"post","link":"https:\/\/arantv.az\/?p=440125","title":{"rendered":"\u015eair \u018fnv\u0259r \u018fhm\u0259d v\u0259fat edib"},"content":{"rendered":"<p>Az\u0259rbaycan Yaz\u0131\u00e7\u0131lar Birliyinin \u00fczv\u00fc, Qaraba\u011f Yaz\u0131\u00e7\u0131lar Birliyinin s\u0259dri, Az\u0259rbaycan Milli Yarad\u0131c\u0131l\u0131q Akademiyas\u0131n\u0131n doktoru, professor, Xank\u0259ndi Pedaqoji Universitetin ke\u00e7mi\u015f rektoru \u018fnv\u0259r \u018fhm\u0259d v\u0259fat edib.<\/p>\n<div class=\"AdviadNativeVideo\"><\/div>\n<p>O, 78 ya\u015f\u0131nda d\u00fcnyas\u0131n\u0131 d\u0259yi\u015fib.<\/p>\n<p>Qeyd ed\u0259k ki, \u018fnv\u0259r \u018fhm\u0259d (tam ad\u0131: \u018fhm\u0259dov \u018fnv\u0259r Misir o\u011flu) 8 avqust 1943-c\u00fc ild\u0259 A\u011fcab\u0259di rayonu Salmanb\u0259yli k\u0259ndind\u0259 anadan olub. A\u011fcab\u0259dinin 5 sayl\u0131 \u015f\u0259h\u0259r orta m\u0259kt\u0259bind\u0259 orta t\u0259hsil alandan sonra Bak\u0131 Statistika Texnikumunu bitirib. Az\u0259rbaycan D\u00f6vl\u0259t Universitetinin filologiya fak\u00fclt\u0259sind\u0259 t\u0259hsilini davam etdirib. \u201cM.\u018f.Sabirin poetikas\u0131\u201d\u00a0m\u00f6vzusunda dissertasiya m\u00fcdafi\u0259 edib. AMEA \u018fd\u0259biyyat \u0130nstitutunda doktorluq dissertasiyas\u0131n\u0131 tamamlay\u0131b.<\/p>\n<p>\u201cDa\u011f v\u0259 m\u0259n\u201d\u00a0adl\u0131 ilk \u015feiri 1962-ci ild\u0259 \u201cA\u011fcab\u0259di pamb\u0131q\u00e7\u0131s\u0131\u201d\u00a0q\u0259zetind\u0259 d\u0259rc olunub. A\u011fcab\u0259di rayonunun Salmanb\u0259yli k\u0259ndind\u0259 m\u00fchasib k\u00f6m\u0259k\u00e7isi i\u015fl\u0259yib. Sonra A\u011fcab\u0259di rayon \u201cS\u00fcr\u0259t\u201d (indiki \u201cAran\u201d) q\u0259zetind\u0259 \u0259d\u0259bi i\u015f\u00e7i, m\u00fcxbir, m\u0259ktublar \u015f\u00f6b\u0259sinin m\u00fcdiri, Xank\u0259ndi D\u00f6vl\u0259t Pedaqoji \u0130nstitutunun Az\u0259rbaycan dili v\u0259 \u0259d\u0259biyyat\u0131 kafedras\u0131n\u0131n m\u00fc\u0259llimi, sonra dosenti i\u015fl\u0259yib. N\u0259sr\u0259ddin Tusi ad\u0131na Az\u0259rbaycan D\u00f6vl\u0259t Pedaqoji Universitetinin \u015eu\u015fa filial\u0131n\u0131n direktoru (1994-2000), Az\u0259rbaycan M\u00fc\u0259lliml\u0259r \u0130nstitutunun A\u011fcab\u0259di filial\u0131n\u0131n direktoru (2000-2002) olub. Sonuncu i\u015f yeri T\u0259hsil Nazirliyi T\u0259hsil Probleml\u0259r \u0130nstitutunun \u015f\u00f6b\u0259 m\u00fcdiri v\u0259zif\u0259si olub. Az\u0259rbaycan Yaz\u0131\u00e7\u0131lar Birliyinin Qaraba\u011f filial\u0131n\u0131n s\u0259dri se\u00e7ilib (1991). B\u0259dii t\u0259rc\u00fcm\u0259 il\u0259 ciddi m\u0259\u015f\u011ful olub.<\/p>\n","protected":false},"excerpt":{"rendered":"<p>Az\u0259rbaycan Yaz\u0131\u00e7\u0131lar Birliyinin \u00fczv\u00fc, Qaraba\u011f Yaz\u0131\u00e7\u0131lar Birliyinin s\u0259dri, Az\u0259rbaycan Milli Yarad\u0131c\u0131l\u0131q Akademiyas\u0131n\u0131n doktoru, professor, Xank\u0259ndi Pedaqoji Universitetin ke\u00e7mi\u015f rektoru \u018fnv\u0259r \u018fhm\u0259d v\u0259fat edib. O, 78 ya\u015f\u0131nda d\u00fcnyas\u0131n\u0131 d\u0259yi\u015fib. Qeyd ed\u0259k ki, \u018fnv\u0259r \u018fhm\u0259d (tam ad\u0131: \u018fhm\u0259dov \u018fnv\u0259r Misir o\u011flu) 8 avqust 1943-c\u00fc ild\u0259 A\u011fcab\u0259di rayonu Salmanb\u0259yli k\u0259ndind\u0259 anadan olub. A\u011fcab\u0259dinin 5 sayl\u0131 \u015f\u0259h\u0259r orta m\u0259kt\u0259bind\u0259 orta t\u0259hsil alandan sonra Bak\u0131 Statistika Texnikumunu bitirib. Az\u0259rbaycan D\u00f6vl\u0259t Universitetinin filologiya fak\u00fclt\u0259sind\u0259 t\u0259hsilini davam etdirib. \u201cM.\u018f.Sabirin poetikas\u0131\u201d\u00a0m\u00f6vzusunda dissertasiya m\u00fcdafi\u0259 edib. AMEA \u018fd\u0259biyyat \u0130nstitutunda doktorluq dissertasiyas\u0131n\u0131 tamamlay\u0131b. \u201cDa\u011f v\u0259 m\u0259n\u201d\u00a0adl\u0131 ilk \u015feiri 1962-ci ild\u0259 \u201cA\u011fcab\u0259di&hellip;<\/p>\n","protected":false},"author":2,"featured_media":440126,"comment_status":"closed","ping_status":"closed","sticky":false,"template":"","format":"standard","meta":{"om_disable_all_campaigns":false,"_monsterinsights_skip_tracking":false,"_monsterinsights_sitenote_active":false,"_monsterinsights_sitenote_note":"","_monsterinsights_sitenote_category":0},"categories":[5],"tags":[],"aioseo_notices":[],"gutentor_comment":0,"rttpg_featured_image_url":{"full":["https:\/\/arantv.az\/wp-content\/uploads\/2022\/02\/FotoJet-12-6.jpg",620,416,false],"landscape":["https:\/\/arantv.az\/wp-content\/uploads\/2022\/02\/FotoJet-12-6.jpg",620,416,false],"portraits":["https:\/\/arantv.az\/wp-content\/uploads\/2022\/02\/FotoJet-12-6.jpg",620,416,false],"thumbnail":["https:\/\/arantv.az\/wp-content\/uploads\/2022\/02\/FotoJet-12-6-500x280.jpg",500,280,true],"medium":["https:\/\/arantv.az\/wp-content\/uploads\/2022\/02\/FotoJet-12-6-544x365.jpg",544,365,true],"large":["https:\/\/arantv.az\/wp-content\/uploads\/2022\/02\/FotoJet-12-6.jpg",620,416,false],"1536x1536":["https:\/\/arantv.az\/wp-content\/uploads\/2022\/02\/FotoJet-12-6.jpg",620,416,false],"2048x2048":["https:\/\/arantv.az\/wp-content\/uploads\/2022\/02\/FotoJet-12-6.jpg",620,416,false],"post-thumbnail":["https:\/\/arantv.az\/wp-content\/uploads\/2022\/02\/FotoJet-12-6-240x172.jpg",240,172,true],"advps-thumb-one":["https:\/\/arantv.az\/wp-content\/uploads\/2022\/02\/FotoJet-12-6.jpg",620,416,false]},"rttpg_author":{"display_name":"V\u00fcsal Rafiqo\u011flu","author_link":"https:\/\/arantv.az\/?author=2"},"rttpg_comment":0,"rttpg_category":"<a href=\"https:\/\/arantv.az\/?cat=5\" rel=\"category\">Hadis\u0259<\/a>","rttpg_excerpt":"Az\u0259rbaycan Yaz\u0131\u00e7\u0131lar Birliyinin \u00fczv\u00fc, Qaraba\u011f Yaz\u0131\u00e7\u0131lar Birliyinin s\u0259dri, Az\u0259rbaycan Milli Yarad\u0131c\u0131l\u0131q Akademiyas\u0131n\u0131n doktoru, professor, Xank\u0259ndi Pedaqoji Universitetin ke\u00e7mi\u015f rektoru \u018fnv\u0259r \u018fhm\u0259d v\u0259fat edib. O, 78 ya\u015f\u0131nda d\u00fcnyas\u0131n\u0131 d\u0259yi\u015fib. Qeyd ed\u0259k ki, \u018fnv\u0259r \u018fhm\u0259d (tam ad\u0131: \u018fhm\u0259dov \u018fnv\u0259r Misir o\u011flu) 8 avqust 1943-c\u00fc ild\u0259 A\u011fcab\u0259di rayonu Salmanb\u0259yli k\u0259ndind\u0259 anadan olub. A\u011fcab\u0259dinin 5 sayl\u0131 \u015f\u0259h\u0259r orta m\u0259kt\u0259bind\u0259&hellip;","_links":{"self":[{"href":"https:\/\/arantv.az\/index.php?rest_route=\/wp\/v2\/posts\/440125"}],"collection":[{"href":"https:\/\/arantv.az\/index.php?rest_route=\/wp\/v2\/posts"}],"about":[{"href":"https:\/\/arantv.az\/index.php?rest_route=\/wp\/v2\/types\/post"}],"author":[{"embeddable":true,"href":"https:\/\/arantv.az\/index.php?rest_route=\/wp\/v2\/users\/2"}],"replies":[{"embeddable":true,"href":"https:\/\/arantv.az\/index.php?rest_route=%2Fwp%2Fv2%2Fcomments&post=440125"}],"version-history":[{"count":0,"href":"https:\/\/arantv.az\/index.php?rest_route=\/wp\/v2\/posts\/440125\/revisions"}],"wp:featuredmedia":[{"embeddable":true,"href":"https:\/\/arantv.az\/index.php?rest_route=\/wp\/v2\/media\/440126"}],"wp:attachment":[{"href":"https:\/\/arantv.az\/index.php?rest_route=%2Fwp%2Fv2%2Fmedia&parent=440125"}],"wp:term":[{"taxonomy":"category","embeddable":true,"href":"https:\/\/arantv.az\/index.php?rest_route=%2Fwp%2Fv2%2Fcategories&post=440125"},{"taxonomy":"post_tag","embeddable":true,"href":"https:\/\/arantv.az\/index.php?rest_route=%2Fwp%2Fv2%2Ftags&post=440125"}],"curies":[{"name":"wp","href":"https:\/\/api.w.org\/{rel}","templated":true}]}}