{"id":440128,"date":"2022-02-17T09:50:25","date_gmt":"2022-02-17T06:50:25","guid":{"rendered":"http:\/\/arantv.az\/?p=440128"},"modified":"2022-02-17T09:50:25","modified_gmt":"2022-02-17T06:50:25","slug":"h%c9%99d%c9%99f-xank%c9%99ndi-v%c9%99-xocali-bu-%c9%99razil%c9%99rimizd%c9%99-suverenliyimiz-n%c9%99-zaman-b%c9%99rpa-olunacaq","status":"publish","type":"post","link":"https:\/\/arantv.az\/?p=440128","title":{"rendered":"H\u0259d\u0259f Xank\u0259ndi v\u0259 Xocal\u0131 &#8211; bu \u0259razil\u0259rimizd\u0259 suverenliyimiz n\u0259 zaman b\u0259rpa olunacaq?"},"content":{"rendered":"<p><strong>Az\u0259rbaycan\u0131n haz\u0131rda erm\u0259ni separat\u00e7\u0131lar\u0131n\u0131n yerl\u0259\u015fdiyi, s\u00fclhm\u0259raml\u0131lar\u0131n n\u0259zar\u0259tind\u0259 olan \u0259razil\u0259rind\u0259 suverenliyini b\u0259rpa el\u0259m\u0259si \u00f6lk\u0259 v\u0259 xalq olaraq qar\u015f\u0131m\u0131zda dayanan\u00a0 bir n\u00f6mr\u0259li m\u0259s\u0259l\u0259dir. Xocal\u0131 v\u0259 Xank\u0259ndnd\u0259 bayra\u011f\u0131m\u0131z\u0131 ucaltmaq h\u0259d\u0259fimizdir.<\/strong><\/p>\n<p><em>Biz o h\u0259d\u0259fl\u0259r\u0259 n\u0259 zaman \u00e7ataca\u011f\u0131q, o tarixi \u015f\u0259h\u0259rl\u0259r\u0259 n\u0259 zaman qay\u0131daca\u011f\u0131q? Az\u0259rbaycan\u0131n bayra\u011f\u0131 Xocal\u0131da, Xank\u0259ndind\u0259 n\u0259 vaxt dal\u011falanacaq? Bununla ba\u011fl\u0131 Az\u0259rbaycan d\u00f6vl\u0259tinin g\u00f6rd\u00fcy\u00fc i\u015fl\u0259r \u00fcmidverici say\u0131la bil\u0259rmi? Erm\u0259nistanla dan\u0131\u015f\u0131qlar, Rusiya il\u0259 m\u00fczakir\u0259l\u0259r, T\u00fcrkiy\u0259 il\u0259 m\u0259sl\u0259h\u0259tl\u0259\u015fm\u0259 apar\u0131l\u0131rm\u0131?<\/em><\/p>\n<p>&nbsp;<\/p>\n<p><strong>Qaraba\u011f Azadl\u0131q T\u0259\u015fkilat\u0131n\u0131n s\u0259dri Akif Na\u011f\u0131 bildirdi ki, d\u00f6vl\u0259t r\u0259hb\u0259rliyinin bu istiqam\u0259td\u0259\u00a0 hans\u0131 i\u015fl\u0259ri g\u00f6rd\u00fcy\u00fcn\u00fc d\u0259qiqlikl\u0259 bilm\u0259k m\u00fcmk\u00fcn deyil. Amma m\u00fc\u015fahid\u0259l\u0259rimiz g\u00f6st\u0259rir ki , Xank\u0259ndi \u0259sas h\u0259d\u0259f kimi g\u00fcnd\u0259md\u0259dir:<\/strong>\u00a0\u201c\u00c7ox yax\u0131n vaxtlarda Az\u0259rbaycan\u0131n hakimiyy\u0259ti Xank\u0259ndi, Xocal\u0131, \u018fsk\u0259ran, A\u011fd\u0259r\u0259 v\u0259 dig\u0259r yax\u0131n \u0259razil\u0259rd\u0259 b\u0259rpa olunmasa, tam q\u0259l\u0259b\u0259d\u0259n dan\u0131\u015fa bilm\u0259y\u0259c\u0259yik. H\u0259l\u0259lik erm\u0259nil\u0259rin rus silah\u0131n\u0131n arxas\u0131nda gizl\u0259n\u0259r\u0259k o yerl\u0259rd\u0259 at oynatd\u0131qlar\u0131n\u0131 g\u00f6r\u00fcr\u00fck. H\u0259rbi cani Araikl\u0259 ba\u011fl\u0131 xeyli \u0259vv\u0259l cinay\u0259t i\u015fi a\u00e7\u0131l\u0131b, axtar\u0131\u015fa verilib, Ba\u015f Prokurorlu\u011fumuz onun tezlikl\u0259 h\u0259bs olunaca\u011f\u0131n\u0131 deyir.<\/p>\n<p><img src=\"https:\/\/upload.wikimedia.org\/wikipedia\/az\/6\/63\/Akif_Na%C4%9F%C4%B1.jpeg\" alt=\"Akif Na\u011f\u0131 \u2014 Vikipediya\" \/><\/p>\n<p><strong>Akif Na\u011f\u0131: \u201cRusiya ya bu m\u0259s\u0259l\u0259ni \u00f6z\u00fc h\u0259ll etm\u0259li, Az\u0259rbaycan bayra\u011f\u0131n\u0131n Xank\u0259ndind\u0259 dal\u011falanmas\u0131na \u015f\u0259rait yaratmal\u0131d\u0131r, ya da&#8230;\u201d<\/strong><\/p>\n<p>Amma h\u0259l\u0259 d\u0259 n\u0259tic\u0259 yoxdur, Araik orada s\u0259rb\u0259st \u015f\u0259kild\u0259 g\u0259zir, \u201dq\u0259rarlar&#8221; verir , \u201cislahatlar\u201d, \u201cqanunlar\u201d haqq\u0131nda dan\u0131\u015f\u0131r , xarici s\u0259f\u0259rl\u0259r edir v\u0259 sair. B\u00fct\u00fcn bunlar\u0131n qar\u015f\u0131s\u0131 al\u0131nmal\u0131, erm\u0259ni oyunlar\u0131na son qoyulmal\u0131d\u0131r. Bunun \u00fc\u00e7\u00fcn Rusiya h\u0259min \u0259razil\u0259rd\u0259n \u00e7\u0131xmal\u0131d\u0131r, 5 il g\u00f6zl\u0259m\u0259y\u0259 ehtiyac yoxdur. B\u00fct\u00fcn prosesl\u0259rin m\u0259rk\u0259zind\u0259 \u201cXank\u0259ndi m\u0259s\u0259l\u0259si\u201d dayanmal\u0131d\u0131r. Rusiya ya bu m\u0259s\u0259l\u0259ni \u00f6z\u00fc h\u0259ll etm\u0259li, Az\u0259rbaycan bayra\u011f\u0131n\u0131n Xank\u0259ndind\u0259 dal\u011falanmas\u0131na \u015f\u0259rait yaratmal\u0131d\u0131r, ya da k\u0259nara \u00e7\u0259kilm\u0259lidir ki, Az\u0259rbaycan \u00f6z i\u015fini g\u00f6rs\u00fcn&#8221;.<\/p>\n<p><img loading=\"lazy\" src=\"http:\/\/cdn.musavat.com\/news\/thumbnails\/c7975455734775347d7b788f5756e2e4.jpg\" alt=\"\u018fli Orucov: \u201cS\u0131ravi m\u00fcxalif\u0259t\u00e7il\u0259r partiya r\u0259hb\u0259rliyin\u0259, liderl\u0259rin\u0259  t\u0259zyiql\u0259ri art\u0131rmal\u0131d\u0131r\u201d\" width=\"702\" height=\"468\" \/><\/p>\n<p><strong>\u018fli Orucov: \u201cProsesl\u0259rin g\u0259tir\u0259c\u0259yi d\u0259yi\u015fiklik regiona, \u0259l\u0259lx\u00fcsus da Az\u0259rbaycana imkan v\u0259 f\u00fcrs\u0259t ver\u0259c\u0259k ki&#8230;\u201d<\/strong><\/p>\n<p><strong>Siyasi analitik \u018fli Orucov is\u0259 bildirdi ki, 44 g\u00fcnl\u00fck V\u0259t\u0259n m\u00fcharib\u0259sind\u0259 biz h\u0259qiq\u0259t\u0259n d\u0259 b\u00fct\u00f6v bir xalq, mill\u0259t olaraq yumruq kimi birl\u0259\u015f\u0259r\u0259k torpaqlar\u0131m\u0131z\u0131 erm\u0259ni i\u015f\u011fal\u0131ndan azad ed\u0259 bildik. Lakin erm\u0259nil\u0259rin xa\u00e7 atalar\u0131 imkan verm\u0259di ki, biz separat\u00e7\u0131lar\u0131 m\u00fcq\u0259dd\u0259s V\u0259t\u0259nimizd\u0259n b\u00fct\u00fcnl\u00fckl\u0259 v\u0259 h\u0259mi\u015f\u0259lik qovaq:<\/strong>\u00a0\u201cHalbuki buna \u00e7ox yax\u0131n idik. Haz\u0131rda 2-3 faiz Az\u0259rbaycan \u0259razisi Rusiya s\u00fclhm\u0259raml\u0131 kontingentinin n\u0259zar\u0259ti alt\u0131ndad\u0131r. M\u0259n he\u00e7 vaxt \u0259razil\u0259rimizin geri qaytar\u0131lmas\u0131 bar\u0259d\u0259 na\u00fcmid olmam\u0131\u015fam. H\u0259mi\u015f\u0259 inanm\u0131\u015fam ki, gec-tez biz g\u00fcc\u00fcm\u00fcz\u00fc v\u0259 q\u00fcdr\u0259timizi g\u00f6st\u0259r\u0259c\u0259yik. N\u0259inki Az\u0259rbaycan\u0131n beyn\u0259lxalq al\u0259m t\u0259r\u0259find\u0259n tan\u0131nan s\u0259rh\u0259dl\u0259ri\u00a0 il\u0259 ba\u011fl\u0131 problemin h\u0259ll olunaca\u011f\u0131na, h\u0259tta zaman-zaman itirilmi\u015f torpaqlar\u0131m\u0131z\u0131n da tarixi v\u0259 \u0259z\u0259li sahibl\u0259rin\u0259 qaytar\u0131laca\u011f\u0131na inanm\u0131\u015fam, \u00fcmid etmi\u015f\u0259m.<\/p>\n<p>Separat\u00e7\u0131lar\u0131n yuvas\u0131na \u00e7evril\u0259n Xank\u0259ndinin, biz\u0259 g\u00f6zda\u011f\u0131 veril\u0259n Xocal\u0131n\u0131n v\u0259 dig\u0259r \u0259razil\u0259rin d\u0259 n\u0259zar\u0259timiz\u0259 ke\u00e7m\u0259si zaman m\u0259s\u0259l\u0259sidir. Bu, h\u0259m d\u0259 Rusiyan\u0131n m\u00f6vqeyin\u0259 d\u0259 ba\u011fl\u0131d\u0131r. \u00c7\u00fcnki r\u0259smi Moskva C\u0259nubi Qafqaz\u0131n bu iki respublikas\u0131n\u0131 \u0259lind\u0259 saxlamaq v\u0259 onun Avroatlantik m\u0259kana inteqrasiyas\u0131n\u0131n qar\u015f\u0131s\u0131n\u0131n al\u0131nmas\u0131 \u00fc\u00e7\u00fcn bu kart\u0131 k\u00f6n\u00fcll\u00fc verm\u0259y\u0259c\u0259k. \u018fksin\u0259, t\u0259hl\u00fck\u0259si d\u0259 odur ki, Rusiya t\u0259cav\u00fczkara d\u0259st\u0259k verm\u0259kl\u0259 v\u0259 birba\u015fa, yaxud dolay\u0131s\u0131 il\u0259 t\u0259xribatlar t\u00f6r\u0259tm\u0259kl\u0259 zaman-zaman g\u0259rginlik yaradacaq. H\u0259tta dey\u0259rdim ki, m\u00fcnaqi\u015f\u0259ni yenid\u0259n alovland\u0131ra da bil\u0259r. Rusiyan\u0131n son ill\u0259r aqressiv v\u0259 davakar xarici siyas\u0259tind\u0259n bu g\u00fcn daha \u00e7ox ke\u00e7mi\u015f ittifaq respublikalar\u0131 \u0259ziyy\u0259t \u00e7\u0259kir. G\u0259rginlik ocaqlar\u0131n\u0131n say\u0131 Kremlin fitn\u0259si il\u0259 g\u00fcn-g\u00fcnd\u0259n art\u0131r. Etiraf etm\u0259k v\u0259 a\u00e7\u0131q dem\u0259k laz\u0131md\u0131r ki, Qaraba\u011fdak\u0131 b\u0259zi ya\u015fay\u0131\u015f m\u0259nt\u0259q\u0259l\u0259rinin, o c\u00fcml\u0259d\u0259n Xank\u0259ndinin \u00fcz\u0259rind\u0259 Az\u0259rbaycan bayra\u011f\u0131n\u0131n dal\u011faland\u0131r\u0131lmas\u0131 bir q\u0259d\u0259r m\u00fcr\u0259kk\u0259b m\u0259s\u0259l\u0259dir, amma m\u00fcmk\u00fcn olmayan da deyil. Bax\u0131n, Az\u0259rbaycan Respublikas\u0131 Ba\u015f Prokurorlu\u011fu terrorba\u015f\u0131 Araik Arutyunyan\u0131n h\u0259bs edil\u0259r\u0259k \u0259dal\u0259t m\u00fchakim\u0259si qar\u015f\u0131s\u0131na \u00e7\u0131xar\u0131lmas\u0131 \u00fc\u00e7\u00fcn haql\u0131 olaraq bar\u0259sind\u0259 axtar\u0131\u015f verib, lakin o, Rusiyan\u0131n himay\u0259si alt\u0131nda \u0259lini-qolunu sallay\u0131b g\u0259zir,\u00a0 \u00f6z\u00fcn\u00fc \u201cd\u00f6vl\u0259t ba\u015f\u0131s\u0131\u201d kimi apar\u0131r, \u0130r\u0259vana v\u0259 Moskvaya s\u0259f\u0259rl\u0259r edir. Dem\u0259k, Az\u0259rbaycan\u0131n 2-3 faiz d\u0259 olsa \u0259razisind\u0259 erm\u0259nil\u0259ri zorla m\u0259skunla\u015fd\u0131rmaqla onlar\u0131 himay\u0259 etm\u0259kl\u0259 buralardan rahatl\u0131qla getm\u0259y\u0259c\u0259yi mesaj\u0131n\u0131 verir.\u00a0 Hesab edir\u0259m ki, biz yenid\u0259n d\u0259mir yumruq kimi birl\u0259\u015f\u0259 bils\u0259k, yar\u0131m\u00e7\u0131q qalm\u0131\u015f i\u015fimizi tamamlaya bil\u0259rik. Bunun \u00fc\u00e7\u00fcn daxili v\u0259 xarici siyas\u0259timizi bu proses\u0259 y\u00f6n\u0259ltm\u0259liyik. Bu g\u00fcn regionda regiona bilavasit\u0259 t\u0259sir ed\u0259 bil\u0259c\u0259k prosesl\u0259r gedir. \u00dcmid ed\u0259k ki, bu prosesl\u0259rin g\u0259tir\u0259c\u0259yi d\u0259yi\u015fiklik regiona da, \u0259l\u0259lx\u00fcsus da Az\u0259rbaycana imkan v\u0259 f\u00fcrs\u0259t ver\u0259c\u0259k ki, bayra\u011f\u0131m\u0131z\u0131 Xank\u0259ndi, Xocal\u0131, \u018fsg\u0259ran v\u0259 dig\u0259r ya\u015fay\u0131\u015f m\u0259nt\u0259q\u0259l\u0259ri \u00fcz\u0259rind\u0259 dal\u011faland\u0131ra bil\u0259k&#8221;.<\/p>\n","protected":false},"excerpt":{"rendered":"<p>Az\u0259rbaycan\u0131n haz\u0131rda erm\u0259ni separat\u00e7\u0131lar\u0131n\u0131n yerl\u0259\u015fdiyi, s\u00fclhm\u0259raml\u0131lar\u0131n n\u0259zar\u0259tind\u0259 olan \u0259razil\u0259rind\u0259 suverenliyini b\u0259rpa el\u0259m\u0259si \u00f6lk\u0259 v\u0259 xalq olaraq qar\u015f\u0131m\u0131zda dayanan\u00a0 bir n\u00f6mr\u0259li m\u0259s\u0259l\u0259dir. Xocal\u0131 v\u0259 Xank\u0259ndnd\u0259 bayra\u011f\u0131m\u0131z\u0131 ucaltmaq h\u0259d\u0259fimizdir. Biz o h\u0259d\u0259fl\u0259r\u0259 n\u0259 zaman \u00e7ataca\u011f\u0131q, o tarixi \u015f\u0259h\u0259rl\u0259r\u0259 n\u0259 zaman qay\u0131daca\u011f\u0131q? Az\u0259rbaycan\u0131n bayra\u011f\u0131 Xocal\u0131da, Xank\u0259ndind\u0259 n\u0259 vaxt dal\u011falanacaq? Bununla ba\u011fl\u0131 Az\u0259rbaycan d\u00f6vl\u0259tinin g\u00f6rd\u00fcy\u00fc i\u015fl\u0259r \u00fcmidverici say\u0131la bil\u0259rmi? Erm\u0259nistanla dan\u0131\u015f\u0131qlar, Rusiya il\u0259 m\u00fczakir\u0259l\u0259r, T\u00fcrkiy\u0259 il\u0259 m\u0259sl\u0259h\u0259tl\u0259\u015fm\u0259 apar\u0131l\u0131rm\u0131? &nbsp; Qaraba\u011f Azadl\u0131q T\u0259\u015fkilat\u0131n\u0131n s\u0259dri Akif Na\u011f\u0131 bildirdi ki, d\u00f6vl\u0259t r\u0259hb\u0259rliyinin bu istiqam\u0259td\u0259\u00a0 hans\u0131 i\u015fl\u0259ri g\u00f6rd\u00fcy\u00fcn\u00fc d\u0259qiqlikl\u0259 bilm\u0259k m\u00fcmk\u00fcn deyil. Amma m\u00fc\u015fahid\u0259l\u0259rimiz g\u00f6st\u0259rir ki , Xank\u0259ndi&hellip;<\/p>\n","protected":false},"author":2,"featured_media":440129,"comment_status":"closed","ping_status":"closed","sticky":false,"template":"","format":"standard","meta":{"om_disable_all_campaigns":false,"_monsterinsights_skip_tracking":false,"_monsterinsights_sitenote_active":false,"_monsterinsights_sitenote_note":"","_monsterinsights_sitenote_category":0},"categories":[19],"tags":[],"aioseo_notices":[],"gutentor_comment":0,"rttpg_featured_image_url":{"full":["https:\/\/arantv.az\/wp-content\/uploads\/2022\/02\/e46475d6b8d751c6364fa38c7c9cba1d.jpg",450,300,false],"landscape":["https:\/\/arantv.az\/wp-content\/uploads\/2022\/02\/e46475d6b8d751c6364fa38c7c9cba1d.jpg",450,300,false],"portraits":["https:\/\/arantv.az\/wp-content\/uploads\/2022\/02\/e46475d6b8d751c6364fa38c7c9cba1d.jpg",450,300,false],"thumbnail":["https:\/\/arantv.az\/wp-content\/uploads\/2022\/02\/e46475d6b8d751c6364fa38c7c9cba1d-450x280.jpg",450,280,true],"medium":["https:\/\/arantv.az\/wp-content\/uploads\/2022\/02\/e46475d6b8d751c6364fa38c7c9cba1d.jpg",450,300,false],"large":["https:\/\/arantv.az\/wp-content\/uploads\/2022\/02\/e46475d6b8d751c6364fa38c7c9cba1d.jpg",450,300,false],"1536x1536":["https:\/\/arantv.az\/wp-content\/uploads\/2022\/02\/e46475d6b8d751c6364fa38c7c9cba1d.jpg",450,300,false],"2048x2048":["https:\/\/arantv.az\/wp-content\/uploads\/2022\/02\/e46475d6b8d751c6364fa38c7c9cba1d.jpg",450,300,false],"post-thumbnail":["https:\/\/arantv.az\/wp-content\/uploads\/2022\/02\/e46475d6b8d751c6364fa38c7c9cba1d-240x172.jpg",240,172,true],"advps-thumb-one":["https:\/\/arantv.az\/wp-content\/uploads\/2022\/02\/e46475d6b8d751c6364fa38c7c9cba1d.jpg",450,300,false]},"rttpg_author":{"display_name":"V\u00fcsal Rafiqo\u011flu","author_link":"https:\/\/arantv.az\/?author=2"},"rttpg_comment":0,"rttpg_category":"<a href=\"https:\/\/arantv.az\/?cat=19\" rel=\"category\">G\u00fcnd\u0259m<\/a>","rttpg_excerpt":"Az\u0259rbaycan\u0131n haz\u0131rda erm\u0259ni separat\u00e7\u0131lar\u0131n\u0131n yerl\u0259\u015fdiyi, s\u00fclhm\u0259raml\u0131lar\u0131n n\u0259zar\u0259tind\u0259 olan \u0259razil\u0259rind\u0259 suverenliyini b\u0259rpa el\u0259m\u0259si \u00f6lk\u0259 v\u0259 xalq olaraq qar\u015f\u0131m\u0131zda dayanan\u00a0 bir n\u00f6mr\u0259li m\u0259s\u0259l\u0259dir. Xocal\u0131 v\u0259 Xank\u0259ndnd\u0259 bayra\u011f\u0131m\u0131z\u0131 ucaltmaq h\u0259d\u0259fimizdir. Biz o h\u0259d\u0259fl\u0259r\u0259 n\u0259 zaman \u00e7ataca\u011f\u0131q, o tarixi \u015f\u0259h\u0259rl\u0259r\u0259 n\u0259 zaman qay\u0131daca\u011f\u0131q? Az\u0259rbaycan\u0131n bayra\u011f\u0131 Xocal\u0131da, Xank\u0259ndind\u0259 n\u0259 vaxt dal\u011falanacaq? Bununla ba\u011fl\u0131 Az\u0259rbaycan d\u00f6vl\u0259tinin g\u00f6rd\u00fcy\u00fc i\u015fl\u0259r \u00fcmidverici say\u0131la bil\u0259rmi?&hellip;","_links":{"self":[{"href":"https:\/\/arantv.az\/index.php?rest_route=\/wp\/v2\/posts\/440128"}],"collection":[{"href":"https:\/\/arantv.az\/index.php?rest_route=\/wp\/v2\/posts"}],"about":[{"href":"https:\/\/arantv.az\/index.php?rest_route=\/wp\/v2\/types\/post"}],"author":[{"embeddable":true,"href":"https:\/\/arantv.az\/index.php?rest_route=\/wp\/v2\/users\/2"}],"replies":[{"embeddable":true,"href":"https:\/\/arantv.az\/index.php?rest_route=%2Fwp%2Fv2%2Fcomments&post=440128"}],"version-history":[{"count":0,"href":"https:\/\/arantv.az\/index.php?rest_route=\/wp\/v2\/posts\/440128\/revisions"}],"wp:featuredmedia":[{"embeddable":true,"href":"https:\/\/arantv.az\/index.php?rest_route=\/wp\/v2\/media\/440129"}],"wp:attachment":[{"href":"https:\/\/arantv.az\/index.php?rest_route=%2Fwp%2Fv2%2Fmedia&parent=440128"}],"wp:term":[{"taxonomy":"category","embeddable":true,"href":"https:\/\/arantv.az\/index.php?rest_route=%2Fwp%2Fv2%2Fcategories&post=440128"},{"taxonomy":"post_tag","embeddable":true,"href":"https:\/\/arantv.az\/index.php?rest_route=%2Fwp%2Fv2%2Ftags&post=440128"}],"curies":[{"name":"wp","href":"https:\/\/api.w.org\/{rel}","templated":true}]}}