{"id":440131,"date":"2022-02-17T09:51:12","date_gmt":"2022-02-17T06:51:12","guid":{"rendered":"http:\/\/arantv.az\/?p=440131"},"modified":"2022-02-17T09:51:12","modified_gmt":"2022-02-17T06:51:12","slug":"yapon-d%c9%99nizi-sahill%c9%99rin%c9%99-guclu-qar-yagib-2-metr","status":"publish","type":"post","link":"https:\/\/arantv.az\/?p=440131","title":{"rendered":"Yapon d\u0259nizi sahill\u0259rin\u0259 g\u00fccl\u00fc qar ya\u011f\u0131b &#8211; 2 metr"},"content":{"rendered":"<p><strong>Yapon d\u0259nizi \u00fcz\u0259rind\u0259 m\u00fc\u015fahid\u0259 edil\u0259n soyuq hava k\u00fctl\u0259l\u0259ri n\u0259tic\u0259sind\u0259 Yaponiya sahill\u0259rin\u0259 g\u00fccl\u00fc qar ya\u011f\u0131b. Meteoroloqlar n\u0259qliyyat\u0131n h\u0259r\u0259k\u0259tind\u0259 fasil\u0259l\u0259r yaranaca\u011f\u0131 bar\u0259d\u0259 x\u0259b\u0259rdarl\u0131q edibl\u0259r.<\/strong><\/p>\n<p>AZ\u018fRTAC Yaponiya Meteorologiya Agentliyin\u0259 istinadla x\u0259b\u0259r verir ki, a\u015fa\u011f\u0131 hava t\u0259zyiqi g\u00fccl\u00fc qar\u0131n Tohoku regionundan \u00c7yuqoku regionuna do\u011fru h\u0259r\u0259k\u0259tin\u0259 s\u0259b\u0259b olub. Bildirilir ki, fevral\u0131n 17-d\u0259k olan son sutka \u0259rzind\u0259 Qifu v\u0259 Fukui prefekturalar\u0131na 60 santimetrd\u0259n \u00e7ox qar ya\u011f\u0131b. N\u0259tic\u0259d\u0259 Qifu prefekturas\u0131n\u0131n Sirakava k\u0259ndind\u0259 qar\u0131n qal\u0131nl\u0131\u011f\u0131 2 metr\u0259, Fukui prefekturas\u0131n\u0131n Ono \u015f\u0259h\u0259rind\u0259 is\u0259 1,23 metr\u0259 \u00e7at\u0131b.<\/p>\n<p>H\u0259m\u00e7inin qon\u015fuluqda yerl\u0259\u015f\u0259n Kanto regionuna da g\u00fccl\u00fc qar ya\u011faca\u011f\u0131 proqnozla\u015fd\u0131r\u0131l\u0131r.<\/p>\n<p>Qar s\u00fcr\u00fc\u015fm\u0259l\u0259ri bar\u0259d\u0259 x\u0259b\u0259rdarl\u0131q yayan agentlik s\u00fcr\u00fcc\u00fcl\u0259ri ehtiyatl\u0131 olma\u011fa \u00e7a\u011f\u0131r\u0131b. Eyni zamanda, \u0259razid\u0259 elektrik enerjisinin verili\u015find\u0259 fasil\u0259l\u0259r yaranaca\u011f\u0131 da bildirilib.<\/p>\n","protected":false},"excerpt":{"rendered":"<p>Yapon d\u0259nizi \u00fcz\u0259rind\u0259 m\u00fc\u015fahid\u0259 edil\u0259n soyuq hava k\u00fctl\u0259l\u0259ri n\u0259tic\u0259sind\u0259 Yaponiya sahill\u0259rin\u0259 g\u00fccl\u00fc qar ya\u011f\u0131b. Meteoroloqlar n\u0259qliyyat\u0131n h\u0259r\u0259k\u0259tind\u0259 fasil\u0259l\u0259r yaranaca\u011f\u0131 bar\u0259d\u0259 x\u0259b\u0259rdarl\u0131q edibl\u0259r. AZ\u018fRTAC Yaponiya Meteorologiya Agentliyin\u0259 istinadla x\u0259b\u0259r verir ki, a\u015fa\u011f\u0131 hava t\u0259zyiqi g\u00fccl\u00fc qar\u0131n Tohoku regionundan \u00c7yuqoku regionuna do\u011fru h\u0259r\u0259k\u0259tin\u0259 s\u0259b\u0259b olub. Bildirilir ki, fevral\u0131n 17-d\u0259k olan son sutka \u0259rzind\u0259 Qifu v\u0259 Fukui prefekturalar\u0131na 60 santimetrd\u0259n \u00e7ox qar ya\u011f\u0131b. N\u0259tic\u0259d\u0259 Qifu prefekturas\u0131n\u0131n Sirakava k\u0259ndind\u0259 qar\u0131n qal\u0131nl\u0131\u011f\u0131 2 metr\u0259, Fukui prefekturas\u0131n\u0131n Ono \u015f\u0259h\u0259rind\u0259 is\u0259 1,23 metr\u0259 \u00e7at\u0131b. H\u0259m\u00e7inin qon\u015fuluqda yerl\u0259\u015f\u0259n Kanto regionuna da g\u00fccl\u00fc qar ya\u011faca\u011f\u0131 proqnozla\u015fd\u0131r\u0131l\u0131r. Qar s\u00fcr\u00fc\u015fm\u0259l\u0259ri bar\u0259d\u0259&hellip;<\/p>\n","protected":false},"author":2,"featured_media":440132,"comment_status":"closed","ping_status":"closed","sticky":false,"template":"","format":"standard","meta":{"om_disable_all_campaigns":false,"_monsterinsights_skip_tracking":false,"_monsterinsights_sitenote_active":false,"_monsterinsights_sitenote_note":"","_monsterinsights_sitenote_category":0},"categories":[7],"tags":[],"aioseo_notices":[],"gutentor_comment":0,"rttpg_featured_image_url":{"full":["https:\/\/arantv.az\/wp-content\/uploads\/2022\/02\/306a92089f92cbc164aef851cbfc35d2.jpg",450,300,false],"landscape":["https:\/\/arantv.az\/wp-content\/uploads\/2022\/02\/306a92089f92cbc164aef851cbfc35d2.jpg",450,300,false],"portraits":["https:\/\/arantv.az\/wp-content\/uploads\/2022\/02\/306a92089f92cbc164aef851cbfc35d2.jpg",450,300,false],"thumbnail":["https:\/\/arantv.az\/wp-content\/uploads\/2022\/02\/306a92089f92cbc164aef851cbfc35d2-450x280.jpg",450,280,true],"medium":["https:\/\/arantv.az\/wp-content\/uploads\/2022\/02\/306a92089f92cbc164aef851cbfc35d2.jpg",450,300,false],"large":["https:\/\/arantv.az\/wp-content\/uploads\/2022\/02\/306a92089f92cbc164aef851cbfc35d2.jpg",450,300,false],"1536x1536":["https:\/\/arantv.az\/wp-content\/uploads\/2022\/02\/306a92089f92cbc164aef851cbfc35d2.jpg",450,300,false],"2048x2048":["https:\/\/arantv.az\/wp-content\/uploads\/2022\/02\/306a92089f92cbc164aef851cbfc35d2.jpg",450,300,false],"post-thumbnail":["https:\/\/arantv.az\/wp-content\/uploads\/2022\/02\/306a92089f92cbc164aef851cbfc35d2-240x172.jpg",240,172,true],"advps-thumb-one":["https:\/\/arantv.az\/wp-content\/uploads\/2022\/02\/306a92089f92cbc164aef851cbfc35d2.jpg",450,300,false]},"rttpg_author":{"display_name":"V\u00fcsal Rafiqo\u011flu","author_link":"https:\/\/arantv.az\/?author=2"},"rttpg_comment":0,"rttpg_category":"<a href=\"https:\/\/arantv.az\/?cat=7\" rel=\"category\">D\u00fcnya<\/a>","rttpg_excerpt":"Yapon d\u0259nizi \u00fcz\u0259rind\u0259 m\u00fc\u015fahid\u0259 edil\u0259n soyuq hava k\u00fctl\u0259l\u0259ri n\u0259tic\u0259sind\u0259 Yaponiya sahill\u0259rin\u0259 g\u00fccl\u00fc qar ya\u011f\u0131b. Meteoroloqlar n\u0259qliyyat\u0131n h\u0259r\u0259k\u0259tind\u0259 fasil\u0259l\u0259r yaranaca\u011f\u0131 bar\u0259d\u0259 x\u0259b\u0259rdarl\u0131q edibl\u0259r. AZ\u018fRTAC Yaponiya Meteorologiya Agentliyin\u0259 istinadla x\u0259b\u0259r verir ki, a\u015fa\u011f\u0131 hava t\u0259zyiqi g\u00fccl\u00fc qar\u0131n Tohoku regionundan \u00c7yuqoku regionuna do\u011fru h\u0259r\u0259k\u0259tin\u0259 s\u0259b\u0259b olub. Bildirilir ki, fevral\u0131n 17-d\u0259k olan son sutka \u0259rzind\u0259 Qifu v\u0259 Fukui prefekturalar\u0131na&hellip;","_links":{"self":[{"href":"https:\/\/arantv.az\/index.php?rest_route=\/wp\/v2\/posts\/440131"}],"collection":[{"href":"https:\/\/arantv.az\/index.php?rest_route=\/wp\/v2\/posts"}],"about":[{"href":"https:\/\/arantv.az\/index.php?rest_route=\/wp\/v2\/types\/post"}],"author":[{"embeddable":true,"href":"https:\/\/arantv.az\/index.php?rest_route=\/wp\/v2\/users\/2"}],"replies":[{"embeddable":true,"href":"https:\/\/arantv.az\/index.php?rest_route=%2Fwp%2Fv2%2Fcomments&post=440131"}],"version-history":[{"count":0,"href":"https:\/\/arantv.az\/index.php?rest_route=\/wp\/v2\/posts\/440131\/revisions"}],"wp:featuredmedia":[{"embeddable":true,"href":"https:\/\/arantv.az\/index.php?rest_route=\/wp\/v2\/media\/440132"}],"wp:attachment":[{"href":"https:\/\/arantv.az\/index.php?rest_route=%2Fwp%2Fv2%2Fmedia&parent=440131"}],"wp:term":[{"taxonomy":"category","embeddable":true,"href":"https:\/\/arantv.az\/index.php?rest_route=%2Fwp%2Fv2%2Fcategories&post=440131"},{"taxonomy":"post_tag","embeddable":true,"href":"https:\/\/arantv.az\/index.php?rest_route=%2Fwp%2Fv2%2Ftags&post=440131"}],"curies":[{"name":"wp","href":"https:\/\/api.w.org\/{rel}","templated":true}]}}