{"id":440151,"date":"2022-02-17T10:50:49","date_gmt":"2022-02-17T07:50:49","guid":{"rendered":"http:\/\/arantv.az\/?p=440151"},"modified":"2022-02-17T10:50:49","modified_gmt":"2022-02-17T07:50:49","slug":"%c9%99li-%c9%99s%c9%99dovdan-dovl%c9%99t-komit%c9%99sinin-mulki-iscil%c9%99rinin-maaslari-il%c9%99-bagli-q%c9%99rar","status":"publish","type":"post","link":"https:\/\/arantv.az\/?p=440151","title":{"rendered":"\u018fli \u018fs\u0259dovdan d\u00f6vl\u0259t komit\u0259sinin m\u00fclki i\u015f\u00e7il\u0259rinin maa\u015flar\u0131 il\u0259 ba\u011fl\u0131 Q\u018fRAR"},"content":{"rendered":"<p>\u0410z\u0259rbaycan Respublikas\u0131 D\u00f6vl\u0259t G\u00f6mr\u00fck Komit\u0259sinin d\u00f6vl\u0259t b\u00fcdc\u0259sind\u0259n maliyy\u0259l\u0259\u015fdiril\u0259n g\u00f6mr\u00fck orqanlar\u0131 v\u0259 t\u0259\u015fkilatlar\u0131n\u0131n d\u00f6vl\u0259t qulluq\u00e7usu olmayan m\u00fclki i\u015f\u00e7il\u0259rinin ayl\u0131q v\u0259zif\u0259 (tarif) maa\u015flar\u0131n\u0131n m\u0259bl\u0259\u011fl\u0259ri t\u0259sdiq edilib.<\/p>\n<p>Bununla ba\u011fl\u0131 q\u0259rar\u0131 Ba\u015f nazir \u018fli \u018fs\u0259dov\u00a0<a href=\"https:\/\/nk.gov.az\/az\/document\/5930\/\" target=\"_blank\" rel=\"noopener\">q\u0259rar<\/a>\u00a0imzalay\u0131b.<\/p>\n<div class=\"AdviadNativeVideo\"><\/div>\n<p>Q\u0259rara \u0259sas\u0259n, Az\u0259rbaycan Respublikas\u0131 D\u00f6vl\u0259t G\u00f6mr\u00fck Komit\u0259sinin sistemin\u0259 daxil olan d\u00f6vl\u0259t b\u00fcdc\u0259si v\u0259saiti hesab\u0131na saxlan\u0131lmayan g\u00f6mr\u00fck orqanlar\u0131 v\u0259 t\u0259\u015fkilatlar\u0131nda m\u00fclki i\u015f\u00e7il\u0259rin ayl\u0131q v\u0259zif\u0259 (tarif) maa\u015flar\u0131n\u0131n m\u0259bl\u0259\u011fi bu Q\u0259rar\u0131n \u0259lav\u0259sind\u0259 g\u00f6st\u0259ril\u0259n ayl\u0131q v\u0259zif\u0259 (tarif) maa\u015flar\u0131n\u0131n m\u0259bl\u0259\u011fi s\u0259viyy\u0259sind\u0259 D\u00f6vl\u0259t G\u00f6mr\u00fck Komit\u0259si t\u0259r\u0259find\u0259n t\u0259sdiq edilir.<\/p>\n<p>Bundan ba\u015fqa, Maliyy\u0259 Nazirliyi D\u00f6vl\u0259t G\u00f6mr\u00fck Komit\u0259sinin d\u00f6vl\u0259t b\u00fcdc\u0259sind\u0259n maliyy\u0259l\u0259\u015f\u0259n qurumlar\u0131n\u0131n d\u00f6vl\u0259t qulluq\u00e7usu olmayan m\u00fclki i\u015f\u00e7il\u0259rinin ayl\u0131q v\u0259zif\u0259 (tarif) maa\u015flar\u0131n\u0131n art\u0131m\u0131 il\u0259 \u0259laq\u0259dar t\u0259l\u0259b olunan \u0259lav\u0259 v\u0259saitin maliyy\u0259l\u0259\u015fdirilm\u0259sini Az\u0259rbaycan Respublikas\u0131n\u0131n 2022-ci ilin d\u00f6vl\u0259t b\u00fcdc\u0259sind\u0259 m\u00fcvafiq m\u0259qs\u0259dl\u0259r \u00fc\u00e7\u00fcn n\u0259z\u0259rd\u0259 tutulmu\u015f v\u0259sait hesab\u0131na h\u0259yata ke\u00e7irm\u0259lidir.<\/p>\n<p>Nax\u00e7\u0131van Muxtar Respublikas\u0131n\u0131n Nazirl\u0259r Kabinetin\u0259 Nax\u00e7\u0131van Muxtar Respublikas\u0131 D\u00f6vl\u0259t G\u00f6mr\u00fck Komit\u0259sinin d\u00f6vl\u0259t b\u00fcdc\u0259sind\u0259n maliyy\u0259l\u0259\u015fdiril\u0259n qurumlar\u0131n\u0131n d\u00f6vl\u0259t qulluq\u00e7usu olmayan m\u00fclki i\u015f\u00e7il\u0259rinin ayl\u0131q v\u0259zif\u0259 (tarif) maa\u015flar\u0131n\u0131n m\u0259bl\u0259\u011fl\u0259ri bar\u0259d\u0259 m\u00fcvafiq q\u0259rar q\u0259bul edilm\u0259si t\u00f6vsiy\u0259 olunub.<\/p>\n<p>Bu Q\u0259rar 2022-ci il yanvar\u0131n 1-d\u0259n t\u0259tbiq edilir.<\/p>\n","protected":false},"excerpt":{"rendered":"<p>\u0410z\u0259rbaycan Respublikas\u0131 D\u00f6vl\u0259t G\u00f6mr\u00fck Komit\u0259sinin d\u00f6vl\u0259t b\u00fcdc\u0259sind\u0259n maliyy\u0259l\u0259\u015fdiril\u0259n g\u00f6mr\u00fck orqanlar\u0131 v\u0259 t\u0259\u015fkilatlar\u0131n\u0131n d\u00f6vl\u0259t qulluq\u00e7usu olmayan m\u00fclki i\u015f\u00e7il\u0259rinin ayl\u0131q v\u0259zif\u0259 (tarif) maa\u015flar\u0131n\u0131n m\u0259bl\u0259\u011fl\u0259ri t\u0259sdiq edilib. Bununla ba\u011fl\u0131 q\u0259rar\u0131 Ba\u015f nazir \u018fli \u018fs\u0259dov\u00a0q\u0259rar\u00a0imzalay\u0131b. Q\u0259rara \u0259sas\u0259n, Az\u0259rbaycan Respublikas\u0131 D\u00f6vl\u0259t G\u00f6mr\u00fck Komit\u0259sinin sistemin\u0259 daxil olan d\u00f6vl\u0259t b\u00fcdc\u0259si v\u0259saiti hesab\u0131na saxlan\u0131lmayan g\u00f6mr\u00fck orqanlar\u0131 v\u0259 t\u0259\u015fkilatlar\u0131nda m\u00fclki i\u015f\u00e7il\u0259rin ayl\u0131q v\u0259zif\u0259 (tarif) maa\u015flar\u0131n\u0131n m\u0259bl\u0259\u011fi bu Q\u0259rar\u0131n \u0259lav\u0259sind\u0259 g\u00f6st\u0259ril\u0259n ayl\u0131q v\u0259zif\u0259 (tarif) maa\u015flar\u0131n\u0131n m\u0259bl\u0259\u011fi s\u0259viyy\u0259sind\u0259 D\u00f6vl\u0259t G\u00f6mr\u00fck Komit\u0259si t\u0259r\u0259find\u0259n t\u0259sdiq edilir. Bundan ba\u015fqa, Maliyy\u0259 Nazirliyi D\u00f6vl\u0259t G\u00f6mr\u00fck Komit\u0259sinin d\u00f6vl\u0259t b\u00fcdc\u0259sind\u0259n maliyy\u0259l\u0259\u015f\u0259n qurumlar\u0131n\u0131n d\u00f6vl\u0259t qulluq\u00e7usu olmayan m\u00fclki i\u015f\u00e7il\u0259rinin ayl\u0131q&hellip;<\/p>\n","protected":false},"author":2,"featured_media":440152,"comment_status":"closed","ping_status":"closed","sticky":false,"template":"","format":"standard","meta":{"om_disable_all_campaigns":false,"_monsterinsights_skip_tracking":false,"_monsterinsights_sitenote_active":false,"_monsterinsights_sitenote_note":"","_monsterinsights_sitenote_category":0},"categories":[19],"tags":[],"aioseo_notices":[],"gutentor_comment":0,"rttpg_featured_image_url":{"full":["https:\/\/arantv.az\/wp-content\/uploads\/2022\/02\/download-3.jpg",259,194,false],"landscape":["https:\/\/arantv.az\/wp-content\/uploads\/2022\/02\/download-3.jpg",259,194,false],"portraits":["https:\/\/arantv.az\/wp-content\/uploads\/2022\/02\/download-3.jpg",259,194,false],"thumbnail":["https:\/\/arantv.az\/wp-content\/uploads\/2022\/02\/download-3.jpg",259,194,false],"medium":["https:\/\/arantv.az\/wp-content\/uploads\/2022\/02\/download-3.jpg",259,194,false],"large":["https:\/\/arantv.az\/wp-content\/uploads\/2022\/02\/download-3.jpg",259,194,false],"1536x1536":["https:\/\/arantv.az\/wp-content\/uploads\/2022\/02\/download-3.jpg",259,194,false],"2048x2048":["https:\/\/arantv.az\/wp-content\/uploads\/2022\/02\/download-3.jpg",259,194,false],"post-thumbnail":["https:\/\/arantv.az\/wp-content\/uploads\/2022\/02\/download-3-240x172.jpg",240,172,true],"advps-thumb-one":["https:\/\/arantv.az\/wp-content\/uploads\/2022\/02\/download-3.jpg",259,194,false]},"rttpg_author":{"display_name":"V\u00fcsal Rafiqo\u011flu","author_link":"https:\/\/arantv.az\/?author=2"},"rttpg_comment":0,"rttpg_category":"<a href=\"https:\/\/arantv.az\/?cat=19\" rel=\"category\">G\u00fcnd\u0259m<\/a>","rttpg_excerpt":"\u0410z\u0259rbaycan Respublikas\u0131 D\u00f6vl\u0259t G\u00f6mr\u00fck Komit\u0259sinin d\u00f6vl\u0259t b\u00fcdc\u0259sind\u0259n maliyy\u0259l\u0259\u015fdiril\u0259n g\u00f6mr\u00fck orqanlar\u0131 v\u0259 t\u0259\u015fkilatlar\u0131n\u0131n d\u00f6vl\u0259t qulluq\u00e7usu olmayan m\u00fclki i\u015f\u00e7il\u0259rinin ayl\u0131q v\u0259zif\u0259 (tarif) maa\u015flar\u0131n\u0131n m\u0259bl\u0259\u011fl\u0259ri t\u0259sdiq edilib. Bununla ba\u011fl\u0131 q\u0259rar\u0131 Ba\u015f nazir \u018fli \u018fs\u0259dov\u00a0q\u0259rar\u00a0imzalay\u0131b. Q\u0259rara \u0259sas\u0259n, Az\u0259rbaycan Respublikas\u0131 D\u00f6vl\u0259t G\u00f6mr\u00fck Komit\u0259sinin sistemin\u0259 daxil olan d\u00f6vl\u0259t b\u00fcdc\u0259si v\u0259saiti hesab\u0131na saxlan\u0131lmayan g\u00f6mr\u00fck orqanlar\u0131 v\u0259 t\u0259\u015fkilatlar\u0131nda m\u00fclki i\u015f\u00e7il\u0259rin ayl\u0131q v\u0259zif\u0259 (tarif)&hellip;","_links":{"self":[{"href":"https:\/\/arantv.az\/index.php?rest_route=\/wp\/v2\/posts\/440151"}],"collection":[{"href":"https:\/\/arantv.az\/index.php?rest_route=\/wp\/v2\/posts"}],"about":[{"href":"https:\/\/arantv.az\/index.php?rest_route=\/wp\/v2\/types\/post"}],"author":[{"embeddable":true,"href":"https:\/\/arantv.az\/index.php?rest_route=\/wp\/v2\/users\/2"}],"replies":[{"embeddable":true,"href":"https:\/\/arantv.az\/index.php?rest_route=%2Fwp%2Fv2%2Fcomments&post=440151"}],"version-history":[{"count":0,"href":"https:\/\/arantv.az\/index.php?rest_route=\/wp\/v2\/posts\/440151\/revisions"}],"wp:featuredmedia":[{"embeddable":true,"href":"https:\/\/arantv.az\/index.php?rest_route=\/wp\/v2\/media\/440152"}],"wp:attachment":[{"href":"https:\/\/arantv.az\/index.php?rest_route=%2Fwp%2Fv2%2Fmedia&parent=440151"}],"wp:term":[{"taxonomy":"category","embeddable":true,"href":"https:\/\/arantv.az\/index.php?rest_route=%2Fwp%2Fv2%2Fcategories&post=440151"},{"taxonomy":"post_tag","embeddable":true,"href":"https:\/\/arantv.az\/index.php?rest_route=%2Fwp%2Fv2%2Ftags&post=440151"}],"curies":[{"name":"wp","href":"https:\/\/api.w.org\/{rel}","templated":true}]}}