{"id":440172,"date":"2022-02-17T11:11:48","date_gmt":"2022-02-17T08:11:48","guid":{"rendered":"http:\/\/arantv.az\/?p=440172"},"modified":"2022-02-17T11:11:48","modified_gmt":"2022-02-17T08:11:48","slug":"nazir-k%c9%99nd-t%c9%99s%c9%99rrufatinin-inkisafi-turizmin-inkisafina-t%c9%99kan-verir","status":"publish","type":"post","link":"https:\/\/arantv.az\/?p=440172","title":{"rendered":"Nazir: K\u0259nd t\u0259s\u0259rr\u00fcfat\u0131n\u0131n inki\u015faf\u0131 turizmin inki\u015faf\u0131na t\u0259kan verir"},"content":{"rendered":"<p>&#8220;K\u0259nd t\u0259s\u0259rr\u00fcfat\u0131n\u0131n inki\u015faf\u0131 t\u0259kc\u0259 elm, t\u0259hsil, m\u0259\u015f\u011fulluq, innovasiya, ticar\u0259t kimi sah\u0259l\u0259rin deyil, turizm kimi sah\u0259l\u0259rin inki\u015faf\u0131na da t\u0259kan verir. K\u0259nd turizminin daha da inki\u015faf etdirilm\u0259si regionlarda m\u0259\u015f\u011fulluq s\u0259viyy\u0259sinin artmas\u0131na, t\u0259s\u0259rr\u00fcfat sahibl\u0259rinin g\u0259lirl\u0259rinin \u00e7oxalmas\u0131na m\u00fcsb\u0259t t\u0259sir g\u00f6st\u0259r\u0259c\u0259k. H\u0259yata ke\u00e7irdiyimiz aqroekoturizm layih\u0259l\u0259ri pandemiya d\u00f6vr\u00fcnd\u0259 \u00e7\u0259tinlikl\u0259rl\u0259 \u00fczl\u0259\u015f\u0259n daxili turizmin yenid\u0259n canlanmas\u0131na \u00f6z t\u00f6hf\u0259sini ver\u0259c\u0259k&#8221;.<\/p>\n<p><strong>ARANTV.AZ\u00a0 x\u0259b\u0259r verir ki,<\/strong>\u00a0bunu &#8220;Az\u0259rbaycanda k\u0259nd yerl\u0259rinin inki\u015faf\u0131 v\u0259 Milli Aqroekoturizm Sisteminin yarad\u0131lmas\u0131&#8221; m\u00f6vzusunda Bak\u0131da ke\u00e7iril\u0259n seminarda \u00e7\u0131x\u0131\u00e7 ed\u0259n Az\u0259rbaycan\u0131n k\u0259nd t\u0259s\u0259rr\u00fcfat\u0131 naziri \u0130nam K\u0259rimov bildirib.<\/p>\n<p>Onun s\u00f6zl\u0259rin\u0259 g\u00f6r\u0259, K\u0259nd T\u0259s\u0259rr\u00fcfat\u0131 Nazirliyi t\u0259r\u0259find\u0259n bir ne\u00e7\u0259 ildir h\u0259yata ke\u00e7iril\u0259n &#8220;\u015e\u0259h\u0259rd\u0259n k\u0259nd\u0259&#8221; aqroekoturizm layih\u0259si \u00e7\u0259r\u00e7iv\u0259sind\u0259 b\u00f6lg\u0259l\u0259rd\u0259 onlarla aqroekoturizm obyektinin yarad\u0131lmas\u0131na d\u0259st\u0259k verilib. Qax, \u015e\u0259ki, \u0130smay\u0131ll\u0131, Balak\u0259n, L\u0259nk\u0259ran v\u0259 dig\u0259r rayonlarda m\u00fcasir t\u0259l\u0259bl\u0259r\u0259 cavab ver\u0259n aqroekoturizm obyektl\u0259ri f\u0259aliyy\u0259t g\u00f6st\u0259rir. &#8220;H\u0259min t\u0259s\u0259rr\u00fcfatlar\u0131n t\u0259msil\u00e7il\u0259ri il\u0259 apard\u0131\u011f\u0131m\u0131z t\u0259hlill\u0259rin analizi g\u00f6st\u0259rir ki, \u00f6lk\u0259mizd\u0259 k\u0259nd turizmin\u0259 maraq \u00e7ox b\u00f6y\u00fckd\u00fcr. \u015e\u0259h\u0259rl\u0259rd\u0259n ged\u0259n insanlar\u0131m\u0131z bu t\u0259s\u0259rr\u00fcfatlarda bir g\u00fcnl\u00fck olsa bel\u0259 k\u0259nd h\u0259yat\u0131 ya\u015fama\u011fa, ekoloji t\u0259miz k\u0259nd t\u0259s\u0259rr\u00fcfat\u0131 m\u0259hsullar\u0131n\u0131n dad\u0131na baxma\u011fa b\u00f6y\u00fck maraq g\u00f6st\u0259rirl\u0259r. Eyni zamanda karantin t\u0259dbirl\u0259rinin yum\u015fald\u0131lmas\u0131 il\u0259 \u00f6lk\u0259miz\u0259 g\u0259l\u0259n turistl\u0259rin say\u0131 \u00e7oxalmaqdad\u0131r. Turistl\u0259r t\u0259kc\u0259 m\u00fcasir v\u0259 tarixi ornamentl\u0259r\u0259 malik \u015f\u0259h\u0259rl\u0259r\u0259 deyil, z\u0259ngin m\u0259d\u0259niyy\u0259ti, g\u00f6z\u0259l t\u0259bi\u0259ti v\u0259 m\u00fcasir infrastrukturu olan regionlar\u0131m\u0131za da s\u0259f\u0259r edirl\u0259r. Bu potensial\u0131n aqrar sah\u0259 il\u0259 \u0259laq\u0259l\u0259ndirilm\u0259si regionlar\u0131m\u0131zda turizmin inki\u015faf\u0131na \u0259lav\u0259 t\u0259kan ver\u0259c\u0259k, rayon v\u0259 k\u0259ndl\u0259rimizin turizm potensial\u0131n\u0131n \u00fcz\u0259 \u00e7\u0131xar\u0131lmas\u0131 \u00fc\u00e7\u00fcn yeni imkanlar yaradacaq&#8221;, &#8211; \u0130. K\u0259rimov bildirib.<\/p>\n<p>Nazir qeyd edib ki, aqroekoturizm k\u0259nd t\u0259s\u0259rr\u00fcfat\u0131 v\u0259 turizm sektorlar\u0131n\u0131n k\u0259si\u015fm\u0259 n\u00f6qt\u0259sidir, birg\u0259 xidm\u0259t sah\u0259sidir. Bu h\u0259m d\u0259 fermerl\u0259r \u00fc\u00e7\u00fcn \u0259sasl\u0131 investisiya t\u0259l\u0259b etm\u0259y\u0259n, onlar \u00fc\u00e7\u00fcn yeni g\u0259lir m\u0259nb\u0259yi formala\u015fd\u0131rma\u011fa imkan ver\u0259n sah\u0259dir. Bu s\u0259b\u0259bd\u0259n Az\u0259rbaycanda f\u0259aliyy\u0259t g\u00f6st\u0259r\u0259n n\u00fcmun\u0259vi fermer t\u0259s\u0259rr\u00fcfatlar\u0131 h\u0259m d\u0259 turizm t\u0259klifl\u0259ri etm\u0259kl\u0259 aqroekoturizmin daha da canlanmas\u0131na \u00f6z t\u00f6hf\u0259l\u0259rini verirl\u0259r.<\/p>\n<p>&#8220;Az\u0259rbaycan\u0131n s\u0259fal\u0131 rayonlar\u0131na ged\u0259r\u0259k k\u0259nd \u015f\u0259raitind\u0259 m\u00fcv\u0259qq\u0259ti m\u0259skunla\u015fmaq, orada istehsal olunan m\u0259hsullardan dadmaq, istehsalat prosesind\u0259 yax\u0131ndan i\u015ftirak etm\u0259k &#8211; asud\u0259 vaxt\u0131 s\u0259m\u0259r\u0259li ke\u00e7irm\u0259yin \u0259n maraql\u0131 yoludur&#8221;, &#8211; nazir qeyd edib.<\/p>\n<p>\u0130. K\u0259rimovun s\u00f6zl\u0259rin\u0259 g\u00f6r\u0259, Az\u0259rbaycan\u0131n \u0259lveri\u015fli co\u011frafi m\u00f6vqed\u0259 yerl\u0259\u015fm\u0259si, z\u0259ngin biom\u00fcxt\u0259lifliy\u0259 v\u0259 ekosistem\u0259 h\u0259m\u00e7inin, m\u00fcasir infrastruktura malik olmas\u0131 aqrar turizmin inki\u015faf\u0131 \u00fc\u00e7\u00fcn m\u00fcnbit \u015f\u0259rait yarad\u0131r: &#8220;Bir s\u0131ra \u00f6lk\u0259l\u0259r art\u0131q bu sah\u0259d\u0259 b\u00f6y\u00fck t\u0259cr\u00fcb\u0259y\u0259 malikdirl\u0259r. Biz h\u0259min \u00f6lk\u0259l\u0259rin t\u0259cr\u00fcb\u0259sini \u00f6yr\u0259n\u0259r\u0259k \u0259n u\u011furlu modell\u0259rin yerl\u0259rd\u0259 t\u0259tbiqi \u0259n m\u00fch\u00fcm \u0259h\u0259miyy\u0259t k\u0259sb ed\u0259n m\u0259s\u0259l\u0259l\u0259rd\u0259n biridir&#8221;.<\/p>\n<p>Nazir xat\u0131rlad\u0131b ki, K\u0259nd T\u0259s\u0259rr\u00fcfat\u0131 Nazirliyi \u00f6lk\u0259d\u0259 aqroekoturizmin inki\u015faf\u0131 m\u0259qs\u0259dil\u0259 yerli v\u0259 beyn\u0259lxalq t\u0259\u015fkilatlarla, o c\u00fcml\u0259d\u0259n Avropa \u0130ttifaq\u0131 v\u0259 BMT-nin \u018frzaq v\u0259 K\u0259nd T\u0259s\u0259rr\u00fcfat\u0131 T\u0259\u015fkilat\u0131 kimi beyn\u0259lxalq t\u0259r\u0259fda\u015flarla \u0259m\u0259kda\u015fl\u0131q edir: &#8220;Bel\u0259 layih\u0259l\u0259rd\u0259n biri d\u0259 Avropa \u0130ttifaq\u0131n\u0131n d\u0259st\u0259yi il\u0259 h\u0259yata ke\u00e7iril\u0259n Tvinninq layih\u0259sidir. Bu istiqam\u0259td\u0259 Avropa \u0130ttifaq\u0131n\u0131n g\u00f6st\u0259rdiyi d\u0259st\u0259k \u00fcmumi i\u015fimiz\u0259 \u00f6z t\u00f6hf\u0259sini ver\u0259c\u0259k&#8221;.<\/p>\n<p>\u0130. K\u0259rimov h\u0259m\u00e7inin \u0259lav\u0259 edib ki, BMT-nin \u018frzaq v\u0259 K\u0259nd T\u0259s\u0259rr\u00fcfat\u0131 T\u0259\u015fkilat\u0131 (FAO) t\u0259r\u0259find\u0259n icra olunan v\u0259 Avropa \u0130ttifaq\u0131 t\u0259r\u0259find\u0259n maliyy\u0259l\u0259\u015fdiril\u0259n layih\u0259 \u00fczr\u0259 d\u0259 respublikan\u0131n \u015fimal-q\u0259rb regionlar\u0131nda aqroturizmin inki\u015faf\u0131 istiqam\u0259tind\u0259 m\u00fch\u00fcm i\u015fl\u0259r g\u00f6r\u00fclm\u0259kd\u0259dir: &#8220;Hesab edirik ki, k\u0259nd yerl\u0259rind\u0259 aqroturizm sektorunun inki\u015faf\u0131 \u00fczr\u0259 \u0259n yax\u015f\u0131 beyn\u0259lxalq t\u0259cr\u00fcb\u0259l\u0259rin \u00f6yr\u0259nilm\u0259si istiqam\u0259tind\u0259 beyn\u0259lxalq t\u0259\u015fkilatlarla \u0259m\u0259kda\u015fl\u0131qlar daha da inki\u015faf etdiril\u0259 bil\u0259r&#8221;.<\/p>\n","protected":false},"excerpt":{"rendered":"<p>&#8220;K\u0259nd t\u0259s\u0259rr\u00fcfat\u0131n\u0131n inki\u015faf\u0131 t\u0259kc\u0259 elm, t\u0259hsil, m\u0259\u015f\u011fulluq, innovasiya, ticar\u0259t kimi sah\u0259l\u0259rin deyil, turizm kimi sah\u0259l\u0259rin inki\u015faf\u0131na da t\u0259kan verir. K\u0259nd turizminin daha da inki\u015faf etdirilm\u0259si regionlarda m\u0259\u015f\u011fulluq s\u0259viyy\u0259sinin artmas\u0131na, t\u0259s\u0259rr\u00fcfat sahibl\u0259rinin g\u0259lirl\u0259rinin \u00e7oxalmas\u0131na m\u00fcsb\u0259t t\u0259sir g\u00f6st\u0259r\u0259c\u0259k. H\u0259yata ke\u00e7irdiyimiz aqroekoturizm layih\u0259l\u0259ri pandemiya d\u00f6vr\u00fcnd\u0259 \u00e7\u0259tinlikl\u0259rl\u0259 \u00fczl\u0259\u015f\u0259n daxili turizmin yenid\u0259n canlanmas\u0131na \u00f6z t\u00f6hf\u0259sini ver\u0259c\u0259k&#8221;. ARANTV.AZ\u00a0 x\u0259b\u0259r verir ki,\u00a0bunu &#8220;Az\u0259rbaycanda k\u0259nd yerl\u0259rinin inki\u015faf\u0131 v\u0259 Milli Aqroekoturizm Sisteminin yarad\u0131lmas\u0131&#8221; m\u00f6vzusunda Bak\u0131da ke\u00e7iril\u0259n seminarda \u00e7\u0131x\u0131\u00e7 ed\u0259n Az\u0259rbaycan\u0131n k\u0259nd t\u0259s\u0259rr\u00fcfat\u0131 naziri \u0130nam K\u0259rimov bildirib. Onun s\u00f6zl\u0259rin\u0259 g\u00f6r\u0259, K\u0259nd T\u0259s\u0259rr\u00fcfat\u0131 Nazirliyi t\u0259r\u0259find\u0259n bir ne\u00e7\u0259 ildir h\u0259yata ke\u00e7iril\u0259n &#8220;\u015e\u0259h\u0259rd\u0259n&hellip;<\/p>\n","protected":false},"author":2,"featured_media":440173,"comment_status":"closed","ping_status":"closed","sticky":false,"template":"","format":"standard","meta":{"om_disable_all_campaigns":false,"_monsterinsights_skip_tracking":false,"_monsterinsights_sitenote_active":false,"_monsterinsights_sitenote_note":"","_monsterinsights_sitenote_category":0},"categories":[19],"tags":[],"aioseo_notices":[],"gutentor_comment":0,"rttpg_featured_image_url":{"full":["https:\/\/arantv.az\/wp-content\/uploads\/2022\/02\/23716803164508196356909071710673613.jpg",975,540,false],"landscape":["https:\/\/arantv.az\/wp-content\/uploads\/2022\/02\/23716803164508196356909071710673613.jpg",975,540,false],"portraits":["https:\/\/arantv.az\/wp-content\/uploads\/2022\/02\/23716803164508196356909071710673613.jpg",975,540,false],"thumbnail":["https:\/\/arantv.az\/wp-content\/uploads\/2022\/02\/23716803164508196356909071710673613-500x280.jpg",500,280,true],"medium":["https:\/\/arantv.az\/wp-content\/uploads\/2022\/02\/23716803164508196356909071710673613-660x365.jpg",660,365,true],"large":["https:\/\/arantv.az\/wp-content\/uploads\/2022\/02\/23716803164508196356909071710673613-840x465.jpg",640,354,true],"1536x1536":["https:\/\/arantv.az\/wp-content\/uploads\/2022\/02\/23716803164508196356909071710673613.jpg",975,540,false],"2048x2048":["https:\/\/arantv.az\/wp-content\/uploads\/2022\/02\/23716803164508196356909071710673613.jpg",975,540,false],"post-thumbnail":["https:\/\/arantv.az\/wp-content\/uploads\/2022\/02\/23716803164508196356909071710673613-240x172.jpg",240,172,true],"advps-thumb-one":["https:\/\/arantv.az\/wp-content\/uploads\/2022\/02\/23716803164508196356909071710673613.jpg",975,540,false]},"rttpg_author":{"display_name":"V\u00fcsal Rafiqo\u011flu","author_link":"https:\/\/arantv.az\/?author=2"},"rttpg_comment":0,"rttpg_category":"<a href=\"https:\/\/arantv.az\/?cat=19\" rel=\"category\">G\u00fcnd\u0259m<\/a>","rttpg_excerpt":"&#8220;K\u0259nd t\u0259s\u0259rr\u00fcfat\u0131n\u0131n inki\u015faf\u0131 t\u0259kc\u0259 elm, t\u0259hsil, m\u0259\u015f\u011fulluq, innovasiya, ticar\u0259t kimi sah\u0259l\u0259rin deyil, turizm kimi sah\u0259l\u0259rin inki\u015faf\u0131na da t\u0259kan verir. K\u0259nd turizminin daha da inki\u015faf etdirilm\u0259si regionlarda m\u0259\u015f\u011fulluq s\u0259viyy\u0259sinin artmas\u0131na, t\u0259s\u0259rr\u00fcfat sahibl\u0259rinin g\u0259lirl\u0259rinin \u00e7oxalmas\u0131na m\u00fcsb\u0259t t\u0259sir g\u00f6st\u0259r\u0259c\u0259k. H\u0259yata ke\u00e7irdiyimiz aqroekoturizm layih\u0259l\u0259ri pandemiya d\u00f6vr\u00fcnd\u0259 \u00e7\u0259tinlikl\u0259rl\u0259 \u00fczl\u0259\u015f\u0259n daxili turizmin yenid\u0259n canlanmas\u0131na \u00f6z t\u00f6hf\u0259sini ver\u0259c\u0259k&#8221;. ARANTV.AZ\u00a0 x\u0259b\u0259r verir ki,\u00a0bunu&hellip;","_links":{"self":[{"href":"https:\/\/arantv.az\/index.php?rest_route=\/wp\/v2\/posts\/440172"}],"collection":[{"href":"https:\/\/arantv.az\/index.php?rest_route=\/wp\/v2\/posts"}],"about":[{"href":"https:\/\/arantv.az\/index.php?rest_route=\/wp\/v2\/types\/post"}],"author":[{"embeddable":true,"href":"https:\/\/arantv.az\/index.php?rest_route=\/wp\/v2\/users\/2"}],"replies":[{"embeddable":true,"href":"https:\/\/arantv.az\/index.php?rest_route=%2Fwp%2Fv2%2Fcomments&post=440172"}],"version-history":[{"count":0,"href":"https:\/\/arantv.az\/index.php?rest_route=\/wp\/v2\/posts\/440172\/revisions"}],"wp:featuredmedia":[{"embeddable":true,"href":"https:\/\/arantv.az\/index.php?rest_route=\/wp\/v2\/media\/440173"}],"wp:attachment":[{"href":"https:\/\/arantv.az\/index.php?rest_route=%2Fwp%2Fv2%2Fmedia&parent=440172"}],"wp:term":[{"taxonomy":"category","embeddable":true,"href":"https:\/\/arantv.az\/index.php?rest_route=%2Fwp%2Fv2%2Fcategories&post=440172"},{"taxonomy":"post_tag","embeddable":true,"href":"https:\/\/arantv.az\/index.php?rest_route=%2Fwp%2Fv2%2Ftags&post=440172"}],"curies":[{"name":"wp","href":"https:\/\/api.w.org\/{rel}","templated":true}]}}