{"id":440213,"date":"2022-02-17T13:37:32","date_gmt":"2022-02-17T10:37:32","guid":{"rendered":"http:\/\/arantv.az\/?p=440213"},"modified":"2022-02-17T13:37:32","modified_gmt":"2022-02-17T10:37:32","slug":"az%c9%99rbaycanda-d%c9%99hs%c9%99t-d%c9%99miryolundan-kecm%c9%99k-ist%c9%99y%c9%99n-s%c9%99xsi-masin-vurdu","status":"publish","type":"post","link":"https:\/\/arantv.az\/?p=440213","title":{"rendered":"Az\u0259rbaycanda D\u018fH\u015e\u018fT: D\u0259miryolundan ke\u00e7m\u0259k ist\u0259y\u0259n \u015f\u0259xsi ma\u015f\u0131n vurdu"},"content":{"rendered":"<p>K\u00fcrd\u0259mird\u0259 d\u0259mir yolundan ke\u00e7m\u0259k ist\u0259y\u0259n piyadan\u0131 qatar vurub.<\/p>\n<div class=\"AdviadNativeVideo\"><\/div>\n<p>\u201cReport\u201dun Yuxar\u0131 \u015eirvan b\u00fcrosu x\u0259b\u0259r verir ki, hadis\u0259 rayonun S\u0131\u011f\u0131rl\u0131 k\u0259ndind\u0259 qeyd\u0259 al\u0131n\u0131b.<\/p>\n<p>Bel\u0259 ki, k\u0259nd sakini, 44 ya\u015fl\u0131 Az\u0259r Afin o\u011flu Baba\u015fov d\u0259mir yolundan ke\u00e7m\u0259k ist\u0259y\u0259rk\u0259n onu qatar vurub.<\/p>\n<p>A\u011f\u0131r x\u0259sar\u0259t alan yaral\u0131 d\u0259rhal K\u00fcrd\u0259mir Rayon M\u0259rk\u0259zi X\u0259st\u0259xanas\u0131na apar\u0131l\u0131b. Yaral\u0131n\u0131n v\u0259ziyy\u0259ti a\u011f\u0131r oldu\u011fundan h\u0259kim n\u0259zar\u0259tin\u0259 g\u00f6t\u00fcr\u00fcl\u00fcb.<\/p>\n<p>Faktla ba\u011fl\u0131 ara\u015fd\u0131rma apar\u0131l\u0131r.<\/p>\n","protected":false},"excerpt":{"rendered":"<p>K\u00fcrd\u0259mird\u0259 d\u0259mir yolundan ke\u00e7m\u0259k ist\u0259y\u0259n piyadan\u0131 qatar vurub. \u201cReport\u201dun Yuxar\u0131 \u015eirvan b\u00fcrosu x\u0259b\u0259r verir ki, hadis\u0259 rayonun S\u0131\u011f\u0131rl\u0131 k\u0259ndind\u0259 qeyd\u0259 al\u0131n\u0131b. Bel\u0259 ki, k\u0259nd sakini, 44 ya\u015fl\u0131 Az\u0259r Afin o\u011flu Baba\u015fov d\u0259mir yolundan ke\u00e7m\u0259k ist\u0259y\u0259rk\u0259n onu qatar vurub. A\u011f\u0131r x\u0259sar\u0259t alan yaral\u0131 d\u0259rhal K\u00fcrd\u0259mir Rayon M\u0259rk\u0259zi X\u0259st\u0259xanas\u0131na apar\u0131l\u0131b. Yaral\u0131n\u0131n v\u0259ziyy\u0259ti a\u011f\u0131r oldu\u011fundan h\u0259kim n\u0259zar\u0259tin\u0259 g\u00f6t\u00fcr\u00fcl\u00fcb. Faktla ba\u011fl\u0131 ara\u015fd\u0131rma apar\u0131l\u0131r.<\/p>\n","protected":false},"author":2,"featured_media":297203,"comment_status":"closed","ping_status":"closed","sticky":false,"template":"","format":"standard","meta":{"om_disable_all_campaigns":false,"_monsterinsights_skip_tracking":false,"_monsterinsights_sitenote_active":false,"_monsterinsights_sitenote_note":"","_monsterinsights_sitenote_category":0},"categories":[5],"tags":[],"aioseo_notices":[],"gutentor_comment":0,"rttpg_featured_image_url":{"full":["https:\/\/arantv.az\/wp-content\/uploads\/2021\/02\/sekil-demir-yol.jpg",620,335,false],"landscape":["https:\/\/arantv.az\/wp-content\/uploads\/2021\/02\/sekil-demir-yol.jpg",620,335,false],"portraits":["https:\/\/arantv.az\/wp-content\/uploads\/2021\/02\/sekil-demir-yol.jpg",620,335,false],"thumbnail":["https:\/\/arantv.az\/wp-content\/uploads\/2021\/02\/sekil-demir-yol-150x150.jpg",150,150,true],"medium":["https:\/\/arantv.az\/wp-content\/uploads\/2021\/02\/sekil-demir-yol-300x162.jpg",300,162,true],"large":["https:\/\/arantv.az\/wp-content\/uploads\/2021\/02\/sekil-demir-yol.jpg",620,335,false],"1536x1536":["https:\/\/arantv.az\/wp-content\/uploads\/2021\/02\/sekil-demir-yol.jpg",620,335,false],"2048x2048":["https:\/\/arantv.az\/wp-content\/uploads\/2021\/02\/sekil-demir-yol.jpg",620,335,false],"post-thumbnail":["https:\/\/arantv.az\/wp-content\/uploads\/2021\/02\/sekil-demir-yol-240x172.jpg",240,172,true],"advps-thumb-one":["https:\/\/arantv.az\/wp-content\/uploads\/2021\/02\/sekil-demir-yol.jpg",620,335,false]},"rttpg_author":{"display_name":"V\u00fcsal Rafiqo\u011flu","author_link":"https:\/\/arantv.az\/?author=2"},"rttpg_comment":0,"rttpg_category":"<a href=\"https:\/\/arantv.az\/?cat=5\" rel=\"category\">Hadis\u0259<\/a>","rttpg_excerpt":"K\u00fcrd\u0259mird\u0259 d\u0259mir yolundan ke\u00e7m\u0259k ist\u0259y\u0259n piyadan\u0131 qatar vurub. \u201cReport\u201dun Yuxar\u0131 \u015eirvan b\u00fcrosu x\u0259b\u0259r verir ki, hadis\u0259 rayonun S\u0131\u011f\u0131rl\u0131 k\u0259ndind\u0259 qeyd\u0259 al\u0131n\u0131b. Bel\u0259 ki, k\u0259nd sakini, 44 ya\u015fl\u0131 Az\u0259r Afin o\u011flu Baba\u015fov d\u0259mir yolundan ke\u00e7m\u0259k ist\u0259y\u0259rk\u0259n onu qatar vurub. A\u011f\u0131r x\u0259sar\u0259t alan yaral\u0131 d\u0259rhal K\u00fcrd\u0259mir Rayon M\u0259rk\u0259zi X\u0259st\u0259xanas\u0131na apar\u0131l\u0131b. Yaral\u0131n\u0131n v\u0259ziyy\u0259ti a\u011f\u0131r oldu\u011fundan h\u0259kim n\u0259zar\u0259tin\u0259 g\u00f6t\u00fcr\u00fcl\u00fcb.&hellip;","_links":{"self":[{"href":"https:\/\/arantv.az\/index.php?rest_route=\/wp\/v2\/posts\/440213"}],"collection":[{"href":"https:\/\/arantv.az\/index.php?rest_route=\/wp\/v2\/posts"}],"about":[{"href":"https:\/\/arantv.az\/index.php?rest_route=\/wp\/v2\/types\/post"}],"author":[{"embeddable":true,"href":"https:\/\/arantv.az\/index.php?rest_route=\/wp\/v2\/users\/2"}],"replies":[{"embeddable":true,"href":"https:\/\/arantv.az\/index.php?rest_route=%2Fwp%2Fv2%2Fcomments&post=440213"}],"version-history":[{"count":0,"href":"https:\/\/arantv.az\/index.php?rest_route=\/wp\/v2\/posts\/440213\/revisions"}],"wp:featuredmedia":[{"embeddable":true,"href":"https:\/\/arantv.az\/index.php?rest_route=\/wp\/v2\/media\/297203"}],"wp:attachment":[{"href":"https:\/\/arantv.az\/index.php?rest_route=%2Fwp%2Fv2%2Fmedia&parent=440213"}],"wp:term":[{"taxonomy":"category","embeddable":true,"href":"https:\/\/arantv.az\/index.php?rest_route=%2Fwp%2Fv2%2Fcategories&post=440213"},{"taxonomy":"post_tag","embeddable":true,"href":"https:\/\/arantv.az\/index.php?rest_route=%2Fwp%2Fv2%2Ftags&post=440213"}],"curies":[{"name":"wp","href":"https:\/\/api.w.org\/{rel}","templated":true}]}}